{"id":53770,"date":"2025-12-29T04:10:20","date_gmt":"2025-12-29T10:10:20","guid":{"rendered":"https:\/\/informebajio.com.mx\/?p=53770"},"modified":"2025-12-29T04:10:20","modified_gmt":"2025-12-29T10:10:20","slug":"crece-empleo","status":"publish","type":"post","link":"https:\/\/informebajio.com.mx\/?p=53770","title":{"rendered":"Crece empleo"},"content":{"rendered":"<div>\n<p><span style=\"font-weight: 400;\">Registra Quer\u00e9taro crecimiento <\/span><span style=\"font-weight: 400;\">sostenido del empleo formal<\/span><\/p>\n<p><span style=\"font-weight: 400;\">De octubre de 2021 a noviembre de 2025, el estado acumul\u00f3 un crecimiento de 14% en empleos formales.<\/span><\/p>\n<p><span style=\"font-weight: 400;\">\u00a0<\/span><\/p>\n<p><span style=\"font-weight: 400;\">Nayeli Hern\u00e1ndez<\/span><\/p>\n<p><span style=\"font-weight: 400;\">Noticias<\/span><\/p>\n<p><span style=\"font-weight: 400;\">\u00a0<\/span><\/p>\n<p><span style=\"font-weight: 400;\">El secretario de Desarrollo Sustentable, Marco Antonio del Prete Tercero, destac\u00f3 que Quer\u00e9taro mantiene un crecimiento sostenido en materia de empleo, al se\u00f1alar que al inicio de la actual administraci\u00f3n se contaban 632 mil empleos formales registrados ante el Instituto Mexicano del Seguro Social (IMSS), cifra que para noviembre de 2025, ascendi\u00f3 a 724 mil.<\/span><\/p>\n<p><span style=\"font-weight: 400;\">El funcionario explic\u00f3 que, si bien diciembre suele registrar una baja estacional, el balance general es positivo, al colocar a la entidad como el sexto estado que m\u00e1s empleos per c\u00e1pita genera en 2025; adem\u00e1s Quer\u00e9taro se mantiene con el cuarto salario m\u00e1s alto del pa\u00eds y el tercer lugar nacional en formalidad laboral.<\/span><\/p>\n<p><span style=\"font-weight: 400;\">\u201cArrancamos la administraci\u00f3n con 632 mil empleos registrados en esta en esta administraci\u00f3n, y llevamos en 724 mil, falta el cierre de diciembre, que sabemos que diciembre va a haber una deca\u00edda, pero tenemos un un crecimiento de 14 por ciento de crecimiento desde octubre de 2021 a noviembre de 2025. Somos el sexto estado que m\u00e1s empleos per c\u00e1pita genera en 2025, nos mantenemos con el cuarto salario m\u00e1s alto del pa\u00eds, y el tercer estado con mayor formalidad laboral\u201d, destac\u00f3.<\/span><\/p>\n<p><span style=\"font-weight: 400;\">Detall\u00f3 que la tasa de formalidad en la entidad alcanza el 60.5 por ciento, calculada con base en las personas aseguradas ante el IMSS respecto a la poblaci\u00f3n econ\u00f3micamente activa ocupada.<\/span><\/p>\n<p><span style=\"font-weight: 400;\">Del Prete Tercero se\u00f1al\u00f3 que este desempe\u00f1o laboral est\u00e1 respaldado por la atracci\u00f3n de inversiones que, de octubre de 2021 a la fecha, se han concretado 200 nuevos proyectos de inversi\u00f3n.<\/span><\/p>\n<p><span style=\"font-weight: 400;\">\u201cVemos, por ejemplo, estados que son muy similares a Quer\u00e9taro y tiene 11 por ciento de formalidad. Entonces, vemos que Quer\u00e9taro est\u00e1 en el tercer lugar de formalidad ahora (\u2026) Llevamos 200 nuevos proyectos de inversi\u00f3n, que van a generar 55 mil empleos y 122 mil millones de pesos de inversi\u00f3n\u201d, precis\u00f3.<\/span><\/p>\n<p><span style=\"font-weight: 400;\">Finalmente, reconoci\u00f3 que existen ciclos econ\u00f3micos y ajustes en sectores como el manufacturero y el automotriz a nivel global; sin embargo, enfatiz\u00f3 que Quer\u00e9taro mantiene una tendencia positiva tanto en generaci\u00f3n de empleo como en formalidad laboral, lo que fortalece la estabilidad econ\u00f3mica del estado.<\/span><\/p>\n<\/div>\n<p><script>(function(d, s, id) {\n  var js, fjs = d.getElementsByTagName(s)[0];\n  if (d.getElementById(id)) return;\n  js = d.createElement(s); js.id = id;\n  js.src = \"\/\/connect.facebook.net\/es_LA\/sdk.js#xfbml=1&appId=546007945598485&version=v2.3\";\n  fjs.parentNode.insertBefore(js, fjs);\n}(document, 'script', 'facebook-jssdk'));<\/script><\/p>\n","protected":false},"excerpt":{"rendered":"<p>Registra Quer\u00e9taro crecimiento sostenido del empleo formal De octubre de 2021 a noviembre de 2025, el estado acumul\u00f3 un crecimiento de 14% en empleos formales. \u00a0 Nayeli Hern\u00e1ndez Noticias \u00a0 El secretario de Desarrollo Sustentable, Marco Antonio del Prete Tercero, destac\u00f3 que Quer\u00e9taro mantiene un crecimiento sostenido en materia de empleo, al se\u00f1alar que al [&hellip;]<\/p>\n","protected":false},"author":2,"featured_media":53771,"comment_status":"","ping_status":"","sticky":false,"template":"","format":"standard","meta":{"_monsterinsights_skip_tracking":false,"_monsterinsights_sitenote_active":false,"_monsterinsights_sitenote_note":"","_monsterinsights_sitenote_category":0,"footnotes":""},"categories":[4],"tags":[],"class_list":["post-53770","post","type-post","status-publish","format-standard","has-post-thumbnail","hentry","category-queretaro"],"_links":{"self":[{"href":"https:\/\/informebajio.com.mx\/index.php?rest_route=\/wp\/v2\/posts\/53770","targetHints":{"allow":["GET"]}}],"collection":[{"href":"https:\/\/informebajio.com.mx\/index.php?rest_route=\/wp\/v2\/posts"}],"about":[{"href":"https:\/\/informebajio.com.mx\/index.php?rest_route=\/wp\/v2\/types\/post"}],"author":[{"embeddable":true,"href":"https:\/\/informebajio.com.mx\/index.php?rest_route=\/wp\/v2\/users\/2"}],"replies":[{"embeddable":true,"href":"https:\/\/informebajio.com.mx\/index.php?rest_route=%2Fwp%2Fv2%2Fcomments&post=53770"}],"version-history":[{"count":0,"href":"https:\/\/informebajio.com.mx\/index.php?rest_route=\/wp\/v2\/posts\/53770\/revisions"}],"wp:featuredmedia":[{"embeddable":true,"href":"https:\/\/informebajio.com.mx\/index.php?rest_route=\/wp\/v2\/media\/53771"}],"wp:attachment":[{"href":"https:\/\/informebajio.com.mx\/index.php?rest_route=%2Fwp%2Fv2%2Fmedia&parent=53770"}],"wp:term":[{"taxonomy":"category","embeddable":true,"href":"https:\/\/informebajio.com.mx\/index.php?rest_route=%2Fwp%2Fv2%2Fcategories&post=53770"},{"taxonomy":"post_tag","embeddable":true,"href":"https:\/\/informebajio.com.mx\/index.php?rest_route=%2Fwp%2Fv2%2Ftags&post=53770"}],"curies":[{"name":"wp","href":"https:\/\/api.w.org\/{rel}","templated":true}]}}