{"id":53776,"date":"2025-12-29T13:24:42","date_gmt":"2025-12-29T19:24:42","guid":{"rendered":"https:\/\/informebajio.com.mx\/?p=53776"},"modified":"2025-12-29T13:24:42","modified_gmt":"2025-12-29T19:24:42","slug":"el-arte-de-sentir-continua-abierta-al-publico-en-la-galeria-perimetral-del-parque-juan-h-sanchez","status":"publish","type":"post","link":"https:\/\/informebajio.com.mx\/?p=53776","title":{"rendered":"\u201cEL ARTE DE SENTIR\u201d CONTIN\u00daA ABIERTA AL P\u00daBLICO EN LA GALER\u00cdA PERIMETRAL DEL PARQUE JUAN H. S\u00c1NCHEZ"},"content":{"rendered":"<div>\n<p>La exposici\u00f3n fotogr\u00e1fica visibiliza el trabajo del IPACIDEVI y promueve la inclusi\u00f3n y la accesibilidad cultural en San Luis Potos\u00ed<\/p>\n<p>El Gobierno de la Capital y el DIF Municipal de San Luis Potos\u00ed, a trav\u00e9s de la Direcci\u00f3n de Cultura Municipal, mantienen abierta al p\u00fablico la exposici\u00f3n fotogr\u00e1fica \u201cEl arte de sentir\u201d, una muestra que invita a reflexionar sobre la inclusi\u00f3n, la diversidad y las distintas formas de percibir el mundo, a partir del trabajo cotidiano que realiza el Instituto para Ciegos y D\u00e9biles Visuales Ezequiel Hern\u00e1ndez Romo (IPACIDEVI).<\/p>\n<p>La exposici\u00f3n se presenta en la Galer\u00eda Perimetral del Parque Juan H. S\u00e1nchez, un espacio cultural al aire libre que permite el acceso libre a todas las personas interesadas en conocer esta propuesta visual, la cual forma parte de las actividades conmemorativas del D\u00eda Internacional de las Personas con Discapacidad y que contin\u00faa vigente para el disfrute de la ciudadan\u00eda.<\/p>\n<p>\u201cEl arte de sentir\u201d re\u00fane la obra fotogr\u00e1fica de Arody S\u00e1nchez Trejo y Mauricio Carrera Hern\u00e1ndez, quienes, desde una mirada sensible y comprometida, documentan las experiencias, los procesos y el acompa\u00f1amiento que brinda el IPACIDEVI a personas con ceguera o debilidad visual en la capital potosina. A trav\u00e9s de sus im\u00e1genes, la muestra busca generar empat\u00eda, visibilizar realidades y destacar la importancia de construir entornos m\u00e1s accesibles e incluyentes.<\/p>\n<figure class=\"wp-block-image aligncenter size-large is-resized\"><img fetchpriority=\"high\" decoding=\"async\" width=\"950\" height=\"546\" src=\"https:\/\/b559124.smushcdn.com\/559124\/wp-content\/uploads\/2025\/12\/1000108380-950x546.jpg?lossy=2&amp;strip=1&amp;webp=1\" alt=\"\" class=\"wp-image-211687\" style=\"width:696px;height:auto\" srcset=\"https:\/\/b559124.smushcdn.com\/559124\/wp-content\/uploads\/2025\/12\/1000108380-950x546.jpg?lossy=2&amp;strip=1&amp;webp=1 950w, https:\/\/b559124.smushcdn.com\/559124\/wp-content\/uploads\/2025\/12\/1000108380-600x345.jpg?lossy=2&amp;strip=1&amp;webp=1 600w, https:\/\/b559124.smushcdn.com\/559124\/wp-content\/uploads\/2025\/12\/1000108380-1536x883.jpg?lossy=2&amp;strip=1&amp;webp=1 1536w, https:\/\/b559124.smushcdn.com\/559124\/wp-content\/uploads\/2025\/12\/1000108380-scaled.jpg?lossy=2&amp;strip=1&amp;webp=1 1000w, https:\/\/b559124.smushcdn.com\/559124\/wp-content\/uploads\/2025\/12\/1000108380.jpg?size=160x92&amp;lossy=2&amp;strip=1&amp;webp=1 160w, https:\/\/b559124.smushcdn.com\/559124\/wp-content\/uploads\/2025\/12\/1000108380.jpg?size=320x184&amp;lossy=2&amp;strip=1&amp;webp=1 320w, https:\/\/b559124.smushcdn.com\/559124\/wp-content\/uploads\/2025\/12\/1000108380.jpg?size=480x276&amp;lossy=2&amp;strip=1&amp;webp=1 480w, https:\/\/b559124.smushcdn.com\/559124\/wp-content\/uploads\/2025\/12\/1000108380.jpg?size=800x460&amp;lossy=2&amp;strip=1&amp;webp=1 800w\" sizes=\"(max-width: 950px) 100vw, 950px\"\/><\/figure>\n<p>El proyecto pone en valor la labor comunitaria del IPACIDEVI, instituci\u00f3n que desde hace d\u00e9cadas trabaja en el desarrollo educativo, emocional y social de personas con discapacidad visual, impactando positivamente en la vida de miles de potosinas y potosinos. Actualmente, el instituto brinda atenci\u00f3n a m\u00e1s de diecis\u00e9is mil personas, lo que subraya la relevancia de fortalecer espacios culturales que fomenten la sensibilizaci\u00f3n y el di\u00e1logo social.<\/p>\n<p>El Director de Cultura Municipal, Mart\u00edn Ju\u00e1rez C\u00f3rdova, destac\u00f3 que esta exposici\u00f3n refrenda el compromiso del Gobierno de la Capital con una pol\u00edtica cultural incluyente, que reconoce la diversidad de capacidades y promueve el acceso al arte como un derecho fundamental. Se\u00f1al\u00f3 que \u201cEl arte de sentir\u201d es una invitaci\u00f3n a mirar m\u00e1s all\u00e1 de lo evidente y a comprender que la cultura tambi\u00e9n es una herramienta de transformaci\u00f3n social.<\/p>\n<p>Asimismo, la Presidenta del DIF Municipal, Estela Arriaga M\u00e1rquez, subray\u00f3 que la inclusi\u00f3n es una tarea permanente que se construye todos los d\u00edas. Reconoci\u00f3 el esfuerzo del personal, el consejo directivo y las personas voluntarias del IPACIDEVI, quienes, con su trabajo constante, contribuyen a formar una comunidad m\u00e1s justa, solidaria y humana.<\/p>\n<p>El Gobierno de la Capital y el DIF Municipal invitan a la poblaci\u00f3n en general a visitar la exposici\u00f3n \u201cEl arte de sentir\u201d, que contin\u00faa abierta en la Galer\u00eda Perimetral del Parque Juan H. S\u00e1nchez, y a sumarse a esta reflexi\u00f3n colectiva sobre la empat\u00eda, la inclusi\u00f3n y el reconocimiento de las distintas formas de vivir y sentir el mundo.<\/p>\n<figure class=\"wp-block-image aligncenter size-large is-resized\"><img loading=\"lazy\" decoding=\"async\" width=\"950\" height=\"549\" src=\"https:\/\/b559124.smushcdn.com\/559124\/wp-content\/uploads\/2025\/12\/1000108382-950x549.jpg?lossy=2&amp;strip=1&amp;webp=1\" alt=\"\" class=\"wp-image-211688 lazyload\" style=\"--smush-placeholder-width: 950px; --smush-placeholder-aspect-ratio: 950\/549;width:702px;height:auto\" srcset=\"https:\/\/b559124.smushcdn.com\/559124\/wp-content\/uploads\/2025\/12\/1000108382-950x549.jpg?lossy=2&amp;strip=1&amp;webp=1 950w, https:\/\/b559124.smushcdn.com\/559124\/wp-content\/uploads\/2025\/12\/1000108382-600x347.jpg?lossy=2&amp;strip=1&amp;webp=1 600w, https:\/\/b559124.smushcdn.com\/559124\/wp-content\/uploads\/2025\/12\/1000108382-1536x887.jpg?lossy=2&amp;strip=1&amp;webp=1 1536w, https:\/\/b559124.smushcdn.com\/559124\/wp-content\/uploads\/2025\/12\/1000108382-scaled.jpg?lossy=2&amp;strip=1&amp;webp=1 1000w, https:\/\/b559124.smushcdn.com\/559124\/wp-content\/uploads\/2025\/12\/1000108382.jpg?size=160x92&amp;lossy=2&amp;strip=1&amp;webp=1 160w, https:\/\/b559124.smushcdn.com\/559124\/wp-content\/uploads\/2025\/12\/1000108382.jpg?size=320x185&amp;lossy=2&amp;strip=1&amp;webp=1 320w, https:\/\/b559124.smushcdn.com\/559124\/wp-content\/uploads\/2025\/12\/1000108382.jpg?size=480x277&amp;lossy=2&amp;strip=1&amp;webp=1 480w, https:\/\/b559124.smushcdn.com\/559124\/wp-content\/uploads\/2025\/12\/1000108382.jpg?size=800x462&amp;lossy=2&amp;strip=1&amp;webp=1 800w\" data-sizes=\"auto\" data-original-sizes=\"(max-width: 950px) 100vw, 950px\"\/><\/figure>\n<\/p><\/div>\n<p><\/p>\n","protected":false},"excerpt":{"rendered":"<p>La exposici\u00f3n fotogr\u00e1fica visibiliza el trabajo del IPACIDEVI y promueve la inclusi\u00f3n y la accesibilidad cultural en San Luis Potos\u00ed El Gobierno de la Capital y el DIF Municipal de San Luis Potos\u00ed, a trav\u00e9s de la Direcci\u00f3n de Cultura Municipal, mantienen abierta al p\u00fablico la exposici\u00f3n fotogr\u00e1fica \u201cEl arte de sentir\u201d, una muestra que [&hellip;]<\/p>\n","protected":false},"author":2,"featured_media":53777,"comment_status":"","ping_status":"","sticky":false,"template":"","format":"standard","meta":{"_monsterinsights_skip_tracking":false,"_monsterinsights_sitenote_active":false,"_monsterinsights_sitenote_note":"","_monsterinsights_sitenote_category":0,"footnotes":""},"categories":[5],"tags":[],"class_list":["post-53776","post","type-post","status-publish","format-standard","has-post-thumbnail","hentry","category-san-luis-potosi"],"_links":{"self":[{"href":"https:\/\/informebajio.com.mx\/index.php?rest_route=\/wp\/v2\/posts\/53776","targetHints":{"allow":["GET"]}}],"collection":[{"href":"https:\/\/informebajio.com.mx\/index.php?rest_route=\/wp\/v2\/posts"}],"about":[{"href":"https:\/\/informebajio.com.mx\/index.php?rest_route=\/wp\/v2\/types\/post"}],"author":[{"embeddable":true,"href":"https:\/\/informebajio.com.mx\/index.php?rest_route=\/wp\/v2\/users\/2"}],"replies":[{"embeddable":true,"href":"https:\/\/informebajio.com.mx\/index.php?rest_route=%2Fwp%2Fv2%2Fcomments&post=53776"}],"version-history":[{"count":0,"href":"https:\/\/informebajio.com.mx\/index.php?rest_route=\/wp\/v2\/posts\/53776\/revisions"}],"wp:featuredmedia":[{"embeddable":true,"href":"https:\/\/informebajio.com.mx\/index.php?rest_route=\/wp\/v2\/media\/53777"}],"wp:attachment":[{"href":"https:\/\/informebajio.com.mx\/index.php?rest_route=%2Fwp%2Fv2%2Fmedia&parent=53776"}],"wp:term":[{"taxonomy":"category","embeddable":true,"href":"https:\/\/informebajio.com.mx\/index.php?rest_route=%2Fwp%2Fv2%2Fcategories&post=53776"},{"taxonomy":"post_tag","embeddable":true,"href":"https:\/\/informebajio.com.mx\/index.php?rest_route=%2Fwp%2Fv2%2Ftags&post=53776"}],"curies":[{"name":"wp","href":"https:\/\/api.w.org\/{rel}","templated":true}]}}