{"id":53780,"date":"2025-12-29T18:25:09","date_gmt":"2025-12-30T00:25:09","guid":{"rendered":"https:\/\/informebajio.com.mx\/?p=53780"},"modified":"2025-12-29T18:25:09","modified_gmt":"2025-12-30T00:25:09","slug":"se-analizan-reformas-a-ordenamientos-para-tipificar-de-manera-expresa-no-solo-la-sustraccion-sino-tambien-el-ocultamiento-y-la-retencion-de-menores-de-edad","status":"publish","type":"post","link":"https:\/\/informebajio.com.mx\/?p=53780","title":{"rendered":"SE ANALIZAN REFORMAS A ORDENAMIENTOS PARA TIPIFICAR DE MANERA EXPRESA NO SOLO LA SUSTRACCI\u00d3N, SINO TAMBI\u00c9N EL OCULTAMIENTO Y LA RETENCI\u00d3N DE MENORES DE EDAD"},"content":{"rendered":"<div>\n<p>LAS REFORMAS SON PARTE DE LA PROTECCI\u00d3N A LOS MENORES ANTE SITUACIONES ESPEC\u00cdFICAS<\/p>\n<p>Las Comisiones Primera y Segunda de Justicia del Congreso del Estado analizan una iniciativa de reforma al art\u00edculo 300 del C\u00f3digo Familiar del Estado, al art\u00edculo 25 de la Ley de los Derechos de las Ni\u00f1as, Ni\u00f1os y Adolescentes y a los art\u00edculos 159 y 160 del C\u00f3digo Penal del Estado para tipificar de manera expresa no solo la sustracci\u00f3n, sino tambi\u00e9n el ocultamiento y la retenci\u00f3n de menores de edad.<\/p>\n<p>El delito de sustracci\u00f3n de menores tiene como objetivo primordial sancionar aquellas conductas que vulneran la custodia, guarda y cuidado de las personas menores de edad, afectando no s\u00f3lo los derechos de quienes ejercen leg\u00edtimamente estas figuras, sino, sobre todo, el bienestar f\u00edsico, emocional y psicol\u00f3gico de los propios menores.<\/p>\n<p>No obstante, la redacci\u00f3n vigente del tipo penal referido suele contemplar \u00fanicamente el acto de sustracci\u00f3n, entendido como la acci\u00f3n de apartar o llevarse a una persona menor de edad de quien ejerce su custodia o guarda. Esta limitaci\u00f3n conceptual ha generado vac\u00edos legales y ha dificultado la adecuada persecuci\u00f3n de conductas igualmente lesivas, tales como el ocultamiento y la retenci\u00f3n.<\/p>\n<p>Se establece en la exposici\u00f3n de motivos que el ocultamiento implica mantener a la persona menor de edad en un lugar desconocido o inaccesible para quienes legalmente detentan su guarda o custodia, con el fin de impedir la localizaci\u00f3n y recuperaci\u00f3n del menor. La retenci\u00f3n, por su parte, se traduce en la negativa de devolver a la ni\u00f1a, ni\u00f1o o adolescente al tutor, madre, padre o persona legalmente responsable, aun cuando haya existido una entrega previa o se cuente con autorizaci\u00f3n temporal para convivencias o visitas.<\/p>\n<figure class=\"wp-block-image aligncenter size-full is-resized\"><img fetchpriority=\"high\" decoding=\"async\" width=\"936\" height=\"648\" src=\"https:\/\/b559124.smushcdn.com\/559124\/wp-content\/uploads\/2025\/12\/1000109030.jpg?lossy=2&amp;strip=1&amp;webp=1\" alt=\"\" class=\"wp-image-211729\" style=\"width:697px;height:auto\" srcset=\"https:\/\/b559124.smushcdn.com\/559124\/wp-content\/uploads\/2025\/12\/1000109030.jpg?lossy=2&amp;strip=1&amp;webp=1 936w, https:\/\/b559124.smushcdn.com\/559124\/wp-content\/uploads\/2025\/12\/1000109030.jpg?size=160x111&amp;lossy=2&amp;strip=1&amp;webp=1 160w, https:\/\/b559124.smushcdn.com\/559124\/wp-content\/uploads\/2025\/12\/1000109030.jpg?size=320x222&amp;lossy=2&amp;strip=1&amp;webp=1 320w, https:\/\/b559124.smushcdn.com\/559124\/wp-content\/uploads\/2025\/12\/1000109030.jpg?size=480x332&amp;lossy=2&amp;strip=1&amp;webp=1 480w, https:\/\/b559124.smushcdn.com\/559124\/wp-content\/uploads\/2025\/12\/1000109030.jpg?size=640x443&amp;lossy=2&amp;strip=1&amp;webp=1 640w, https:\/\/b559124.smushcdn.com\/559124\/wp-content\/uploads\/2025\/12\/1000109030.jpg?size=800x554&amp;lossy=2&amp;strip=1&amp;webp=1 800w\" sizes=\"(max-width: 936px) 100vw, 936px\"\/><\/figure>\n<p>Ambas conductas tienen la misma gravedad que la sustracci\u00f3n, pues impiden el ejercicio efectivo de los derechos de custodia y cuidado, adem\u00e1s de generar graves consecuencias emocionales y psicol\u00f3gicas en las y los menores, quienes se ven privados de la estabilidad, seguridad y entorno familiar que requieren para su desarrollo integral.<\/p>\n<p>Por ello, se propone establecer en el art\u00edculo 160 del C\u00f3digo Penal que, \u201ccomete el delito de sustracci\u00f3n, retenci\u00f3n u ocultamiento de persona menor, o incapaz, cuando la conducta se\u00f1alada en el art\u00edculo anterior, la realice el ascendiente, descendiente, c\u00f3nyuge o pariente colateral o af\u00edn hasta el cuarto grado, que no ejerza la patria potestad; la tutela; la guarda o custodia de hecho o por derecho, de la persona menor, o incapaz.<\/p>\n<p>Este delito se sancionar\u00e1 con una pena de cuatro a doce a\u00f1os de prisi\u00f3n y sanci\u00f3n pecuniaria de cuatrocientos a mil doscientos d\u00edas del valor de la unidad de medida de actualizaci\u00f3n as\u00ed como la reparaci\u00f3n del da\u00f1o, adem\u00e1s se suspender\u00e1n los derechos del ascendiente sobre la v\u00edctima.<\/p>\n<p>Se impondr\u00e1n en una mitad las penas a que se refiere este art\u00edculo, al padre o la madre que retenga, oculte, sustraiga o cambie de su residencia habitual a su hijo menor o incapaz, con el fin de impedir que el otro ascendiente ejerza el derecho a convivir con su hijo o impedir la guarda y custodia.<\/p>\n<\/p><\/div>\n<p><\/p>\n","protected":false},"excerpt":{"rendered":"<p>LAS REFORMAS SON PARTE DE LA PROTECCI\u00d3N A LOS MENORES ANTE SITUACIONES ESPEC\u00cdFICAS Las Comisiones Primera y Segunda de Justicia del Congreso del Estado analizan una iniciativa de reforma al art\u00edculo 300 del C\u00f3digo Familiar del Estado, al art\u00edculo 25 de la Ley de los Derechos de las Ni\u00f1as, Ni\u00f1os y Adolescentes y a los [&hellip;]<\/p>\n","protected":false},"author":2,"featured_media":53781,"comment_status":"","ping_status":"","sticky":false,"template":"","format":"standard","meta":{"_monsterinsights_skip_tracking":false,"_monsterinsights_sitenote_active":false,"_monsterinsights_sitenote_note":"","_monsterinsights_sitenote_category":0,"footnotes":""},"categories":[5],"tags":[],"class_list":["post-53780","post","type-post","status-publish","format-standard","has-post-thumbnail","hentry","category-san-luis-potosi"],"_links":{"self":[{"href":"https:\/\/informebajio.com.mx\/index.php?rest_route=\/wp\/v2\/posts\/53780","targetHints":{"allow":["GET"]}}],"collection":[{"href":"https:\/\/informebajio.com.mx\/index.php?rest_route=\/wp\/v2\/posts"}],"about":[{"href":"https:\/\/informebajio.com.mx\/index.php?rest_route=\/wp\/v2\/types\/post"}],"author":[{"embeddable":true,"href":"https:\/\/informebajio.com.mx\/index.php?rest_route=\/wp\/v2\/users\/2"}],"replies":[{"embeddable":true,"href":"https:\/\/informebajio.com.mx\/index.php?rest_route=%2Fwp%2Fv2%2Fcomments&post=53780"}],"version-history":[{"count":0,"href":"https:\/\/informebajio.com.mx\/index.php?rest_route=\/wp\/v2\/posts\/53780\/revisions"}],"wp:featuredmedia":[{"embeddable":true,"href":"https:\/\/informebajio.com.mx\/index.php?rest_route=\/wp\/v2\/media\/53781"}],"wp:attachment":[{"href":"https:\/\/informebajio.com.mx\/index.php?rest_route=%2Fwp%2Fv2%2Fmedia&parent=53780"}],"wp:term":[{"taxonomy":"category","embeddable":true,"href":"https:\/\/informebajio.com.mx\/index.php?rest_route=%2Fwp%2Fv2%2Fcategories&post=53780"},{"taxonomy":"post_tag","embeddable":true,"href":"https:\/\/informebajio.com.mx\/index.php?rest_route=%2Fwp%2Fv2%2Ftags&post=53780"}],"curies":[{"name":"wp","href":"https:\/\/api.w.org\/{rel}","templated":true}]}}