{"id":53792,"date":"2025-12-30T14:27:49","date_gmt":"2025-12-30T20:27:49","guid":{"rendered":"https:\/\/informebajio.com.mx\/?p=53792"},"modified":"2025-12-30T14:27:49","modified_gmt":"2025-12-30T20:27:49","slug":"se-reformo-la-ley-de-la-cedh-para-ampliar-y-fortalecer-su-obligacion-en-materia-de-suplencia-aplicable-en-casos-de-impedimento-para-presentar-quejas-dip-marco-antonio-gama-basarte","status":"publish","type":"post","link":"https:\/\/informebajio.com.mx\/?p=53792","title":{"rendered":"SE REFORM\u00d3 LA LEY DE LA CEDH PARA AMPLIAR Y FORTALECER SU OBLIGACI\u00d3N EN MATERIA DE SUPLENCIA APLICABLE EN CASOS DE IMPEDIMENTO PARA PRESENTAR QUEJAS: DIP. MARCO ANTONIO GAMA BASARTE"},"content":{"rendered":"<div>\n<p>SE IMPLEMENTA LA QUEJA ORAL EN CASO DE MENORES Y PERSONAS ANALFABETAS Y LA LABOR DE INT\u00c9RPRETES PARA LA PRESENTACI\u00d3N DE QUEJAS, EN EL CASO DE PERSONAS QUE NO HABLEN ESPA\u00d1OL<\/p>\n<p>El pleno del Congreso del Estado aprob\u00f3 una iniciativa de reforma a la Ley de la Comisi\u00f3n Estatal de Derechos Humanos presentada por el diputado Marco Antonio Gama Basarte, para ampliar y fortalecer la obligaci\u00f3n de la Comisi\u00f3n Estatal de Derechos Humanos del Estado, en materia de suplencia aplicable en casos de impedimento para presentar quejas.<\/p>\n<p>Se implementa la queja oral en caso de menores y personas analfabetas y la labor de int\u00e9rpretes para la presentaci\u00f3n de quejas, en el caso de personas que no hablen espa\u00f1ol, especialmente para personas de pueblos originarios.<\/p>\n<p>En aplicaci\u00f3n del Principio Pro Homine, la CEDH obligatoriamente interpretar\u00e1 toda norma y situaci\u00f3n buscando el mayor beneficio para la persona humana que, en una relaci\u00f3n de competencia o litigio, se encuentre mayormente afectada en sus derechos humanos, o est\u00e9 en peor condici\u00f3n para defenderse, o para hacer efectivos sus derechos, ante lo cual debe aplicar, en todos los casos, la suplenciaen la deficiencia de la queja.<\/p>\n<figure class=\"wp-block-image aligncenter size-full is-resized\"><img fetchpriority=\"high\" decoding=\"async\" width=\"936\" height=\"648\" src=\"https:\/\/b559124.smushcdn.com\/559124\/wp-content\/uploads\/2025\/12\/1000109032.jpg?lossy=2&amp;strip=1&amp;webp=1\" alt=\"\" class=\"wp-image-211735\" style=\"width:660px;height:auto\" srcset=\"https:\/\/b559124.smushcdn.com\/559124\/wp-content\/uploads\/2025\/12\/1000109032.jpg?lossy=2&amp;strip=1&amp;webp=1 936w, https:\/\/b559124.smushcdn.com\/559124\/wp-content\/uploads\/2025\/12\/1000109032.jpg?size=160x111&amp;lossy=2&amp;strip=1&amp;webp=1 160w, https:\/\/b559124.smushcdn.com\/559124\/wp-content\/uploads\/2025\/12\/1000109032.jpg?size=320x222&amp;lossy=2&amp;strip=1&amp;webp=1 320w, https:\/\/b559124.smushcdn.com\/559124\/wp-content\/uploads\/2025\/12\/1000109032.jpg?size=480x332&amp;lossy=2&amp;strip=1&amp;webp=1 480w, https:\/\/b559124.smushcdn.com\/559124\/wp-content\/uploads\/2025\/12\/1000109032.jpg?size=640x443&amp;lossy=2&amp;strip=1&amp;webp=1 640w, https:\/\/b559124.smushcdn.com\/559124\/wp-content\/uploads\/2025\/12\/1000109032.jpg?size=800x554&amp;lossy=2&amp;strip=1&amp;webp=1 800w\" sizes=\"(max-width: 936px) 100vw, 936px\"\/><\/figure>\n<p>El objeto de esta iniciativa, es la aplicaci\u00f3n, de manera amplia y expresa, del principio citado, en el mecanismo de la queja, a ra\u00edz de la inobservancia de los derechos humanos. Se subraya la necesidad de la aplicaci\u00f3n de dicho criterio en la queja, debido a que, por ejemplo, las personas que enfrentan alg\u00fan tipo de vulnerabilidad, por sus condiciones, est\u00e1n mayormente expuestos a sufrir transgresiones en lo que se refiere a sus garant\u00edas fundamentales.<\/p>\n<p>En el caso de que los solicitantes sean menores de edad, o personas adultas que no puedan leer o escribir, las quejas puedan presentarse de manera oral. Y que en el caso de personas que no hablen espa\u00f1ol, o de personas de pueblos y comunidades ind\u00edgenas, la Comisi\u00f3n deber\u00e1 proporcionar una persona int\u00e9rprete de su lengua. Y, por \u00faltimo, para las personas con discapacidad auditiva, la Comisi\u00f3n deber\u00e1 de proporcionar una persona int\u00e9rprete de la lengua de se\u00f1as mexicanas.<\/p>\n<p>Busca la aplicaci\u00f3n, de manera amplia y expresa, del principio citado, en el mecanismo de la queja, a ra\u00edz de la inobservancia de los derechos humanos. Se debe de subrayar la necesidad de la aplicaci\u00f3n de dicho criterio en la queja, debido a que, por ejemplo, las personas que enfrentan alg\u00fan tipo de vulnerabilidad, por sus condiciones, est\u00e1n mayormente expuestos a sufrir transgresiones en lo que se refiere a sus garant\u00edas fundamentales.<\/p>\n<\/p><\/div>\n<p><\/p>\n","protected":false},"excerpt":{"rendered":"<p>SE IMPLEMENTA LA QUEJA ORAL EN CASO DE MENORES Y PERSONAS ANALFABETAS Y LA LABOR DE INT\u00c9RPRETES PARA LA PRESENTACI\u00d3N DE QUEJAS, EN EL CASO DE PERSONAS QUE NO HABLEN ESPA\u00d1OL El pleno del Congreso del Estado aprob\u00f3 una iniciativa de reforma a la Ley de la Comisi\u00f3n Estatal de Derechos Humanos presentada por el [&hellip;]<\/p>\n","protected":false},"author":2,"featured_media":53793,"comment_status":"","ping_status":"","sticky":false,"template":"","format":"standard","meta":{"_monsterinsights_skip_tracking":false,"_monsterinsights_sitenote_active":false,"_monsterinsights_sitenote_note":"","_monsterinsights_sitenote_category":0,"footnotes":""},"categories":[5],"tags":[],"class_list":["post-53792","post","type-post","status-publish","format-standard","has-post-thumbnail","hentry","category-san-luis-potosi"],"_links":{"self":[{"href":"https:\/\/informebajio.com.mx\/index.php?rest_route=\/wp\/v2\/posts\/53792","targetHints":{"allow":["GET"]}}],"collection":[{"href":"https:\/\/informebajio.com.mx\/index.php?rest_route=\/wp\/v2\/posts"}],"about":[{"href":"https:\/\/informebajio.com.mx\/index.php?rest_route=\/wp\/v2\/types\/post"}],"author":[{"embeddable":true,"href":"https:\/\/informebajio.com.mx\/index.php?rest_route=\/wp\/v2\/users\/2"}],"replies":[{"embeddable":true,"href":"https:\/\/informebajio.com.mx\/index.php?rest_route=%2Fwp%2Fv2%2Fcomments&post=53792"}],"version-history":[{"count":0,"href":"https:\/\/informebajio.com.mx\/index.php?rest_route=\/wp\/v2\/posts\/53792\/revisions"}],"wp:featuredmedia":[{"embeddable":true,"href":"https:\/\/informebajio.com.mx\/index.php?rest_route=\/wp\/v2\/media\/53793"}],"wp:attachment":[{"href":"https:\/\/informebajio.com.mx\/index.php?rest_route=%2Fwp%2Fv2%2Fmedia&parent=53792"}],"wp:term":[{"taxonomy":"category","embeddable":true,"href":"https:\/\/informebajio.com.mx\/index.php?rest_route=%2Fwp%2Fv2%2Fcategories&post=53792"},{"taxonomy":"post_tag","embeddable":true,"href":"https:\/\/informebajio.com.mx\/index.php?rest_route=%2Fwp%2Fv2%2Ftags&post=53792"}],"curies":[{"name":"wp","href":"https:\/\/api.w.org\/{rel}","templated":true}]}}