{"id":53794,"date":"2025-12-30T15:17:31","date_gmt":"2025-12-30T21:17:31","guid":{"rendered":"https:\/\/informebajio.com.mx\/?p=53794"},"modified":"2025-12-30T15:17:31","modified_gmt":"2025-12-30T21:17:31","slug":"dos-muertos-y-cuatros-heridos-graves-en-sjr","status":"publish","type":"post","link":"https:\/\/informebajio.com.mx\/?p=53794","title":{"rendered":"Dos muertos y cuatros heridos graves en SJR"},"content":{"rendered":"<div>\n<h2><span style=\"font-weight: 400;\">Fueron heridos con arma blanca, presuntamente derivado de\u00a0 una ri\u00f1a entre sujetos en situaci\u00f3n de calle, en el municipio de San Juan del R\u00edo<\/span><\/h2>\n<p><span style=\"font-weight: 400;\">Por Nicasio Mendoza\u00a0<\/span><\/p>\n<p><span style=\"font-weight: 400;\">Noticias\u00a0<\/span><\/p>\n<p><span style=\"font-weight: 400;\">Presuntamente derivado de\u00a0 una ri\u00f1a entre sujetos en situaci\u00f3n de calle,\u00a0 intoxicados por alguna sustancia t\u00f3xica, dos hombres terminaron muertos y cuatro personas m\u00e1s con heridas graves, entre ellos una mujer, todos con lesiones por arma blanca. Este violento hecho ocurri\u00f3 la madrugada de ayer lunes, al interior de una pensi\u00f3n de pesadas unidades,\u00a0 ubicada en la avenida Constituyentes, entre el\u00a0 fraccionamiento Valle de Oro y la colonia Santa Fe, en el municipio de San Juan del R\u00edo.\u00a0<\/span><\/p>\n<p><span style=\"font-weight: 400;\">Sobre el hecho trascendi\u00f3 que fue personal de un negocio de comida, quienes se percataron de una mujer y un hombre quienes a gritos ped\u00edan ayuda, en la esquina de Constituyentes y la calle 1 Poniente, en la colonia Valle\u00a0 de Oro, ya que se encontraban heridos por arma blanca, adem\u00e1s se dijo que estaban atados de manos con cinta canela y con un cable de una extensi\u00f3n el\u00e9ctrica.<\/span><\/p>\n<p><span style=\"font-weight: 400;\">Como primeros respondientes acudieron elementos de la Polic\u00eda Municipal de San Juan del R\u00edo, adem\u00e1s de Protecci\u00f3n Civil, seguidos por Bomberos Voluntarios en una ambulancia,\u00a0 quienes subieron a las personas heridas al carro m\u00e9dico.\u00a0<\/span><\/p>\n<p><span style=\"font-weight: 400;\">De inmediato en la zona se registr\u00f3 un fuerte operativo policial, en el que participaron Polic\u00edas Municipales, Polic\u00edas Estatales y\u00a0 personal de la Secretar\u00eda de la Defensa Nacional (SEDENA), por lo que el lugar qued\u00f3 blindado por el cerco policial.<\/span><\/p>\n<p><span style=\"font-weight: 400;\">Al hacer la inspecci\u00f3n del \u00e1rea, al interior de una caja encontraron a otros dos sujetos heridos por arma blanca, quienes fueron auxiliados y en una ambulancia de Cruz Roja trasladados al Hospital General, donde quedaron internados en estado grave. La minuciosa revisi\u00f3n continu\u00f3 en el lugar y tambi\u00e9n dentro de la caja seca, encontraron a dos sujetos sin vida.<\/span><\/p>\n<p><span style=\"font-weight: 400;\">La causa de la gresca se desconoce, pero se presume que varios sujetos se encontraban en el interior de la caja seca ingiriendo sustancias t\u00f3xicas y bebidas, por lo que ya en estado inconsciente un disgusto, culmin\u00f3 en golpes y lesiones con armas blancas, hasta llegar al asesinato de dos de ellos.<\/span><\/p>\n<p><span style=\"font-weight: 400;\">Ante el hecho, Polic\u00edas de Investigaci\u00f3n del Delito y m\u00e9dicos forenses, de la Fiscal\u00eda General del Estado de Quer\u00e9taro (FGEQ), arribaron al lugar,\u00a0 donde se enfocaron en realizar las primeras indagatorias de lo ocurrido y despu\u00e9s de varias horas de arduos trabajos para las diligencias correspondientes, los dos cad\u00e1veres fueron recuperados de la caja seca para su traslado a la morgue,\u00a0 donde se llevar\u00e1 a cabo la necropsia de ley.<\/span><\/p>\n<p><span style=\"font-weight: 400;\">Cabe hacer menci\u00f3n que en el lugar, tambi\u00e9n se manejaba una segunda versi\u00f3n, que refer\u00eda que los masculinos\u00a0 asesinados\u00a0 se encontraban degollados en el interior de una caja seca de un tracto, pero esta informaci\u00f3n no fue confirmada por las autoridades competentes.<\/span><\/p>\n<p><span style=\"font-weight: 400;\">Ante el acontecimiento antes descrito, en FGEQ, sede San Juan del R\u00edo, qued\u00f3 iniciada una\u00a0 Carpeta \u00danica de Investigaci\u00f3n, para conocer las verdaderas causas, que derivaron en la tragedia.<\/span><\/p>\n<p><img fetchpriority=\"high\" decoding=\"async\" class=\"alignnone size-medium wp-image-709123\" src=\"https:\/\/cdn.noticiasdequeretaro.com.mx\/wp-content\/uploads\/2025\/12\/30050956\/Dos-muertos-y-cuatros-heridos-graves-en-SJR-2-600x450.jpeg\" alt=\"\" width=\"600\" height=\"450\" srcset=\"https:\/\/cdn.noticiasdequeretaro.com.mx\/wp-content\/uploads\/2025\/12\/30050956\/Dos-muertos-y-cuatros-heridos-graves-en-SJR-2-600x450.jpeg 600w, https:\/\/cdn.noticiasdequeretaro.com.mx\/wp-content\/uploads\/2025\/12\/30050956\/Dos-muertos-y-cuatros-heridos-graves-en-SJR-2-1024x768.jpeg 1024w, https:\/\/cdn.noticiasdequeretaro.com.mx\/wp-content\/uploads\/2025\/12\/30050956\/Dos-muertos-y-cuatros-heridos-graves-en-SJR-2-300x225.jpeg 300w, https:\/\/cdn.noticiasdequeretaro.com.mx\/wp-content\/uploads\/2025\/12\/30050956\/Dos-muertos-y-cuatros-heridos-graves-en-SJR-2-768x576.jpeg 768w, https:\/\/cdn.noticiasdequeretaro.com.mx\/wp-content\/uploads\/2025\/12\/30050956\/Dos-muertos-y-cuatros-heridos-graves-en-SJR-2.jpeg 1280w\" sizes=\"(max-width: 600px) 100vw, 600px\"\/> <img loading=\"lazy\" decoding=\"async\" class=\"alignnone size-medium wp-image-709124\" src=\"https:\/\/cdn.noticiasdequeretaro.com.mx\/wp-content\/uploads\/2025\/12\/30050959\/Dos-muertos-y-cuatros-heridos-graves-en-SJR-1-600x338.jpg\" alt=\"\" width=\"600\" height=\"338\" srcset=\"https:\/\/cdn.noticiasdequeretaro.com.mx\/wp-content\/uploads\/2025\/12\/30050959\/Dos-muertos-y-cuatros-heridos-graves-en-SJR-1-600x338.jpg 600w, https:\/\/cdn.noticiasdequeretaro.com.mx\/wp-content\/uploads\/2025\/12\/30050959\/Dos-muertos-y-cuatros-heridos-graves-en-SJR-1-1024x576.jpg 1024w, https:\/\/cdn.noticiasdequeretaro.com.mx\/wp-content\/uploads\/2025\/12\/30050959\/Dos-muertos-y-cuatros-heridos-graves-en-SJR-1-300x169.jpg 300w, https:\/\/cdn.noticiasdequeretaro.com.mx\/wp-content\/uploads\/2025\/12\/30050959\/Dos-muertos-y-cuatros-heridos-graves-en-SJR-1-768x432.jpg 768w, https:\/\/cdn.noticiasdequeretaro.com.mx\/wp-content\/uploads\/2025\/12\/30050959\/Dos-muertos-y-cuatros-heridos-graves-en-SJR-1-1536x864.jpg 1536w, https:\/\/cdn.noticiasdequeretaro.com.mx\/wp-content\/uploads\/2025\/12\/30050959\/Dos-muertos-y-cuatros-heridos-graves-en-SJR-1.jpg 1600w\" sizes=\"auto, (max-width: 600px) 100vw, 600px\"\/> <img loading=\"lazy\" decoding=\"async\" class=\"alignnone size-medium wp-image-709125\" src=\"https:\/\/cdn.noticiasdequeretaro.com.mx\/wp-content\/uploads\/2025\/12\/30051004\/Dos-muertos-y-cuatros-heridos-graves-en-SJR-1-600x452.jpeg\" alt=\"\" width=\"600\" height=\"452\" srcset=\"https:\/\/cdn.noticiasdequeretaro.com.mx\/wp-content\/uploads\/2025\/12\/30051004\/Dos-muertos-y-cuatros-heridos-graves-en-SJR-1-600x452.jpeg 600w, https:\/\/cdn.noticiasdequeretaro.com.mx\/wp-content\/uploads\/2025\/12\/30051004\/Dos-muertos-y-cuatros-heridos-graves-en-SJR-1-1024x771.jpeg 1024w, https:\/\/cdn.noticiasdequeretaro.com.mx\/wp-content\/uploads\/2025\/12\/30051004\/Dos-muertos-y-cuatros-heridos-graves-en-SJR-1-300x226.jpeg 300w, https:\/\/cdn.noticiasdequeretaro.com.mx\/wp-content\/uploads\/2025\/12\/30051004\/Dos-muertos-y-cuatros-heridos-graves-en-SJR-1-768x578.jpeg 768w, https:\/\/cdn.noticiasdequeretaro.com.mx\/wp-content\/uploads\/2025\/12\/30051004\/Dos-muertos-y-cuatros-heridos-graves-en-SJR-1-1536x1156.jpeg 1536w, https:\/\/cdn.noticiasdequeretaro.com.mx\/wp-content\/uploads\/2025\/12\/30051004\/Dos-muertos-y-cuatros-heridos-graves-en-SJR-1.jpeg 1600w\" sizes=\"auto, (max-width: 600px) 100vw, 600px\"\/><\/p>\n<\/div>\n<p><script>(function(d, s, id) {\n  var js, fjs = d.getElementsByTagName(s)[0];\n  if (d.getElementById(id)) return;\n  js = d.createElement(s); js.id = id;\n  js.src = \"\/\/connect.facebook.net\/es_LA\/sdk.js#xfbml=1&appId=546007945598485&version=v2.3\";\n  fjs.parentNode.insertBefore(js, fjs);\n}(document, 'script', 'facebook-jssdk'));<\/script><\/p>\n","protected":false},"excerpt":{"rendered":"<p>Fueron heridos con arma blanca, presuntamente derivado de\u00a0 una ri\u00f1a entre sujetos en situaci\u00f3n de calle, en el municipio de San Juan del R\u00edo Por Nicasio Mendoza\u00a0 Noticias\u00a0 Presuntamente derivado de\u00a0 una ri\u00f1a entre sujetos en situaci\u00f3n de calle,\u00a0 intoxicados por alguna sustancia t\u00f3xica, dos hombres terminaron muertos y cuatro personas m\u00e1s con heridas graves, [&hellip;]<\/p>\n","protected":false},"author":2,"featured_media":53795,"comment_status":"","ping_status":"","sticky":false,"template":"","format":"standard","meta":{"_monsterinsights_skip_tracking":false,"_monsterinsights_sitenote_active":false,"_monsterinsights_sitenote_note":"","_monsterinsights_sitenote_category":0,"footnotes":""},"categories":[4],"tags":[],"class_list":["post-53794","post","type-post","status-publish","format-standard","has-post-thumbnail","hentry","category-queretaro"],"_links":{"self":[{"href":"https:\/\/informebajio.com.mx\/index.php?rest_route=\/wp\/v2\/posts\/53794","targetHints":{"allow":["GET"]}}],"collection":[{"href":"https:\/\/informebajio.com.mx\/index.php?rest_route=\/wp\/v2\/posts"}],"about":[{"href":"https:\/\/informebajio.com.mx\/index.php?rest_route=\/wp\/v2\/types\/post"}],"author":[{"embeddable":true,"href":"https:\/\/informebajio.com.mx\/index.php?rest_route=\/wp\/v2\/users\/2"}],"replies":[{"embeddable":true,"href":"https:\/\/informebajio.com.mx\/index.php?rest_route=%2Fwp%2Fv2%2Fcomments&post=53794"}],"version-history":[{"count":0,"href":"https:\/\/informebajio.com.mx\/index.php?rest_route=\/wp\/v2\/posts\/53794\/revisions"}],"wp:featuredmedia":[{"embeddable":true,"href":"https:\/\/informebajio.com.mx\/index.php?rest_route=\/wp\/v2\/media\/53795"}],"wp:attachment":[{"href":"https:\/\/informebajio.com.mx\/index.php?rest_route=%2Fwp%2Fv2%2Fmedia&parent=53794"}],"wp:term":[{"taxonomy":"category","embeddable":true,"href":"https:\/\/informebajio.com.mx\/index.php?rest_route=%2Fwp%2Fv2%2Fcategories&post=53794"},{"taxonomy":"post_tag","embeddable":true,"href":"https:\/\/informebajio.com.mx\/index.php?rest_route=%2Fwp%2Fv2%2Ftags&post=53794"}],"curies":[{"name":"wp","href":"https:\/\/api.w.org\/{rel}","templated":true}]}}