{"id":53796,"date":"2025-12-30T20:17:55","date_gmt":"2025-12-31T02:17:55","guid":{"rendered":"https:\/\/informebajio.com.mx\/?p=53796"},"modified":"2025-12-30T20:17:55","modified_gmt":"2025-12-31T02:17:55","slug":"ejerceran-delegaciones-municipales-194-mdp","status":"publish","type":"post","link":"https:\/\/informebajio.com.mx\/?p=53796","title":{"rendered":"Ejercer\u00e1n delegaciones municipales 194 mdp"},"content":{"rendered":"<div>\n<h2><span style=\"font-weight: 400;\">Se dar\u00e1 continuidad a programas como Apoyo Temporal que actualmente beneficia a 120 personas y Delegaci\u00f3n en Acci\u00f3n con el que este a\u00f1o se sumaron 200 jornadas<\/span><\/h2>\n<p><span style=\"font-weight: 400;\">Por Jahaira Lara\u00a0<\/span><\/p>\n<p><span style=\"font-weight: 400;\">Noticias\u00a0<\/span><\/p>\n<p>\u00a0<\/p>\n<p><span style=\"font-weight: 400;\">Cerca de 194 millones de pesos ejercer\u00e1n las delegaciones municipales de Quer\u00e9taro en el 2026, as\u00ed lo dio a conocer la titular de la Secretar\u00eda de Gesti\u00f3n Delegacional, Beatriz Le\u00f3n Sotelo.<\/span><\/p>\n<p><span style=\"font-weight: 400;\">Como parte del presupuesto, precis\u00f3,\u00a0 se contempla la contrataci\u00f3n de personal, la aplicaci\u00f3n de los programas municipales como Apoyo Temporal que actualmente concentra 120 personas que colaboran en las delegaciones, as\u00ed como las Jornadas de Delegaci\u00f3n en Acci\u00f3n.<\/span><\/p>\n<p><span style=\"font-weight: 400;\">\u201cLa aprobaci\u00f3n del presupuesto ya se hizo, son poco menos de 194 millones de pesos destinados a las delegaciones y donde se incluye la continuidad de programas como apoyo temporal que apoya a m\u00e1s de 120 personas que nos apoyan a tener limpia y bien cuidada la delegaci\u00f3n (\u2026) a partir de febrero est\u00e1 presupuestado la continuidad del programa, ya lo aprob\u00f3 Cabildo en su primera instancia para que pueda darse continuidad\u201d.<\/span><\/p>\n<p><span style=\"font-weight: 400;\">Por otra parte, Le\u00f3n Sotelo comparti\u00f3 que durante el a\u00f1o que concluye, se llevaron a cabo alrededor de 200 jornadas del programa Delegaci\u00f3n en Acci\u00f3n en diferentes puntos de la capital, a trav\u00e9s de las cuales se beneficio a 62 mil personas.<\/span><\/p>\n<p><span style=\"font-weight: 400;\">En este sentido, comparti\u00f3 que las delegaciones con mayores solicitudes son F\u00e9lix Osores Sotomayor, Epigmenio Gonz\u00e1lez y Felipe Carrillo Puerto por ser las que concentran el mayor n\u00famero de la poblaci\u00f3n; por lo que las solicitudes de servicio tambi\u00e9n van en funci\u00f3n de la delegaci\u00f3n.<\/span><\/p>\n<p><span style=\"font-weight: 400;\">Por lo que, en las de mauor poblaci\u00f3n la mayor\u00eda de las solicitudes que se realizan son para recolecci\u00f3n de residuos, rehabilitaci\u00f3n de parques y jardines, y seguridad; mientras que en el Centro Hist\u00f3rico al contar con una mayor cantidad de habitantes de la tercera edad, se pide el arreglo de banquetas y vialidades, o ciclov\u00edas.<\/span><\/p>\n<p><span style=\"font-weight: 400;\">Finalmente, record\u00f3 que a trav\u00e9s de las jornadas, se ofrecen servicios de salud, as\u00ed como recolecci\u00f3n de residuos, poda baja, limpia de parques y jardines, y se brinda atenci\u00f3n personalizada por parte de los delegados.<\/span><\/p>\n<\/div>\n<p><script>(function(d, s, id) {\n  var js, fjs = d.getElementsByTagName(s)[0];\n  if (d.getElementById(id)) return;\n  js = d.createElement(s); js.id = id;\n  js.src = \"\/\/connect.facebook.net\/es_LA\/sdk.js#xfbml=1&appId=546007945598485&version=v2.3\";\n  fjs.parentNode.insertBefore(js, fjs);\n}(document, 'script', 'facebook-jssdk'));<\/script><\/p>\n","protected":false},"excerpt":{"rendered":"<p>Se dar\u00e1 continuidad a programas como Apoyo Temporal que actualmente beneficia a 120 personas y Delegaci\u00f3n en Acci\u00f3n con el que este a\u00f1o se sumaron 200 jornadas Por Jahaira Lara\u00a0 Noticias\u00a0 \u00a0 Cerca de 194 millones de pesos ejercer\u00e1n las delegaciones municipales de Quer\u00e9taro en el 2026, as\u00ed lo dio a conocer la titular de [&hellip;]<\/p>\n","protected":false},"author":2,"featured_media":53797,"comment_status":"","ping_status":"","sticky":false,"template":"","format":"standard","meta":{"_monsterinsights_skip_tracking":false,"_monsterinsights_sitenote_active":false,"_monsterinsights_sitenote_note":"","_monsterinsights_sitenote_category":0,"footnotes":""},"categories":[4],"tags":[],"class_list":["post-53796","post","type-post","status-publish","format-standard","has-post-thumbnail","hentry","category-queretaro"],"_links":{"self":[{"href":"https:\/\/informebajio.com.mx\/index.php?rest_route=\/wp\/v2\/posts\/53796","targetHints":{"allow":["GET"]}}],"collection":[{"href":"https:\/\/informebajio.com.mx\/index.php?rest_route=\/wp\/v2\/posts"}],"about":[{"href":"https:\/\/informebajio.com.mx\/index.php?rest_route=\/wp\/v2\/types\/post"}],"author":[{"embeddable":true,"href":"https:\/\/informebajio.com.mx\/index.php?rest_route=\/wp\/v2\/users\/2"}],"replies":[{"embeddable":true,"href":"https:\/\/informebajio.com.mx\/index.php?rest_route=%2Fwp%2Fv2%2Fcomments&post=53796"}],"version-history":[{"count":0,"href":"https:\/\/informebajio.com.mx\/index.php?rest_route=\/wp\/v2\/posts\/53796\/revisions"}],"wp:featuredmedia":[{"embeddable":true,"href":"https:\/\/informebajio.com.mx\/index.php?rest_route=\/wp\/v2\/media\/53797"}],"wp:attachment":[{"href":"https:\/\/informebajio.com.mx\/index.php?rest_route=%2Fwp%2Fv2%2Fmedia&parent=53796"}],"wp:term":[{"taxonomy":"category","embeddable":true,"href":"https:\/\/informebajio.com.mx\/index.php?rest_route=%2Fwp%2Fv2%2Fcategories&post=53796"},{"taxonomy":"post_tag","embeddable":true,"href":"https:\/\/informebajio.com.mx\/index.php?rest_route=%2Fwp%2Fv2%2Ftags&post=53796"}],"curies":[{"name":"wp","href":"https:\/\/api.w.org\/{rel}","templated":true}]}}