{"id":53806,"date":"2025-12-31T11:22:37","date_gmt":"2025-12-31T17:22:37","guid":{"rendered":"https:\/\/informebajio.com.mx\/?p=53806"},"modified":"2025-12-31T11:22:37","modified_gmt":"2025-12-31T17:22:37","slug":"siempre-es-posible-la-redencion","status":"publish","type":"post","link":"https:\/\/informebajio.com.mx\/?p=53806","title":{"rendered":"SIEMPRE ES POSIBLE LA REDENCI\u00d3N"},"content":{"rendered":"<div>\n<p><span style=\"font-weight: 400;\">SIEMPRE ES POSIBLE LA REDENCI\u00d3N<\/span><\/p>\n<ul>\n<li style=\"font-weight: 400;\" aria-level=\"1\"><span style=\"font-weight: 400;\">P. Prisciliano Hern\u00e1ndez Ch\u00e1vez, CORC.<\/span><\/li>\n<\/ul>\n<p><span style=\"font-weight: 400;\">La humanidad ha caminado entre luces y sombras; la muerte pisa los talones a la vida, la verdad cuyo oponente es la mentira o el error; el bien hostigado por el mal; lo bello ignorado por el pseudoarte comercial.<\/span><\/p>\n<p><span style=\"font-weight: 400;\">Terminamos un a\u00f1o que se cierra con verdaderos desastres humanos, familiares, pol\u00edticos y sociales.<\/span><\/p>\n<p><span style=\"font-weight: 400;\">Parece que tantos pesares nos anegan sin posibilidad de soluci\u00f3n. La esperanza parece una completa y definitiva utop\u00eda, de \u2018ou-topos\u2019, sin lugar, un permanente no llegar a un final feliz.<\/span><\/p>\n<p><span style=\"font-weight: 400;\">Pero la \u00faltima y definitiva\u00a0 palabra no la tiene el hombre convertido en dios de s\u00ed mismo; m\u00e1s bien su autocracia, es su fracaso y el sin sentido que lo sume en el despertar\u00a0 de la nada.<\/span><\/p>\n<p><span style=\"font-weight: 400;\">Es posible la Redenci\u00f3n, as\u00ed con may\u00fascula. Porque la \u00faltima, definitiva, temporal, eterna y escatol\u00f3gica, es aqu\u00e9l que es la Palabra que humanado nos propone que usemos las dos alas del esp\u00edritu humano, la raz\u00f3n y la fe.<\/span><\/p>\n<p><span style=\"font-weight: 400;\">La raz\u00f3n es redimida por la fe; la memoria por la esperanza y la voluntad por la caridad o el amor a toda prueba.<\/span><\/p>\n<p><span style=\"font-weight: 400;\">Esta Palabra encarnada es el Hijo de Dios e Hijo de la Sant\u00edsima Virgen Mar\u00eda; el misterio de la encarnaci\u00f3n se une indisolublemente al misterio de la maternidad divina de Mar\u00eda Virgen. En ella se cumplieron la profec\u00eda, de la Almah-Virgen, de quien concebir\u00eda y dar\u00eda a luz a su hijo primog\u00e9nito\u2019 (cf Lc 2, 16-21), el Emmanuel, Dios con nosotros.<\/span><\/p>\n<p><span style=\"font-weight: 400;\">\u00a0\u2018Lo engendrado en ella es del Esp\u00edritu Santo. Dar\u00e1 a luz un hijo\u2019 (Mt 1, 20-21), como se le anunci\u00f3 a san Jos\u00e9 en sue\u00f1os, el hombre justo.<\/span><\/p>\n<p><span style=\"font-weight: 400;\">Al misterio de la maternidad divina de Mar\u00eda, \u2013 la Teot\u00f3kos= engendradora de Dios, definido por el Concilio de \u00c9feso (431)-, hace referencia san Pablo en la Carta a los G\u00e1latas (4,4): \u2018Al llegar la plenitud de los tiempos, Dios envi\u00f3 a su Hijo, nacido de mujer, nacido bajo la ley\u2019.<\/span><\/p>\n<p><span style=\"font-weight: 400;\">Todos necesitamos ser humildes y sinceros de coraz\u00f3n para reconocer al Redentor Jes\u00fas, y a su Madre Mar\u00eda, asociada\u00a0 a esta maravillosa e insustituible redenci\u00f3n de todo el g\u00e9nero humano.<\/span><\/p>\n<p><span style=\"font-weight: 400;\">Todav\u00eda es posible la Redenci\u00f3n de los que andan en peligro y en sombras de muerte y de nosotros bautizados que hemos dado la espalda a Jes\u00fas, a su Madre y a la Iglesia.<\/span><\/p>\n<p><span style=\"font-weight: 400;\">Hemos de seguir el camino de Mar\u00eda Sant\u00edsima para encontrarnos con el misterio de Dios, el misterio de aqu\u00e9l que es la Palabra y el Acontecimiento de salvaci\u00f3n.<\/span><\/p>\n<p><span style=\"font-weight: 400;\">Hemos de progresar en el conocimiento del coraz\u00f3n, que es la sabidur\u00eda de los santos (cf Papa Benedicto), y que nos sea propicio y nos bendiga (cf N\u00fam 6,25), en este A\u00f1o Nuevo que comienza, 2026.\u00a0<\/span><\/p>\n<p><span style=\"font-weight: 400;\">Que por intercesi\u00f3n de la Sant\u00edsima Virgen Mar\u00eda, Madre de Dios, -la Omnipotencia suplicante, como la invocaba san Bernardo-, nos alcance la Paz en todos los \u00f3rdenes.<\/span><\/p>\n<p><span style=\"font-weight: 400;\">Que nos alcance la Paz \u2018desarmada y desarmante\u2019, presencia y un camino\u2019, que cambie radicalmente nuestra conciencia humana, seg\u00fan el Papa Le\u00f3n XIV en su mensaje de A\u00f1o Nuevo, por la Jornada Mundial de la Paz, porque Jes\u00fas es Nuestra Paz (cf Ef 2,14).<\/span><\/p>\n<\/div>\n<p><script>(function(d, s, id) {\n  var js, fjs = d.getElementsByTagName(s)[0];\n  if (d.getElementById(id)) return;\n  js = d.createElement(s); js.id = id;\n  js.src = \"\/\/connect.facebook.net\/es_LA\/sdk.js#xfbml=1&appId=546007945598485&version=v2.3\";\n  fjs.parentNode.insertBefore(js, fjs);\n}(document, 'script', 'facebook-jssdk'));<\/script><\/p>\n","protected":false},"excerpt":{"rendered":"<p>SIEMPRE ES POSIBLE LA REDENCI\u00d3N P. Prisciliano Hern\u00e1ndez Ch\u00e1vez, CORC. La humanidad ha caminado entre luces y sombras; la muerte pisa los talones a la vida, la verdad cuyo oponente es la mentira o el error; el bien hostigado por el mal; lo bello ignorado por el pseudoarte comercial. Terminamos un a\u00f1o que se cierra [&hellip;]<\/p>\n","protected":false},"author":2,"featured_media":53807,"comment_status":"","ping_status":"","sticky":false,"template":"","format":"standard","meta":{"_monsterinsights_skip_tracking":false,"_monsterinsights_sitenote_active":false,"_monsterinsights_sitenote_note":"","_monsterinsights_sitenote_category":0,"footnotes":""},"categories":[4],"tags":[],"class_list":["post-53806","post","type-post","status-publish","format-standard","has-post-thumbnail","hentry","category-queretaro"],"_links":{"self":[{"href":"https:\/\/informebajio.com.mx\/index.php?rest_route=\/wp\/v2\/posts\/53806","targetHints":{"allow":["GET"]}}],"collection":[{"href":"https:\/\/informebajio.com.mx\/index.php?rest_route=\/wp\/v2\/posts"}],"about":[{"href":"https:\/\/informebajio.com.mx\/index.php?rest_route=\/wp\/v2\/types\/post"}],"author":[{"embeddable":true,"href":"https:\/\/informebajio.com.mx\/index.php?rest_route=\/wp\/v2\/users\/2"}],"replies":[{"embeddable":true,"href":"https:\/\/informebajio.com.mx\/index.php?rest_route=%2Fwp%2Fv2%2Fcomments&post=53806"}],"version-history":[{"count":0,"href":"https:\/\/informebajio.com.mx\/index.php?rest_route=\/wp\/v2\/posts\/53806\/revisions"}],"wp:featuredmedia":[{"embeddable":true,"href":"https:\/\/informebajio.com.mx\/index.php?rest_route=\/wp\/v2\/media\/53807"}],"wp:attachment":[{"href":"https:\/\/informebajio.com.mx\/index.php?rest_route=%2Fwp%2Fv2%2Fmedia&parent=53806"}],"wp:term":[{"taxonomy":"category","embeddable":true,"href":"https:\/\/informebajio.com.mx\/index.php?rest_route=%2Fwp%2Fv2%2Fcategories&post=53806"},{"taxonomy":"post_tag","embeddable":true,"href":"https:\/\/informebajio.com.mx\/index.php?rest_route=%2Fwp%2Fv2%2Ftags&post=53806"}],"curies":[{"name":"wp","href":"https:\/\/api.w.org\/{rel}","templated":true}]}}