{"id":53808,"date":"2025-12-31T16:22:51","date_gmt":"2025-12-31T22:22:51","guid":{"rendered":"https:\/\/informebajio.com.mx\/?p=53808"},"modified":"2025-12-31T16:22:51","modified_gmt":"2025-12-31T22:22:51","slug":"pri-recuperara-posiciones-rene-mejia","status":"publish","type":"post","link":"https:\/\/informebajio.com.mx\/?p=53808","title":{"rendered":"PRI recuperar\u00e1 posiciones: Ren\u00e9 Mej\u00eda"},"content":{"rendered":"<div>\n<p><span style=\"font-weight: 400;\">Diego Hern\u00e1ndez\u00a0<\/span><\/p>\n<p><span style=\"font-weight: 400;\">Noticias\u00a0<\/span><\/p>\n<p>\u00a0<\/p>\n<p><span style=\"font-weight: 400;\">Como parte de los c\u00e1lculos como instituto pol\u00edtico que tiene el PRI en Quer\u00e9taro es recuperar varias posiciones perdidas, asever\u00f3 Ren\u00e9 Mej\u00eda Montoya, dirigente estatal de Movimiento Territorial del partido, insisti\u00f3 que ser\u00e1 la agrupaci\u00f3n que va recuperar m\u00e1s espacios en comparaci\u00f3n a otras fuerzas pol\u00edticas.<\/span><\/p>\n<p><span style=\"font-weight: 400;\">\u201cEl PRI en Quer\u00e9taro, yo les puedo asegurar, con trabajo que est\u00e1 planeado, va a ser el partido que m\u00e1s espacios va a recuperar, va a recuperar m\u00e1s espacios que todos los dem\u00e1s partidos. De eso no tengan duda alguna. \u00bfHasta d\u00f3nde vamos a llegar? \u00bfHasta d\u00f3nde nos va a alcanzar? Ya es cuesti\u00f3n de nosotros\u201d.<\/span><\/p>\n<p><span style=\"font-weight: 400;\">El ex alcalde de Amealco de Bonfil destac\u00f3 que se ha trabajado de manera territorial y el PRI volvi\u00f3 a salir a las calles, destac\u00f3 que es una labor constante que han realizado para garantizar mayor di\u00e1logo con los queretanos y los vean como una opci\u00f3n atractiva para el 2027.<\/span><\/p>\n<p><span style=\"font-weight: 400;\">El ahora encargado de que el PRI tenga presencia en Quer\u00e9taro mencion\u00f3 que prev\u00e9n ser una de las fuerzas pol\u00edticas principales en la entidad, caso contrario a la actualidad, donde perdieron una posici\u00f3n en el Congreso Local y una regidur\u00eda en el municipio de Corregidora, actualmente son de los partidos minoritarios en la entidad.<\/span><\/p>\n<p><span style=\"font-weight: 400;\">Asimismo, se le pregunt\u00f3 a Ren\u00e9 Mej\u00eda sobre sus intenciones de contender por la gubernatura del estado, refiri\u00f3 que cualquier actor pol\u00edtico le gustar\u00eda ganar la posici\u00f3n, sin embargo, asever\u00f3 que se mantiene trabajando en el encargo que le dio el partido y no est\u00e1 pensando en esos supuestos.<\/span><\/p>\n<\/div>\n<p><script>(function(d, s, id) {\n  var js, fjs = d.getElementsByTagName(s)[0];\n  if (d.getElementById(id)) return;\n  js = d.createElement(s); js.id = id;\n  js.src = \"\/\/connect.facebook.net\/es_LA\/sdk.js#xfbml=1&appId=546007945598485&version=v2.3\";\n  fjs.parentNode.insertBefore(js, fjs);\n}(document, 'script', 'facebook-jssdk'));<\/script><\/p>\n","protected":false},"excerpt":{"rendered":"<p>Diego Hern\u00e1ndez\u00a0 Noticias\u00a0 \u00a0 Como parte de los c\u00e1lculos como instituto pol\u00edtico que tiene el PRI en Quer\u00e9taro es recuperar varias posiciones perdidas, asever\u00f3 Ren\u00e9 Mej\u00eda Montoya, dirigente estatal de Movimiento Territorial del partido, insisti\u00f3 que ser\u00e1 la agrupaci\u00f3n que va recuperar m\u00e1s espacios en comparaci\u00f3n a otras fuerzas pol\u00edticas. \u201cEl PRI en Quer\u00e9taro, yo [&hellip;]<\/p>\n","protected":false},"author":2,"featured_media":53809,"comment_status":"","ping_status":"","sticky":false,"template":"","format":"standard","meta":{"_monsterinsights_skip_tracking":false,"_monsterinsights_sitenote_active":false,"_monsterinsights_sitenote_note":"","_monsterinsights_sitenote_category":0,"footnotes":""},"categories":[4],"tags":[],"class_list":["post-53808","post","type-post","status-publish","format-standard","has-post-thumbnail","hentry","category-queretaro"],"_links":{"self":[{"href":"https:\/\/informebajio.com.mx\/index.php?rest_route=\/wp\/v2\/posts\/53808","targetHints":{"allow":["GET"]}}],"collection":[{"href":"https:\/\/informebajio.com.mx\/index.php?rest_route=\/wp\/v2\/posts"}],"about":[{"href":"https:\/\/informebajio.com.mx\/index.php?rest_route=\/wp\/v2\/types\/post"}],"author":[{"embeddable":true,"href":"https:\/\/informebajio.com.mx\/index.php?rest_route=\/wp\/v2\/users\/2"}],"replies":[{"embeddable":true,"href":"https:\/\/informebajio.com.mx\/index.php?rest_route=%2Fwp%2Fv2%2Fcomments&post=53808"}],"version-history":[{"count":0,"href":"https:\/\/informebajio.com.mx\/index.php?rest_route=\/wp\/v2\/posts\/53808\/revisions"}],"wp:featuredmedia":[{"embeddable":true,"href":"https:\/\/informebajio.com.mx\/index.php?rest_route=\/wp\/v2\/media\/53809"}],"wp:attachment":[{"href":"https:\/\/informebajio.com.mx\/index.php?rest_route=%2Fwp%2Fv2%2Fmedia&parent=53808"}],"wp:term":[{"taxonomy":"category","embeddable":true,"href":"https:\/\/informebajio.com.mx\/index.php?rest_route=%2Fwp%2Fv2%2Fcategories&post=53808"},{"taxonomy":"post_tag","embeddable":true,"href":"https:\/\/informebajio.com.mx\/index.php?rest_route=%2Fwp%2Fv2%2Ftags&post=53808"}],"curies":[{"name":"wp","href":"https:\/\/api.w.org\/{rel}","templated":true}]}}