{"id":53820,"date":"2026-01-01T11:35:18","date_gmt":"2026-01-01T17:35:18","guid":{"rendered":"https:\/\/informebajio.com.mx\/?p=53820"},"modified":"2026-01-01T11:35:18","modified_gmt":"2026-01-01T17:35:18","slug":"se-propone-declarar-el-5-de-septiembre-como-dia-del-docente-de-educacion-media-superior","status":"publish","type":"post","link":"https:\/\/informebajio.com.mx\/?p=53820","title":{"rendered":"SE PROPONE DECLARAR EL 5 DE SEPTIEMBRE COMO \u201cD\u00cdA DEL DOCENTE DE EDUCACI\u00d3N MEDIA SUPERIOR\u201d"},"content":{"rendered":"<div>\n<p>ES UN RECONOCIMIENTO A LAS MAESTRAS Y MAESTROS DE ESTE NIVEL: DIP. CRIS\u00d3GONO P\u00c9REZ L\u00d3PEZ<\/p>\n<p>El diputado Cris\u00f3gono P\u00e9rez L\u00f3pez propuso una iniciativa para declarar para el estado de San Luis Potos\u00ed, el d\u00eda 5 de septiembre como el \u201cD\u00eda del Docente de Educaci\u00f3n Media Superior\u201d.<\/p>\n<p>Indica que la educaci\u00f3n media superior, se refiere al nivel de bachillerato que sigue a la secundaria obligatoria, y que incluye opciones como el bachillerato general, tecnol\u00f3gico y profesional t\u00e9cnico, y puede cursarse en modalidades escolarizadas o no escolarizadas (a distancia, abierta, para personas con discapacidad).<\/p>\n<p>Este nivel es obligatorio por lo que actualmente, se busca ampliar la cobertura y garantizar que todos los egresados de secundaria tengan un lugar en este nivel educativo.<\/p>\n<p>La Educaci\u00f3n Media Superior es una etapa clave en el sistema educativo, ya que prepara a los estudiantes para enfrentar retos acad\u00e9micos y laborales, sentando las bases para su desarrollo personal y profesional.<\/p>\n<figure class=\"wp-block-image aligncenter size-full is-resized\"><img fetchpriority=\"high\" decoding=\"async\" width=\"936\" height=\"648\" src=\"https:\/\/b559124.smushcdn.com\/559124\/wp-content\/uploads\/2025\/12\/1000109270.jpg?lossy=2&amp;strip=1&amp;webp=1\" alt=\"\" class=\"wp-image-211788\" style=\"width:669px;height:auto\" srcset=\"https:\/\/b559124.smushcdn.com\/559124\/wp-content\/uploads\/2025\/12\/1000109270.jpg?lossy=2&amp;strip=1&amp;webp=1 936w, https:\/\/b559124.smushcdn.com\/559124\/wp-content\/uploads\/2025\/12\/1000109270-600x415.jpg?lossy=2&amp;strip=1&amp;webp=1 600w, https:\/\/b559124.smushcdn.com\/559124\/wp-content\/uploads\/2025\/12\/1000109270.jpg?size=160x111&amp;lossy=2&amp;strip=1&amp;webp=1 160w, https:\/\/b559124.smushcdn.com\/559124\/wp-content\/uploads\/2025\/12\/1000109270.jpg?size=320x222&amp;lossy=2&amp;strip=1&amp;webp=1 320w, https:\/\/b559124.smushcdn.com\/559124\/wp-content\/uploads\/2025\/12\/1000109270.jpg?size=480x332&amp;lossy=2&amp;strip=1&amp;webp=1 480w, https:\/\/b559124.smushcdn.com\/559124\/wp-content\/uploads\/2025\/12\/1000109270.jpg?size=800x554&amp;lossy=2&amp;strip=1&amp;webp=1 800w\" sizes=\"(max-width: 936px) 100vw, 936px\"\/><\/figure>\n<p>Es durante esta etapa cuando los j\u00f3venes desarrollan competencias clave como el razonamiento cr\u00edtico y anal\u00edtico; habilidades pr\u00e1cticas relacionadas con su \u00e1rea de inter\u00e9s, y bases s\u00f3lidas para el aprendizaje continuo.<\/p>\n<p>Adem\u00e1s, proporciona una formaci\u00f3n integral que incluye conocimientos acad\u00e9micos y desarrollo personal, ayudando a los estudiantes a tomar decisiones informadas sobre su futuro. <\/p>\n<p>Por ello, el perfil de sus docentes est\u00e1 constituido por un conjunto de competencias que integran conocimientos, habilidades y actitudes que ponen en juego para generar ambientes de aprendizaje a los estudiantes, y que desplieguen las competencias gen\u00e9ricas.<\/p>\n<p>Incluyen habilidades de comunicaci\u00f3n, escucha, colaboraci\u00f3n, adaptabilidad, empat\u00eda y paciencia. Otras caracter\u00edsticas de sus docentes incluyen la presencia permanente en el aula por la importancia del aprendizaje pr\u00e1ctico, el intercambio de buenas pr\u00e1cticas y una pasi\u00f3n por el aprendizaje que perdure en el tiempo.<\/p>\n<p>La propuesta se turn\u00f3 para su an\u00e1lisis a la Comisi\u00f3n de Educaci\u00f3n, Cultura, Ciencia y Tecnolog\u00eda. <\/p>\n<\/p><\/div>\n<p><\/p>\n","protected":false},"excerpt":{"rendered":"<p>ES UN RECONOCIMIENTO A LAS MAESTRAS Y MAESTROS DE ESTE NIVEL: DIP. CRIS\u00d3GONO P\u00c9REZ L\u00d3PEZ El diputado Cris\u00f3gono P\u00e9rez L\u00f3pez propuso una iniciativa para declarar para el estado de San Luis Potos\u00ed, el d\u00eda 5 de septiembre como el \u201cD\u00eda del Docente de Educaci\u00f3n Media Superior\u201d. Indica que la educaci\u00f3n media superior, se refiere al [&hellip;]<\/p>\n","protected":false},"author":2,"featured_media":53821,"comment_status":"","ping_status":"","sticky":false,"template":"","format":"standard","meta":{"_monsterinsights_skip_tracking":false,"_monsterinsights_sitenote_active":false,"_monsterinsights_sitenote_note":"","_monsterinsights_sitenote_category":0,"footnotes":""},"categories":[5],"tags":[],"class_list":["post-53820","post","type-post","status-publish","format-standard","has-post-thumbnail","hentry","category-san-luis-potosi"],"_links":{"self":[{"href":"https:\/\/informebajio.com.mx\/index.php?rest_route=\/wp\/v2\/posts\/53820","targetHints":{"allow":["GET"]}}],"collection":[{"href":"https:\/\/informebajio.com.mx\/index.php?rest_route=\/wp\/v2\/posts"}],"about":[{"href":"https:\/\/informebajio.com.mx\/index.php?rest_route=\/wp\/v2\/types\/post"}],"author":[{"embeddable":true,"href":"https:\/\/informebajio.com.mx\/index.php?rest_route=\/wp\/v2\/users\/2"}],"replies":[{"embeddable":true,"href":"https:\/\/informebajio.com.mx\/index.php?rest_route=%2Fwp%2Fv2%2Fcomments&post=53820"}],"version-history":[{"count":0,"href":"https:\/\/informebajio.com.mx\/index.php?rest_route=\/wp\/v2\/posts\/53820\/revisions"}],"wp:featuredmedia":[{"embeddable":true,"href":"https:\/\/informebajio.com.mx\/index.php?rest_route=\/wp\/v2\/media\/53821"}],"wp:attachment":[{"href":"https:\/\/informebajio.com.mx\/index.php?rest_route=%2Fwp%2Fv2%2Fmedia&parent=53820"}],"wp:term":[{"taxonomy":"category","embeddable":true,"href":"https:\/\/informebajio.com.mx\/index.php?rest_route=%2Fwp%2Fv2%2Fcategories&post=53820"},{"taxonomy":"post_tag","embeddable":true,"href":"https:\/\/informebajio.com.mx\/index.php?rest_route=%2Fwp%2Fv2%2Ftags&post=53820"}],"curies":[{"name":"wp","href":"https:\/\/api.w.org\/{rel}","templated":true}]}}