{"id":53822,"date":"2026-01-01T12:28:49","date_gmt":"2026-01-01T18:28:49","guid":{"rendered":"https:\/\/informebajio.com.mx\/?p=53822"},"modified":"2026-01-01T12:28:49","modified_gmt":"2026-01-01T18:28:49","slug":"respalda-ocm-mejoras-en-transporte-publico","status":"publish","type":"post","link":"https:\/\/informebajio.com.mx\/?p=53822","title":{"rendered":"Respalda OCM mejoras en transporte p\u00fablico"},"content":{"rendered":"<div>\n<h2><span style=\"font-weight: 400;\">Aumento de camiones era necesario\u00a0<\/span><\/h2>\n<p><span style=\"font-weight: 400;\">Diego Hern\u00e1ndez<\/span><\/p>\n<p><span style=\"font-weight: 400;\">Noticias\u00a0<\/span><\/p>\n<p><span style=\"font-weight: 400;\">Sergio Olvera Le\u00f3n, vocero del Observatorio Ciudadano de Movilidad dio un an\u00e1lisis sobre los recientes datos que dio a conocer el Instituto Nacional de Estad\u00edstica y Geograf\u00eda sobre el Sistema Qrob\u00fas, apunt\u00f3 que ha sido positivo el incremento de la flotilla de unidades de transporte p\u00fablico.\u00a0<\/span><\/p>\n<p><span style=\"font-weight: 400;\">Bajo ese orden de ideas, reconoci\u00f3 el papel de Gerardo Cuanalo, director de la Agencia de Movilidad del Estado de Quer\u00e9taro, refiri\u00f3 que a pesar de no ser especialista en la materia hizo un trabajo adecuado con la dependencia y se rode\u00f3 de especialistas que abonaron a mejorar el sistema de transporte p\u00fablico.<\/span><\/p>\n<p><span style=\"font-weight: 400;\">\u201cGerardo Cuanalo no ten\u00eda experiencia en movilidad, sin embargo, suponemos que se ha acercado de buenas personas t\u00e9cnicas. \u00c9l quiz\u00e1s se encarg\u00f3 bastante de lo pol\u00edtico. Pero la parte t\u00e9cnica, sin duda, ha mejorado y ah\u00ed est\u00e1n los resultados. Que estrictamente Inegi los publica, pero eh son informaci\u00f3n que vienen de todo y de todos los estados. Sin embargo, s\u00ed, ah\u00ed est\u00e1 la informaci\u00f3n\u201d.<\/span><\/p>\n<p><span style=\"font-weight: 400;\">El Sistema Qrob\u00fas fue de los que m\u00e1s creci\u00f3 a diferencia de otras entidades, Olvera Le\u00f3n destac\u00f3 que despu\u00e9s de la pandemia muchos de estos redujeron, sin embargo, en el caso de Quer\u00e9taro inici\u00f3 el incremento de unidades y dar abasto a la poblaci\u00f3n usuaria.<\/span><\/p>\n<p><span style=\"font-weight: 400;\">Desde su perspectiva esa misma ruta se debe de continuar por quienes sucedan a Cuanalo Santos que desde su punto de vista pronto puede dejar la Agencia de Movilidad por intereses partidarios, no obstante, reconoci\u00f3 la labor conseguida en estos 4 a\u00f1os de gobierno.<\/span><\/p>\n<p>\u00a0<\/p>\n<\/div>\n<p><script>(function(d, s, id) {\n  var js, fjs = d.getElementsByTagName(s)[0];\n  if (d.getElementById(id)) return;\n  js = d.createElement(s); js.id = id;\n  js.src = \"\/\/connect.facebook.net\/es_LA\/sdk.js#xfbml=1&appId=546007945598485&version=v2.3\";\n  fjs.parentNode.insertBefore(js, fjs);\n}(document, 'script', 'facebook-jssdk'));<\/script><\/p>\n","protected":false},"excerpt":{"rendered":"<p>Aumento de camiones era necesario\u00a0 Diego Hern\u00e1ndez Noticias\u00a0 Sergio Olvera Le\u00f3n, vocero del Observatorio Ciudadano de Movilidad dio un an\u00e1lisis sobre los recientes datos que dio a conocer el Instituto Nacional de Estad\u00edstica y Geograf\u00eda sobre el Sistema Qrob\u00fas, apunt\u00f3 que ha sido positivo el incremento de la flotilla de unidades de transporte p\u00fablico.\u00a0 Bajo [&hellip;]<\/p>\n","protected":false},"author":2,"featured_media":53823,"comment_status":"","ping_status":"","sticky":false,"template":"","format":"standard","meta":{"_monsterinsights_skip_tracking":false,"_monsterinsights_sitenote_active":false,"_monsterinsights_sitenote_note":"","_monsterinsights_sitenote_category":0,"footnotes":""},"categories":[4],"tags":[],"class_list":["post-53822","post","type-post","status-publish","format-standard","has-post-thumbnail","hentry","category-queretaro"],"_links":{"self":[{"href":"https:\/\/informebajio.com.mx\/index.php?rest_route=\/wp\/v2\/posts\/53822","targetHints":{"allow":["GET"]}}],"collection":[{"href":"https:\/\/informebajio.com.mx\/index.php?rest_route=\/wp\/v2\/posts"}],"about":[{"href":"https:\/\/informebajio.com.mx\/index.php?rest_route=\/wp\/v2\/types\/post"}],"author":[{"embeddable":true,"href":"https:\/\/informebajio.com.mx\/index.php?rest_route=\/wp\/v2\/users\/2"}],"replies":[{"embeddable":true,"href":"https:\/\/informebajio.com.mx\/index.php?rest_route=%2Fwp%2Fv2%2Fcomments&post=53822"}],"version-history":[{"count":0,"href":"https:\/\/informebajio.com.mx\/index.php?rest_route=\/wp\/v2\/posts\/53822\/revisions"}],"wp:featuredmedia":[{"embeddable":true,"href":"https:\/\/informebajio.com.mx\/index.php?rest_route=\/wp\/v2\/media\/53823"}],"wp:attachment":[{"href":"https:\/\/informebajio.com.mx\/index.php?rest_route=%2Fwp%2Fv2%2Fmedia&parent=53822"}],"wp:term":[{"taxonomy":"category","embeddable":true,"href":"https:\/\/informebajio.com.mx\/index.php?rest_route=%2Fwp%2Fv2%2Fcategories&post=53822"},{"taxonomy":"post_tag","embeddable":true,"href":"https:\/\/informebajio.com.mx\/index.php?rest_route=%2Fwp%2Fv2%2Ftags&post=53822"}],"curies":[{"name":"wp","href":"https:\/\/api.w.org\/{rel}","templated":true}]}}