{"id":53838,"date":"2026-01-02T03:32:06","date_gmt":"2026-01-02T09:32:06","guid":{"rendered":"https:\/\/informebajio.com.mx\/?p=53838"},"modified":"2026-01-02T03:32:06","modified_gmt":"2026-01-02T09:32:06","slug":"sepultan-a-uno-de-los-hombres-hallados-sin-vida-en-pension-de-traileres-en-san-juan","status":"publish","type":"post","link":"https:\/\/informebajio.com.mx\/?p=53838","title":{"rendered":"Sepultan a uno de los hombres hallados sin vida en pensi\u00f3n de traileres en San Juan"},"content":{"rendered":"<div>\n<p><span style=\"font-weight: 400;\">Por Nicasio Mendoza<\/span><\/p>\n<p><span style=\"font-weight: 400;\">Noticias<\/span><\/p>\n<p><span style=\"font-weight: 400;\">Fue sepultado uno de los masculinos que fue encontrado sin vida pasado lunes 29 de diciembre del mes en curso, dentro de una caja seca en una pensi\u00f3n de tr\u00e1ileres, ubicada en avenida Constituyentes y la Calle 1 Poniente, a la altura del fraccionamiento Valle de Oro, en el municipio de San Juan del R\u00edo.<\/span><\/p>\n<p><span style=\"font-weight: 400;\">La noche del martes, la Fiscal\u00eda General del Estado de Quer\u00e9taro (FGEQ), sede San Juan del R\u00edo, entreg\u00f3 a los deudos el cad\u00e1ver, de quien fue identificado como Jes\u00fas Alexis, de alrededor de 25 a\u00f1os de edad, oriundo de la comunidad de San Javier del mismo municipio.<\/span><\/p>\n<p><span style=\"font-weight: 400;\">Sin embargo, el cuerpo inerte fue trasladado en una carroza a un domicilio ubicado en la comunidad de El Organal, en donde a eso de las 13\u00a0 horas de ayer 31 de diciembre, en la iglesia de la comunidad de El Organal, se llev\u00f3 a cabo la ceremonia de cuerpo presente y al t\u00e9rmino de misa, en la carroza, seguida por familiares, amigos y conocidos, se inici\u00f3 la caminata para acompa\u00f1arlo al pante\u00f3n, donde se le dar\u00e1 el \u00faltimo adi\u00f3s a Jes\u00fas Alexis.<\/span><\/p>\n<p><span style=\"font-weight: 400;\">Cabe hacer menci\u00f3n que tambi\u00e9n se conoci\u00f3 que tres de los sobrevivientes ya fueron dados de alta del hospital, en tanto otro sobreviviente contin\u00faa internado en estado grave.<\/span><\/p>\n<p><span style=\"font-weight: 400;\">Sobre los violentos hechos ocurrido la madrugada del\u00a0 lunes 29 se desconoce mayor informaci\u00f3n, aunque a\u00fan continua la profunda consternaci\u00f3n entre los habitantes del municipio sanjuanense.<\/span><\/p>\n<p><img fetchpriority=\"high\" decoding=\"async\" class=\"alignnone size-medium wp-image-709384\" src=\"https:\/\/cdn.noticiasdequeretaro.com.mx\/wp-content\/uploads\/2026\/01\/01025938\/Sepultan-a-uno-de-los-hombres-hallados-sin-vida-en-pension-de-traileres-en-San-Jua-1-600x450.jpeg\" alt=\"\" width=\"600\" height=\"450\" srcset=\"https:\/\/cdn.noticiasdequeretaro.com.mx\/wp-content\/uploads\/2026\/01\/01025938\/Sepultan-a-uno-de-los-hombres-hallados-sin-vida-en-pension-de-traileres-en-San-Jua-1-600x450.jpeg 600w, https:\/\/cdn.noticiasdequeretaro.com.mx\/wp-content\/uploads\/2026\/01\/01025938\/Sepultan-a-uno-de-los-hombres-hallados-sin-vida-en-pension-de-traileres-en-San-Jua-1-1024x768.jpeg 1024w, https:\/\/cdn.noticiasdequeretaro.com.mx\/wp-content\/uploads\/2026\/01\/01025938\/Sepultan-a-uno-de-los-hombres-hallados-sin-vida-en-pension-de-traileres-en-San-Jua-1-300x225.jpeg 300w, https:\/\/cdn.noticiasdequeretaro.com.mx\/wp-content\/uploads\/2026\/01\/01025938\/Sepultan-a-uno-de-los-hombres-hallados-sin-vida-en-pension-de-traileres-en-San-Jua-1-768x576.jpeg 768w, https:\/\/cdn.noticiasdequeretaro.com.mx\/wp-content\/uploads\/2026\/01\/01025938\/Sepultan-a-uno-de-los-hombres-hallados-sin-vida-en-pension-de-traileres-en-San-Jua-1-1536x1152.jpeg 1536w, https:\/\/cdn.noticiasdequeretaro.com.mx\/wp-content\/uploads\/2026\/01\/01025938\/Sepultan-a-uno-de-los-hombres-hallados-sin-vida-en-pension-de-traileres-en-San-Jua-1.jpeg 1600w\" sizes=\"(max-width: 600px) 100vw, 600px\"\/><\/p>\n<\/div>\n<p><script>(function(d, s, id) {\n  var js, fjs = d.getElementsByTagName(s)[0];\n  if (d.getElementById(id)) return;\n  js = d.createElement(s); js.id = id;\n  js.src = \"\/\/connect.facebook.net\/es_LA\/sdk.js#xfbml=1&appId=546007945598485&version=v2.3\";\n  fjs.parentNode.insertBefore(js, fjs);\n}(document, 'script', 'facebook-jssdk'));<\/script><\/p>\n","protected":false},"excerpt":{"rendered":"<p>Por Nicasio Mendoza Noticias Fue sepultado uno de los masculinos que fue encontrado sin vida pasado lunes 29 de diciembre del mes en curso, dentro de una caja seca en una pensi\u00f3n de tr\u00e1ileres, ubicada en avenida Constituyentes y la Calle 1 Poniente, a la altura del fraccionamiento Valle de Oro, en el municipio de [&hellip;]<\/p>\n","protected":false},"author":2,"featured_media":53839,"comment_status":"","ping_status":"","sticky":false,"template":"","format":"standard","meta":{"_monsterinsights_skip_tracking":false,"_monsterinsights_sitenote_active":false,"_monsterinsights_sitenote_note":"","_monsterinsights_sitenote_category":0,"footnotes":""},"categories":[4],"tags":[],"class_list":["post-53838","post","type-post","status-publish","format-standard","has-post-thumbnail","hentry","category-queretaro"],"_links":{"self":[{"href":"https:\/\/informebajio.com.mx\/index.php?rest_route=\/wp\/v2\/posts\/53838","targetHints":{"allow":["GET"]}}],"collection":[{"href":"https:\/\/informebajio.com.mx\/index.php?rest_route=\/wp\/v2\/posts"}],"about":[{"href":"https:\/\/informebajio.com.mx\/index.php?rest_route=\/wp\/v2\/types\/post"}],"author":[{"embeddable":true,"href":"https:\/\/informebajio.com.mx\/index.php?rest_route=\/wp\/v2\/users\/2"}],"replies":[{"embeddable":true,"href":"https:\/\/informebajio.com.mx\/index.php?rest_route=%2Fwp%2Fv2%2Fcomments&post=53838"}],"version-history":[{"count":0,"href":"https:\/\/informebajio.com.mx\/index.php?rest_route=\/wp\/v2\/posts\/53838\/revisions"}],"wp:featuredmedia":[{"embeddable":true,"href":"https:\/\/informebajio.com.mx\/index.php?rest_route=\/wp\/v2\/media\/53839"}],"wp:attachment":[{"href":"https:\/\/informebajio.com.mx\/index.php?rest_route=%2Fwp%2Fv2%2Fmedia&parent=53838"}],"wp:term":[{"taxonomy":"category","embeddable":true,"href":"https:\/\/informebajio.com.mx\/index.php?rest_route=%2Fwp%2Fv2%2Fcategories&post=53838"},{"taxonomy":"post_tag","embeddable":true,"href":"https:\/\/informebajio.com.mx\/index.php?rest_route=%2Fwp%2Fv2%2Ftags&post=53838"}],"curies":[{"name":"wp","href":"https:\/\/api.w.org\/{rel}","templated":true}]}}