{"id":53846,"date":"2026-01-02T10:19:23","date_gmt":"2026-01-02T16:19:23","guid":{"rendered":"https:\/\/informebajio.com.mx\/?p=53846"},"modified":"2026-01-02T10:19:23","modified_gmt":"2026-01-02T16:19:23","slug":"esthela-damian-llega-a-la-consejeria-juridica-del-plan-michoacan-al-primer-circulo-de-sheinbaum","status":"publish","type":"post","link":"https:\/\/informebajio.com.mx\/?p=53846","title":{"rendered":"Esthela Dami\u00e1n llega a la Consejer\u00eda Jur\u00eddica: del Plan Michoac\u00e1n al primer c\u00edrculo de Sheinbaum"},"content":{"rendered":"<div data-dtm-region=\"articulo_cuerpo\">\n<p class=\"\">M\u00e1s de siete a\u00f1os de lealtad anteceden el nombramiento de la abogada Esthela Dami\u00e1n Peralta como nueva consejera jur\u00eddica de la Presidencia de la Rep\u00fablica, un cargo que la coloca en el gabinete legal de Claudia Sheinbaum y en su primer c\u00edrculo de colaboradores. La hoy consejera deja ac\u00e9fala la Subsecretar\u00eda de Prevenci\u00f3n de la Secretar\u00eda de Seguridad y Protecci\u00f3n Ciudadana, una pieza clave en la estrategia de seguridad y en la implementaci\u00f3n del <a href=\"https:\/\/elpais.com\/mexico\/2025-11-09\/sheinbaum-presenta-la-ofensiva-del-estado-para-michoacan-la-seguridad-y-la-paz-son-frutos-de-la-justicia-no-traicionaremos-la-confianza-del-pueblo.html\" target=\"_self\" rel=\"\" title=\"https:\/\/elpais.com\/mexico\/2025-11-09\/sheinbaum-presenta-la-ofensiva-del-estado-para-michoacan-la-seguridad-y-la-paz-son-frutos-de-la-justicia-no-traicionaremos-la-confianza-del-pueblo.html\">Plan Michoac\u00e1n<\/a> anunciado para enfrentar la crisis en aquel estado. <\/p>\n<p class=\"\">Dami\u00e1n llega a la Consejer\u00eda Jur\u00eddica para sustituir a la fiscal <a href=\"https:\/\/elpais.com\/mexico\/2025-11-28\/ernestina-godoy-una-incondicional-de-sheinbaum-para-el-relevo-en-la-fiscalia.html\" target=\"_self\" rel=\"\" title=\"https:\/\/elpais.com\/mexico\/2025-11-28\/ernestina-godoy-una-incondicional-de-sheinbaum-para-el-relevo-en-la-fiscalia.html\">Ernestina Godoy<\/a>, otra colaboradora de todas las confianzas de Sheinbaum, quien dej\u00f3 el cargo desde el 28 de noviembre. Su nombramiento vuelve a dejar relegado al exministro <a href=\"https:\/\/elpais.com\/mexico\/2025-04-05\/arturo-zaldivar-el-poder-judicial-no-fue-capaz-de-reformarse-desde-dentro-no-quedo-mas-alternativa-que-una-reforma-desde-fuera.html\" target=\"_self\" rel=\"\" title=\"https:\/\/elpais.com\/mexico\/2025-04-05\/arturo-zaldivar-el-poder-judicial-no-fue-capaz-de-reformarse-desde-dentro-no-quedo-mas-alternativa-que-una-reforma-desde-fuera.html\">Arturo Zald\u00edvar<\/a>, quien hab\u00eda sido mencionado como posible relevo tanto en la Fiscal\u00eda como en la Consejer\u00eda, pero que permanecer\u00e1 en la Oficina de la Presidencia como coordinador de Pol\u00edtica y Gobierno. <\/p>\n<figure class=\"a_m a_m-h \"><span class=\"_db a_m_w _pr lb_btn\"><img decoding=\"auto\" class=\"_re lazyload a_m-h\" height=\"285\" srcset=\"https:\/\/imagenes.elpais.com\/resizer\/v2\/MJN3YKH5IRAJDOJN62MBWYXOLM.jpg?auth=666144456bc645877fc2ded86f8689734155b16df06cdd3de2539c8a52d30e7f&amp;width=414 414w,https:\/\/imagenes.elpais.com\/resizer\/v2\/MJN3YKH5IRAJDOJN62MBWYXOLM.jpg?auth=666144456bc645877fc2ded86f8689734155b16df06cdd3de2539c8a52d30e7f&amp;width=828 640w,https:\/\/imagenes.elpais.com\/resizer\/v2\/MJN3YKH5IRAJDOJN62MBWYXOLM.jpg?auth=666144456bc645877fc2ded86f8689734155b16df06cdd3de2539c8a52d30e7f&amp;width=980 1000w,https:\/\/imagenes.elpais.com\/resizer\/v2\/MJN3YKH5IRAJDOJN62MBWYXOLM.jpg?auth=666144456bc645877fc2ded86f8689734155b16df06cdd3de2539c8a52d30e7f&amp;width=1960 1960w\" width=\"414\" sizes=\"auto, (min-width:1199px) 1155px,(min-width:1001px) calc(100vw - 44px),(min-width:768px) 767px, 100vw\" src=\"https:\/\/imagenes.elpais.com\/resizer\/v2\/MJN3YKH5IRAJDOJN62MBWYXOLM.jpg?auth=666144456bc645877fc2ded86f8689734155b16df06cdd3de2539c8a52d30e7f&amp;width=414\" loading=\"lazy\"\/><svg aria-hidden=\"true\" class=\"icon_multimedia_ampliar | _pa a_m_i a_m_i-a _dn\" viewbox=\"0 0 40 40\"><use xlink:href=\"#svg-ampliar\"\/><\/svg><\/span><figcaption class=\"a_m_p\" aria-hidden=\"true\"><span>Esthela Dami\u00e1n y\u00a0Claudia Sheinbaum en Ciudad de M\u00e9xico, el 20 de enero de 2020.<\/span><span class=\"a_m_m\">Mario Jasso (CUARTOSCURO)<\/span><\/figcaption><\/figure>\n<p class=\"\">La <a href=\"https:\/\/elpais.com\/mexico\/2025-12-17\/el-gobierno-nombra-a-esthela-damian-peralta-como-consejera-juridica-de-la-presidencia.html\" target=\"_self\" rel=\"\" title=\"https:\/\/elpais.com\/mexico\/2025-12-17\/el-gobierno-nombra-a-esthela-damian-peralta-como-consejera-juridica-de-la-presidencia.html\">Consejer\u00eda Jur\u00eddica<\/a> es un cargo que la Ley de la Administraci\u00f3n P\u00fablica Federal reconoce al nivel de una secretar\u00eda de Estado y es un poderoso despacho desde el que se supervisa la constitucionalidad de los decretos y acuerdos emitidos por la presidenta, a quien asesora y apoya en temas jur\u00eddicos y desde donde incluso se interponen recursos legales contra decisiones de otros Poderes de la Uni\u00f3n. <\/p>\n<p class=\"\">Antes de este ascenso, Esthela Dami\u00e1n pas\u00f3 el primer a\u00f1o del gobierno de la presidenta al lado de otro de sus incondicionales, el secretario <a href=\"https:\/\/elpais.com\/mexico\/2025-12-01\/uno-para-todos-y-todos-para-harfuch.html\" target=\"_self\" rel=\"\" title=\"https:\/\/elpais.com\/mexico\/2025-12-01\/uno-para-todos-y-todos-para-harfuch.html\">Omar Garc\u00eda Harfuch<\/a>, con quien ech\u00f3 a andar uno de los cuatro pilares de la estrategia del gobierno federal en contra de la delincuencia: la atenci\u00f3n a las causas. Sus publicaciones en redes sociales dan cuenta de su trabajo comunitario en barrios, zonas rurales, colectivos a los que bautiz\u00f3 como \u201csembradores de paz\u201d, poblaciones en situaci\u00f3n de calle, grupos de deportistas y artistas locales. Esa actividad quedaba coronada cada jueves con un p\u00f3dcast, en el que ella misma entrevistaba a los art\u00edfices de esta pol\u00edtica p\u00fablica. En las \u00faltimas semanas, su Subsecretar\u00eda se volvi\u00f3 una pieza clave en la instrumentalizaci\u00f3n en terreno del Plan Michoac\u00e1n. <\/p>\n<p class=\"\">Dami\u00e1n estaba asignada a un tema prioritario para la presidenta, pero su cercan\u00eda viene de m\u00e1s atr\u00e1s, desde diciembre de 2018, cuando Sheinbaum se convirti\u00f3 en jefa de gobierno de la Ciudad de M\u00e9xico y la integr\u00f3 a su equipo como directora general del Sistema para el Desarrollo Integral de la Familia (DIF), una oficina que los usos y costumbres del priismo usaron durante d\u00e9cadas para darle un cargo honorario a las esposas de presidentes y gobernadores. No fue el caso de esta funcionaria, que desde el DIF instrument\u00f3 pol\u00edticas de atenci\u00f3n a grupos vulnerables encomendadas por la jefa de Gobierno. En 2022, Sheinbaum la convirti\u00f3 en su secretaria particular. <\/p>\n<figure class=\"a_m a_m-h \"><span class=\"_db a_m_w _pr lb_btn\"><img decoding=\"auto\" class=\"_re lazyload a_m-h\" height=\"277\" srcset=\"https:\/\/imagenes.elpais.com\/resizer\/v2\/VBGIQZWAMNDFLHGCVWRZ3PRISE.jpg?auth=45ccbbb1aedbe810a283deaea530363def1db96d54f23f637f2ec938cf5858ad&amp;width=414 414w,https:\/\/imagenes.elpais.com\/resizer\/v2\/VBGIQZWAMNDFLHGCVWRZ3PRISE.jpg?auth=45ccbbb1aedbe810a283deaea530363def1db96d54f23f637f2ec938cf5858ad&amp;width=828 640w,https:\/\/imagenes.elpais.com\/resizer\/v2\/VBGIQZWAMNDFLHGCVWRZ3PRISE.jpg?auth=45ccbbb1aedbe810a283deaea530363def1db96d54f23f637f2ec938cf5858ad&amp;width=980 1000w,https:\/\/imagenes.elpais.com\/resizer\/v2\/VBGIQZWAMNDFLHGCVWRZ3PRISE.jpg?auth=45ccbbb1aedbe810a283deaea530363def1db96d54f23f637f2ec938cf5858ad&amp;width=1960 1960w\" width=\"414\" sizes=\"auto, (min-width:1199px) 1155px,(min-width:1001px) calc(100vw - 44px),(min-width:768px) 767px, 100vw\" src=\"https:\/\/imagenes.elpais.com\/resizer\/v2\/VBGIQZWAMNDFLHGCVWRZ3PRISE.jpg?auth=45ccbbb1aedbe810a283deaea530363def1db96d54f23f637f2ec938cf5858ad&amp;width=414\" loading=\"lazy\"\/><svg aria-hidden=\"true\" class=\"icon_multimedia_ampliar | _pa a_m_i a_m_i-a _dn\" viewbox=\"0 0 40 40\"><use xlink:href=\"#svg-ampliar\"\/><\/svg><\/span><figcaption class=\"a_m_p\" aria-hidden=\"true\"><span>Esthela Dami\u00e1n en una sesi\u00f3n en la C\u00e1mara de Diputados, Ciudad de M\u00e9xico, el 3 de diciembre de 2009.<\/span><span class=\"a_m_m\">Guillermo Perea (CUARTOSCURO)<\/span><\/figcaption><\/figure>\n<p class=\"\">Esthela Dami\u00e1n no tiene una relaci\u00f3n hist\u00f3rica con Sheinbaum, pero se gan\u00f3 su confianza en pocos a\u00f1os. No particip\u00f3 en el movimiento estudiantil de los a\u00f1os 80, ni en la fundaci\u00f3n del PRD, el hoy extinto partido que en 1989 aglutin\u00f3 a las izquierdas mexicanas. No fue colaboradora de Andr\u00e9s Manuel L\u00f3pez Obrador ni fundadora de Morena. Milit\u00f3 en el PRD desde 1997, fue diputada federal y local y renunci\u00f3 en 2015 por diferencias con sus dirigentes. \u201cSeguir en el PRD equival\u00eda a estar con un marido golpeador\u201d, dijo al separarse del partido en el que inici\u00f3 su carrera pol\u00edtica. <\/p>\n<p class=\"\">Despu\u00e9s del PRD, tuvo un breve paso de dos a\u00f1os en Movimiento Ciudadano, el partido de <a href=\"https:\/\/elpais.com\/mexico\/2025-11-07\/la-reaparicion-de-dante-delgado-abre-una-tregua-en-movimiento-ciudadano-y-fija-el-rumbo-hacia-2030.html\" target=\"_self\" rel=\"\" title=\"https:\/\/elpais.com\/mexico\/2025-11-07\/la-reaparicion-de-dante-delgado-abre-una-tregua-en-movimiento-ciudadano-y-fija-el-rumbo-hacia-2030.html\">Dante Delgado<\/a>, donde fue candidata a la alcald\u00eda Venustiano Carranza y dirigente del comit\u00e9 en la Ciudad de M\u00e9xico. Al partido naranja renunci\u00f3 en 2017, cuando se form\u00f3 el frente PAN-PRD-MC que compiti\u00f3 en las elecciones de 2018 llevando como candidato a Ricardo Anaya. \u201cNo transito con un frente que busca llevar al PAN a la presidencia\u201d, explic\u00f3 en su renuncia, poco antes de sumarse a la campa\u00f1a de Claudia Sheinbaum en la capital del pa\u00eds. <\/p>\n<figure class=\"a_m a_m-h \"><span class=\"_db a_m_w\"><img decoding=\"auto\" class=\"_re lazyload a_m-h\" height=\"311\" srcset=\"https:\/\/imagenes.elpais.com\/resizer\/v2\/2DV3TOL6QRGH3BXEAON52T6YGY.jpg?auth=39f791afb675463891aa13226bb607eabe6a9365add1d330a6cd29d5061ffc30&amp;width=414 414w,https:\/\/imagenes.elpais.com\/resizer\/v2\/2DV3TOL6QRGH3BXEAON52T6YGY.jpg?auth=39f791afb675463891aa13226bb607eabe6a9365add1d330a6cd29d5061ffc30&amp;width=828 640w,https:\/\/imagenes.elpais.com\/resizer\/v2\/2DV3TOL6QRGH3BXEAON52T6YGY.jpg?auth=39f791afb675463891aa13226bb607eabe6a9365add1d330a6cd29d5061ffc30&amp;width=980 1000w,https:\/\/imagenes.elpais.com\/resizer\/v2\/2DV3TOL6QRGH3BXEAON52T6YGY.jpg?auth=39f791afb675463891aa13226bb607eabe6a9365add1d330a6cd29d5061ffc30&amp;width=1960 1960w\" width=\"414\" sizes=\"auto, (min-width:1199px) 1155px,(min-width:1001px) calc(100vw - 44px),(min-width:768px) 767px, 100vw\" src=\"https:\/\/imagenes.elpais.com\/resizer\/v2\/2DV3TOL6QRGH3BXEAON52T6YGY.jpg?auth=39f791afb675463891aa13226bb607eabe6a9365add1d330a6cd29d5061ffc30&amp;width=414\" loading=\"lazy\"\/><\/span><figcaption class=\"a_m_p\" aria-hidden=\"true\"><span>Esthela Dami\u00e1n promoviendo el Plan Michoac\u00e1n por la Paz y la Justicia en Morelia, Michoac\u00e1n, en noviembre de 2025.<\/span><span class=\"a_m_m\">CUARTOSCURO<\/span><\/figcaption><\/figure>\n<p class=\"\">Desde entonces, toda ha sido lealtad y trabajo con la hoy presidenta, quien le reconoci\u00f3 su eficacia y profesionalismo al encomendarle la defensa jur\u00eddica de su precampa\u00f1a, en 2023, y su campa\u00f1a presidencial de 2024. Como coordinadora de defensa del voto, se estrecharon sus lazos con Sheinbaum y sus principales colaboradores. <a href=\"https:\/\/elpais.com\/mexico\/elecciones-mexicanas\/2024-05-29\/entre-parecerse-al-presidente-y-construir-un-liderazgo-propio-la-estrategia-de-claudia-sheinbaum-en-la-campana.html\" target=\"_self\" rel=\"\" title=\"https:\/\/elpais.com\/mexico\/elecciones-mexicanas\/2024-05-29\/entre-parecerse-al-presidente-y-construir-un-liderazgo-propio-la-estrategia-de-claudia-sheinbaum-en-la-campana.html\">En una campa\u00f1a donde sobraban generales<\/a>, los operadores morenistas le reconocen su disposici\u00f3n a trabajar en cualquier trinchera.<\/p>\n<p class=\"\">En las \u00faltimas semanas, Esthela Dami\u00e1n hab\u00eda sido mencionada como posible precandidata de Morena al gobierno de Guerrero, su estado natal y donde estudi\u00f3 la licenciatura en Derecho. Su candidatura hubiera sido una alternativa al poder de la familia Salgado, que a\u00fan podr\u00eda intentar una sucesi\u00f3n familiar entre Evelyn, la actual gobernadora, y el senador <a href=\"https:\/\/elpais.com\/mexico\/opinion\/2025-03-05\/cierre-el-pico.html\" target=\"_self\" rel=\"\" title=\"https:\/\/elpais.com\/mexico\/opinion\/2025-03-05\/cierre-el-pico.html\">F\u00e9lix Salgado<\/a> Macedonio. Pero esa campa\u00f1a no ser\u00e1 hasta 2027 y, por lo pronto, la actual consejera se coloca al lado de Sheinbaum en uno de los despachos m\u00e1s poderosos del gobierno mexicano.<\/p>\n<p class=\"\">La ma\u00f1ana de este jueves, la presidenta Sheinbaum ha destacado la trayectoria de su nueva consejera, tanto por sus m\u00e9ritos acad\u00e9micos como por el trabajo que realiza con ella desde el gobierno de la CDMX. \u201cQuer\u00eda que fuera mujer, eso es muy importante porque no quiero mover la paridad; es una mujer muy honesta, muy trabajadora, se lleva bien con todos y la Consejer\u00eda Jur\u00eddica es muy importante en todo lo que tiene que ver con lo jur\u00eddico en el gobierno de M\u00e9xico\u201d.<\/p>\n<\/div>\n<p><\/p>\n","protected":false},"excerpt":{"rendered":"<p>M\u00e1s de siete a\u00f1os de lealtad anteceden el nombramiento de la abogada Esthela Dami\u00e1n Peralta como nueva consejera jur\u00eddica de la Presidencia de la Rep\u00fablica, un cargo que la coloca en el gabinete legal de Claudia Sheinbaum y en su primer c\u00edrculo de colaboradores. La hoy consejera deja ac\u00e9fala la Subsecretar\u00eda de Prevenci\u00f3n de la [&hellip;]<\/p>\n","protected":false},"author":2,"featured_media":53847,"comment_status":"","ping_status":"","sticky":false,"template":"","format":"standard","meta":{"_monsterinsights_skip_tracking":false,"_monsterinsights_sitenote_active":false,"_monsterinsights_sitenote_note":"","_monsterinsights_sitenote_category":0,"footnotes":""},"categories":[7],"tags":[],"class_list":["post-53846","post","type-post","status-publish","format-standard","has-post-thumbnail","hentry","category-michoacan"],"_links":{"self":[{"href":"https:\/\/informebajio.com.mx\/index.php?rest_route=\/wp\/v2\/posts\/53846","targetHints":{"allow":["GET"]}}],"collection":[{"href":"https:\/\/informebajio.com.mx\/index.php?rest_route=\/wp\/v2\/posts"}],"about":[{"href":"https:\/\/informebajio.com.mx\/index.php?rest_route=\/wp\/v2\/types\/post"}],"author":[{"embeddable":true,"href":"https:\/\/informebajio.com.mx\/index.php?rest_route=\/wp\/v2\/users\/2"}],"replies":[{"embeddable":true,"href":"https:\/\/informebajio.com.mx\/index.php?rest_route=%2Fwp%2Fv2%2Fcomments&post=53846"}],"version-history":[{"count":0,"href":"https:\/\/informebajio.com.mx\/index.php?rest_route=\/wp\/v2\/posts\/53846\/revisions"}],"wp:featuredmedia":[{"embeddable":true,"href":"https:\/\/informebajio.com.mx\/index.php?rest_route=\/wp\/v2\/media\/53847"}],"wp:attachment":[{"href":"https:\/\/informebajio.com.mx\/index.php?rest_route=%2Fwp%2Fv2%2Fmedia&parent=53846"}],"wp:term":[{"taxonomy":"category","embeddable":true,"href":"https:\/\/informebajio.com.mx\/index.php?rest_route=%2Fwp%2Fv2%2Fcategories&post=53846"},{"taxonomy":"post_tag","embeddable":true,"href":"https:\/\/informebajio.com.mx\/index.php?rest_route=%2Fwp%2Fv2%2Ftags&post=53846"}],"curies":[{"name":"wp","href":"https:\/\/api.w.org\/{rel}","templated":true}]}}