{"id":53848,"date":"2026-01-02T13:32:47","date_gmt":"2026-01-02T19:32:47","guid":{"rendered":"https:\/\/informebajio.com.mx\/?p=53848"},"modified":"2026-01-02T13:32:47","modified_gmt":"2026-01-02T19:32:47","slug":"mohamed-batea-a-acevedo","status":"publish","type":"post","link":"https:\/\/informebajio.com.mx\/?p=53848","title":{"rendered":"Mohamed \u201cbatea\u201d a Acevedo"},"content":{"rendered":"<div>\n<p><span style=\"font-weight: 400;\">La b\u00fasqueda de un nuevo guardi\u00e1n para el arco del Infierno termin\u00f3 de forma repentina para la directiva mexiquense. Aunque el nombre de <\/span><a href=\"https:\/\/www.record.com.mx\/futbol\/liga-mx\/cruz-azul\/y-donde-esta-el-polaco-cruz-azul-investiga-mateusz-bogusz-quien-no-se\"><span style=\"font-weight: 400;\">Carlos Acevedo<\/span><\/a><span style=\"font-weight: 400;\"> son\u00f3 con fuerza durante todo el semestre, la realidad deportiva dict\u00f3 una sentencia distinta. El cuerpo t\u00e9cnico analiz\u00f3 el desempe\u00f1o de sus actuales porteros y determin\u00f3 que no hace falta una <\/span><a href=\"https:\/\/www.record.com.mx\/futbol\/liga-mx\/monterrey\/pesa-la-baja-de-ocampos-en-rayados\"><span style=\"font-weight: 400;\">contrataci\u00f3n externa<\/span><\/a><span style=\"font-weight: 400;\">.<\/span><\/p>\n<p><span style=\"font-weight: 400;\">El factor determinante para esta negativa fue la actuaci\u00f3n heroica de Luis Garc\u00eda en la gran final del certamen. Tras la decisi\u00f3n de Mohamed de sentar a Hugo Gonz\u00e1lez en el duelo definitivo, Garc\u00eda respondi\u00f3 con una seguridad envidiable. El arquero demostr\u00f3 tener el temple necesario para soportar la presi\u00f3n de los escenarios m\u00e1s complejos del futbol nacional.<\/span><\/p>\n<p><span style=\"font-weight: 400;\">Por otro lado, la relaci\u00f3n entre el estratega argentino y Hugo Gonz\u00e1lez sigue firme a pesar de las cr\u00edticas recientes. El Turco considera que la jerarqu\u00eda de su pupilo es fundamental para mantener el equilibrio dentro del grupo de jugadores. Con este respaldo, el t\u00e9cnico prefiere evitar un gasto cercano a los cinco millones de d\u00f3lares por el fichaje.<\/span><\/p>\n<p><span style=\"font-weight: 400;\">Esta decisi\u00f3n deja el futuro de Carlos Acevedo en una incertidumbre absoluta lejos de la capital del Estado de M\u00e9xico. Santos Laguna mantiene la firme intenci\u00f3n de traspasar a su referente para aliviar las finanzas internas del club lagunero. Ante el cierre de la opci\u00f3n escarlata, otros tres equipos de peso ya vigilan la situaci\u00f3n del seleccionado.<\/span><\/p>\n<p><span style=\"font-weight: 400;\">Opciones para Acevedo\u00a0<\/span><\/p>\n<p><span style=\"font-weight: 400;\">Cruz Azul aparece como el primer interesado debido a la sensible baja por lesi\u00f3n que sufri\u00f3 su portero titular Kevin Mier. La M\u00e1quina visualiza en el arquero de la Comarca la pieza ideal para mantener sus aspiraciones en la parte alta. Acevedo ver\u00eda con buenos ojos esta vitrina para asegurar su puesto en el proceso hacia el mundial.<\/span><\/p>\n<p><span style=\"font-weight: 400;\">Rayados de Monterrey tambi\u00e9n figura en la lista de pretendientes que buscan elevar la competencia interna bajo los tres palos. La directiva regia valora el perfil del guardameta desde hace varios ciclos y podr\u00eda lanzar una oferta formal pronto.<\/span><\/p>\n<\/div>\n<p><script>(function(d, s, id) {\n  var js, fjs = d.getElementsByTagName(s)[0];\n  if (d.getElementById(id)) return;\n  js = d.createElement(s); js.id = id;\n  js.src = \"\/\/connect.facebook.net\/es_LA\/sdk.js#xfbml=1&appId=546007945598485&version=v2.3\";\n  fjs.parentNode.insertBefore(js, fjs);\n}(document, 'script', 'facebook-jssdk'));<\/script><\/p>\n","protected":false},"excerpt":{"rendered":"<p>La b\u00fasqueda de un nuevo guardi\u00e1n para el arco del Infierno termin\u00f3 de forma repentina para la directiva mexiquense. Aunque el nombre de Carlos Acevedo son\u00f3 con fuerza durante todo el semestre, la realidad deportiva dict\u00f3 una sentencia distinta. El cuerpo t\u00e9cnico analiz\u00f3 el desempe\u00f1o de sus actuales porteros y determin\u00f3 que no hace falta [&hellip;]<\/p>\n","protected":false},"author":2,"featured_media":53849,"comment_status":"","ping_status":"","sticky":false,"template":"","format":"standard","meta":{"_monsterinsights_skip_tracking":false,"_monsterinsights_sitenote_active":false,"_monsterinsights_sitenote_note":"","_monsterinsights_sitenote_category":0,"footnotes":""},"categories":[4],"tags":[],"class_list":["post-53848","post","type-post","status-publish","format-standard","has-post-thumbnail","hentry","category-queretaro"],"_links":{"self":[{"href":"https:\/\/informebajio.com.mx\/index.php?rest_route=\/wp\/v2\/posts\/53848","targetHints":{"allow":["GET"]}}],"collection":[{"href":"https:\/\/informebajio.com.mx\/index.php?rest_route=\/wp\/v2\/posts"}],"about":[{"href":"https:\/\/informebajio.com.mx\/index.php?rest_route=\/wp\/v2\/types\/post"}],"author":[{"embeddable":true,"href":"https:\/\/informebajio.com.mx\/index.php?rest_route=\/wp\/v2\/users\/2"}],"replies":[{"embeddable":true,"href":"https:\/\/informebajio.com.mx\/index.php?rest_route=%2Fwp%2Fv2%2Fcomments&post=53848"}],"version-history":[{"count":0,"href":"https:\/\/informebajio.com.mx\/index.php?rest_route=\/wp\/v2\/posts\/53848\/revisions"}],"wp:featuredmedia":[{"embeddable":true,"href":"https:\/\/informebajio.com.mx\/index.php?rest_route=\/wp\/v2\/media\/53849"}],"wp:attachment":[{"href":"https:\/\/informebajio.com.mx\/index.php?rest_route=%2Fwp%2Fv2%2Fmedia&parent=53848"}],"wp:term":[{"taxonomy":"category","embeddable":true,"href":"https:\/\/informebajio.com.mx\/index.php?rest_route=%2Fwp%2Fv2%2Fcategories&post=53848"},{"taxonomy":"post_tag","embeddable":true,"href":"https:\/\/informebajio.com.mx\/index.php?rest_route=%2Fwp%2Fv2%2Ftags&post=53848"}],"curies":[{"name":"wp","href":"https:\/\/api.w.org\/{rel}","templated":true}]}}