{"id":53852,"date":"2026-01-02T23:33:54","date_gmt":"2026-01-03T05:33:54","guid":{"rendered":"https:\/\/informebajio.com.mx\/?p=53852"},"modified":"2026-01-02T23:33:54","modified_gmt":"2026-01-03T05:33:54","slug":"abandonada-y-en-la-miseria","status":"publish","type":"post","link":"https:\/\/informebajio.com.mx\/?p=53852","title":{"rendered":"\u00bfAbandonada y en la miseria?"},"content":{"rendered":"<p><b>*La verdad detr\u00e1s del ingreso de Lucila Mariscal a un asilo<\/b><span style=\"font-weight: 400\"><br \/><\/span><span style=\"font-weight: 400\"><br \/><\/span><span style=\"font-weight: 400\"><br \/><\/span><span style=\"font-weight: 400\">Lucila Mariscal, ic\u00f3nica comediante mexicana, ha tomado una decisi\u00f3n personal para priorizar su bienestar en la tercera edad, desmintiendo rumores de abandono. La actriz cuenta con\u00a050 a\u00f1os de trayectoria en el entretenimiento mexicano, es recordada por generaciones gracias a su emblem\u00e1tico personaje \u201cDo\u00f1a Lencha\u201d, que la llev\u00f3 a protagonizar programas como \u201cLa Carabina de Ambrosio\u201d, pel\u00edculas como \u201cLencha la justiciera\u201d y presentaciones internacionales en escenarios como el Madison Square Garden en Nueva York y el Moulin Rouge en Par\u00eds.<\/span><span style=\"font-weight: 400\"><br \/><\/span><span style=\"font-weight: 400\"><br \/><\/span><span style=\"font-weight: 400\">En entrevista para el programa de YouTube \u201cSin Lisonja\u201d, su m\u00e1nager, El\u00edas Ca\u00f1ete, desminti\u00f3 los rumores que circulaban sobre un supuesto abandono familiar y aclar\u00f3 que fue la propia Lucila, de 83 a\u00f1os, quien decidi\u00f3 ingresar a La Casa del Actor. \u201cNo s\u00e9 de d\u00f3nde surgi\u00f3 ese rumor. Fue decisi\u00f3n de ella, fuimos a conocer \u2018La Casa del Actor\u2019; le encant\u00f3 a la se\u00f1ora Lucila\u201d, explic\u00f3 Ca\u00f1ete.\u00a0<\/span><span style=\"font-weight: 400\"><br \/><\/span><span style=\"font-weight: 400\"><br \/><\/span><span style=\"font-weight: 400\">La actriz eligi\u00f3 esta residencia para protegerse, tras haber sufrido ca\u00eddas y mareos en el pasado que la pusieron en riesgo. El proceso se complet\u00f3 con el papeleo requerido a trav\u00e9s de la ANDA, y Mariscal ingres\u00f3 desde el 1 de diciembre de 2025. Su nieto y nuera mantienen contacto con ella y la han visitado constantemente.<\/span><span style=\"font-weight: 400\"><br \/><\/span><span style=\"font-weight: 400\"><br \/><\/span><span style=\"font-weight: 400\">A lo largo de su vida, Lucila ha enfrentado duros golpes personales que han marcado su trayectoria humana y profesional. En 2009, su hijo Andrei Alexis Hern\u00e1ndez Mariscal desapareci\u00f3 a los 34 a\u00f1os, cuando era subdirector de polic\u00eda en Linares, Nuevo Le\u00f3n, tras salir de casa por una llamada. Este suceso la sumi\u00f3 en una profunda depresi\u00f3n, la llev\u00f3 a pausar su carrera y a gastar gran parte de sus ahorros en b\u00fasquedas infructuosas, adem\u00e1s de recibir amenazas que la obligaron a detener investigaciones.\u00a0<\/span><span style=\"font-weight: 400\"><br \/><\/span><span style=\"font-weight: 400\"><br \/><\/span><span style=\"font-weight: 400\">A\u00f1os despu\u00e9s, en 2019, vivi\u00f3 un conflicto familiar controvertido cuando su nieto, a quien hab\u00eda criado tras la desaparici\u00f3n de su padre, la expuls\u00f3 de su propia casa, lo que gener\u00f3 acusaciones de maltrato y robo de pertenencias y aunque se reconciliaron en 2020, estos episodios reflejaron las dificultades emocionales y econ\u00f3micas que ha atravesado la int\u00e9rprete.<\/span><span style=\"font-weight: 400\"><br \/><\/span><span style=\"font-weight: 400\"><br \/><\/span><span style=\"font-weight: 400\">En lo profesional, Lucila inici\u00f3 su carrera en los a\u00f1os 60, egresada del Instituto Nacional de Bellas Artes, participando en teatro cl\u00e1sico, radionovelas y programas c\u00f3micos. Su personaje \u201cLencha\u201d la catapult\u00f3 a la fama en los 70 y 80, con frases como \u201cpapucho\u201d que se volvieron ic\u00f3nicas. Sin embargo, en los \u00faltimos a\u00f1os enfrent\u00f3 problemas de salud, como una grave ca\u00edda en 2021 que fractur\u00f3 su cadera y no le permiti\u00f3 continuar con su ritmo de\u00a0trabajo.\u00a0En 2024, anunci\u00f3 una gira de despedida, reconociendo que su edad le imped\u00eda mantener la energ\u00eda del personaje, aunque expres\u00f3 su deseo de interpretar roles breves en televisi\u00f3n.<\/span><\/p>\n<p>\u00a0<\/p>\n<p><span style=\"font-weight: 400\">Pie de foto\u00a0<\/span><\/p>\n<p><span style=\"font-weight: 400\">Lucila Mariscal<\/span><\/p>\n<\/p>\n<p><span style=\"font-weight: 400\">Michael J. Fox rompe el silencio y regresa a la pantalla<\/span><\/p>\n<p><span style=\"font-weight: 400\">Agencia M\u00e9xico<\/span><\/p>\n<p><span style=\"font-weight: 400\"><br \/><\/span><span style=\"font-weight: 400\">El ic\u00f3nico actor Michael J. Fox, eterno Marty McFly de Regreso al Futuro, ha vuelto a sorprender al mundo del entretenimiento. Este 30 de diciembre de 2025, Apple TV+ lanz\u00f3 el primer tr\u00e1iler de la tercera temporada de la serie Shrinking, y en \u00e9l se ve al actor de 64 a\u00f1os compartiendo una emotiva y humor\u00edstica escena con Harrison Ford, marcando su regreso a la actuaci\u00f3n en live-action despu\u00e9s de cinco a\u00f1os.<\/span><span style=\"font-weight: 400\"><br \/><\/span><span style=\"font-weight: 400\"><br \/><\/span><span style=\"font-weight: 400\">Michael J. Fox es uno de los actores m\u00e1s queridos de Hollywood, famoso por sus roles en la trilog\u00eda Regreso al Futuro (1985-1990), la serie Family Ties (1982-1989) y Spin City (1996-2000). Diagnosticado con Parkinson a los 29 a\u00f1os en 1991, lo hizo p\u00fablico en 1998 y fund\u00f3 en 2000 la Michael J. Fox Foundation, que ha recaudado miles de millones para investigaci\u00f3n. A los 64 a\u00f1os, est\u00e1 casado desde 1988 con la actriz Tracy Pollan, con quien tiene cuatro hijos: Sam (nacido en 1989), las gemelas Aquinnah y Schuyler (1995) y Esm\u00e9 (2001).<\/span><\/p>\n<p>\u00a0<\/p>\n<p><span style=\"font-weight: 400\">El tr\u00e1iler oficial de Shrinking temporada 3, lanzado este 30 de diciembre de 2025 por Apple TV+, muestra a Fox en una sala de espera m\u00e9dica junto al Dr. Paul Rhoades (Harrison Ford). El personaje de Fox pregunta: \u201c\u00bfPor qu\u00e9 est\u00e1s aqu\u00ed?\u201d. Paul responde: \u201cParkinson\u201d. Fox contesta con iron\u00eda: \u201cSolo un corte de pelo\u201d, y ambos r\u00eden. Esta escena integra el humor caracter\u00edstico de la serie con la realidad de vivir con la enfermedad, que afecta a Paul desde la temporada 1.<\/span><\/p>\n<p><span style=\"font-weight: 400\">Shrinking es una comedia dram\u00e1tica de Apple TV+ creada por Bill Lawrence, Brett Goldstein y Jason Segel. Sigue a Jimmy Laird , un terapeuta en duelo que rompe las reglas \u00e9ticas dici\u00e9ndole a sus pacientes exactamente lo que piensa, generando cambios radicales en sus vidas y la suya propia. La serie explora temas como el dolor, la honestidad emocional y las relaciones familiares con humor y profundidad.<\/span><span style=\"font-weight: 400\"><br \/><\/span><span style=\"font-weight: 400\"><br \/><\/span><span style=\"font-weight: 400\">Protagonizada por Jason Segel como Jimmy y Harrison Ford como el mentor Paul Rhoades (quien vive con Parkinson), cuenta con un elenco principal que incluye a Jessica Williams (Gaby), Christa Miller (Liz), Luke Tennie (Sean), Michael Urie (Brian), Lukita Maxwell (Alice) y Ted McGinley (Derek).\u00a0<\/span><\/p>\n<p>\u00a0<\/p>\n<p><span style=\"font-weight: 400\">En la temporada 3 regresan invitados como Brett Goldstein, Damon Wayans Jr., Wendie Malick y Cobie Smulders, y se suman Jeff Daniels y Michael J. Fox.<\/span><span style=\"font-weight: 400\"><br \/><\/span><span style=\"font-weight: 400\">La serie estren\u00f3 su primera temporada en enero de 2023 con 10 episodios, la segunda en octubre de 2024, y la tercera llegar\u00e1 el 28 de enero de 2026 con un episodio estreno de una hora, seguido de entregas semanales hasta el 8 de abril de 2026 (11 episodios en total).<\/span><span style=\"font-weight: 400\"><br \/><\/span><span style=\"font-weight: 400\"><br \/><\/span><span style=\"font-weight: 400\">Fox se alej\u00f3 progresivamente de la actuaci\u00f3n por complicaciones del Parkinson, como problemas de memoria y habla. Su \u00faltimo rol en live-action fue en 2020, reprisando a Louis Canning en dos episodios de The Good Fight. Desde entonces, particip\u00f3 en el documental Still: A Michael J. Fox Movie (2023) y prest\u00f3 su voz en proyectos animados, como Zootopia 2 (estrenada recientemente). Su regreso en Shrinking \u2014donde interpreta a un personaje con Parkinson\u2014 responde a su deseo de roles que reflejen sus desaf\u00edos reales, y re\u00fane al actor con Bill Lawrence, creador de Spin City.<\/span><\/p>\n<p><b>Pie de foto\u00a0<\/b><\/p>\n<p><span style=\"font-weight: 400\">Michael J. Fox rompe el silencio y regresa a la pantalla<\/span><\/p>\n<p>\u00a0<\/p>\n<p><b>\u201cTe dejo ir con amor y perd\u00f3n\u201d<\/b><\/p>\n<p><span style=\"font-weight: 400\">En un emotiva reflexi\u00f3n de cierre de a\u00f1o, Aislinn Derbez public\u00f3 este martes 30 de diciembre de 2025 un mensaje profundamente personal en sus redes sociales dedicado a su madre, la actriz de doblaje Gabriela Michel, quien falleci\u00f3 inesperadamente el 24 de noviembre de 2025 a los 65 a\u00f1os a causa de un infarto fulminante.<\/span><\/p>\n<p>\u00a0<\/p>\n<p><span style=\"font-weight: 400\">La hija mayor de Eugenio Derbez, atraves\u00f3 un duelo intenso en esas semanas, marcado por meditaciones sobre una relaci\u00f3n materna &#8220;compleja pero transformadora&#8221;. Este post, que acompa\u00f1\u00f3 con fotos \u00edntimas familiares, representa su despedida m\u00e1s abierta de la mujer que\u00a0le di\u00f3 la vida, donde reconoci\u00f3 el impacto de su madre en su historia y comenz\u00f3 su mensaje hablando de la complejidad de su v\u00ednculo:<\/span><\/p>\n<p>\u00a0<\/p>\n<p><span style=\"font-weight: 400\">\u201cMam\u00e1: tal vez alg\u00fan d\u00eda me atreva a hablar m\u00e1s de nosotras\u2026 creo que a\u00fan no es ese momento. Sin duda, la relaci\u00f3n m\u00e1s compleja de mi vida. Una en la que aprend\u00ed a quebrarme y a reconstruirme tantas veces hasta convertirme en quien soy hoy\u201d.<\/span><\/p>\n<p>\u00a0<\/p>\n<p><span style=\"font-weight: 400\">Aislinn enfatiz\u00f3 c\u00f3mo esa din\u00e1mica imperfecta la forj\u00f3, destacando las cualidades que hered\u00f3: \u201cLa manera en la que enfrento la vida, la incansable curiosidad por entender el mundo y a las personas, la profundidad con la que siento, la fuerza con la que camino, la intensidad con la que vivo, nacieron tambi\u00e9n de ah\u00ed; de una historia imperfecta que me ense\u00f1\u00f3 a sostenerme, a cuidarme, a conocerme y a buscar infinidad de herramientas, las cuales hoy me apasiona compartir para que otros puedan atravesar sus dolores m\u00e1s acompa\u00f1ados\u201d.<\/span><\/p>\n<p>\u00a0<\/p>\n<p><span style=\"font-weight: 400\">En su escrito, Aislinn tambi\u00e9n reflexion\u00f3 sobre la aceptaci\u00f3n de lo que no fue como esperaba: \u201cGracias a ti entend\u00ed que muchas cosas no iban a ser como yo so\u00f1aba. Y aun as\u00ed, hoy puedo quedarme en paz con lo que nunca fue. Porque lo que s\u00ed fue, con todo y su caos, ha sido m\u00e1s poderoso y m\u00e1s formador que cualquier fantas\u00eda de perfecci\u00f3n\u201d.<\/span><\/p>\n<p>\u00a0<\/p>\n<p><span style=\"font-weight: 400\">\u201cTe dejo ir con amor. Con perd\u00f3n. Con compasi\u00f3n. Y con profunda aceptaci\u00f3n y gratitud. Deseo que tu siguiente vida sea m\u00e1s suave, menos ca\u00f3tica y, sobre todo, m\u00e1s amorosa contigo misma. Que ah\u00ed s\u00ed puedas cumplir todos esos sue\u00f1os que se quedaron esperando. Te amo por siempre, mam\u00e1\u201d.<\/span><\/p>\n<p>\u00a0<\/p>\n<p><span style=\"font-weight: 400\">Este mensaje no solo marc\u00f3 un punto de paz en el duelo de Aislinn, sino que toc\u00f3 a miles que han vivido relaciones maternas complicadas. En un a\u00f1o de p\u00e9rdidas y transformaci\u00f3n, su vulnerabilidad nos record\u00f3 que del caos surge fuerza y que el amor verdadero permite soltar con gratitud. Que su ejemplo inspire a quienes enfrentan duelos similares: la sanaci\u00f3n llega, paso a paso, rodeados de quienes nos sostienen.<\/span><\/p>\n<p>\u00a0<\/p>\n<p><span style=\"font-weight: 400\">A lo largo de diciembre, la actriz describi\u00f3 este mes como \u201cun a\u00f1o entero en 30 d\u00edas\u201d, acumulando no solo el duelo, sino una cirug\u00eda postergada, mudanzas, un retiro emocional con su proyecto\u00a0<\/span><i><span style=\"font-weight: 400\">La Magia del Caos<\/span><\/i><span style=\"font-weight: 400\">\u00a0y retos laborales. Comparti\u00f3 fotos \u00edntimas del funeral privado, donde aparece abrazada por Vadhir y rodeada de su familia, incluyendo reuniones navide\u00f1as con los Derbez que la ayudaron a sostenerse.<\/span><\/p>\n<p>\u00a0<\/p>\n<p><span style=\"font-weight: 400\">A pesar de las pol\u00e9micas iniciales, el apoyo familiar fue constante: Eugenio y Alessandra Rosaldo expresaron su solidaridad, y Aislinn agradeci\u00f3 p\u00fablicamente a su \u201ctribu\u201d por acompa\u00f1arla en ese proceso de crecimiento en medio del dolor. Finalmente, cerr\u00f3 su despedida con palabras de liberaci\u00f3n y amor eterno<\/span><\/p>\n<p><br style=\"font-weight: 400\" \/><br style=\"font-weight: 400\" \/><\/p>\n<p>La entrada <a href=\"https:\/\/noticiasdequeretaro.com.mx\/2026\/01\/01\/abandonada-y-en-la-miseria\/\">\u00bfAbandonada y en la miseria?<\/a> aparece primero en <a href=\"https:\/\/noticiasdequeretaro.com.mx\">Noticias de Quer\u00e9taro<\/a>.<\/p>\n<p><\/p>\n","protected":false},"excerpt":{"rendered":"<p>*La verdad detr\u00e1s del ingreso de Lucila Mariscal a un asiloLucila Mariscal, ic\u00f3nica comediante mexicana, ha tomado una decisi\u00f3n personal para priorizar su bienestar en la tercera edad, desmintiendo rumores de abandono. La actriz cuenta con\u00a050 a\u00f1os de trayectoria en el entretenimiento mexicano, es recordada por generaciones gracias a su emblem\u00e1tico personaje \u201cDo\u00f1a Lencha\u201d, que [&hellip;]<\/p>\n","protected":false},"author":2,"featured_media":53853,"comment_status":"","ping_status":"","sticky":false,"template":"","format":"standard","meta":{"_monsterinsights_skip_tracking":false,"_monsterinsights_sitenote_active":false,"_monsterinsights_sitenote_note":"","_monsterinsights_sitenote_category":0,"footnotes":""},"categories":[4],"tags":[],"class_list":["post-53852","post","type-post","status-publish","format-standard","has-post-thumbnail","hentry","category-queretaro"],"_links":{"self":[{"href":"https:\/\/informebajio.com.mx\/index.php?rest_route=\/wp\/v2\/posts\/53852","targetHints":{"allow":["GET"]}}],"collection":[{"href":"https:\/\/informebajio.com.mx\/index.php?rest_route=\/wp\/v2\/posts"}],"about":[{"href":"https:\/\/informebajio.com.mx\/index.php?rest_route=\/wp\/v2\/types\/post"}],"author":[{"embeddable":true,"href":"https:\/\/informebajio.com.mx\/index.php?rest_route=\/wp\/v2\/users\/2"}],"replies":[{"embeddable":true,"href":"https:\/\/informebajio.com.mx\/index.php?rest_route=%2Fwp%2Fv2%2Fcomments&post=53852"}],"version-history":[{"count":0,"href":"https:\/\/informebajio.com.mx\/index.php?rest_route=\/wp\/v2\/posts\/53852\/revisions"}],"wp:featuredmedia":[{"embeddable":true,"href":"https:\/\/informebajio.com.mx\/index.php?rest_route=\/wp\/v2\/media\/53853"}],"wp:attachment":[{"href":"https:\/\/informebajio.com.mx\/index.php?rest_route=%2Fwp%2Fv2%2Fmedia&parent=53852"}],"wp:term":[{"taxonomy":"category","embeddable":true,"href":"https:\/\/informebajio.com.mx\/index.php?rest_route=%2Fwp%2Fv2%2Fcategories&post=53852"},{"taxonomy":"post_tag","embeddable":true,"href":"https:\/\/informebajio.com.mx\/index.php?rest_route=%2Fwp%2Fv2%2Ftags&post=53852"}],"curies":[{"name":"wp","href":"https:\/\/api.w.org\/{rel}","templated":true}]}}