{"id":53868,"date":"2026-01-04T10:37:10","date_gmt":"2026-01-04T16:37:10","guid":{"rendered":"https:\/\/informebajio.com.mx\/?p=53868"},"modified":"2026-01-04T10:37:10","modified_gmt":"2026-01-04T16:37:10","slug":"concluye-feria-de-navidad-celaya-2025-con-saldo-positivo","status":"publish","type":"post","link":"https:\/\/informebajio.com.mx\/?p=53868","title":{"rendered":"Concluye Feria de Navidad Celaya 2025 con saldo positivo"},"content":{"rendered":"<div>\n<h2><span style=\"font-weight: 400;\">Tras siete a\u00f1os de ausencia, la Feria recibi\u00f3 con saldo blanco a m\u00e1s de 100 mil personas con el respaldo de la tecnolog\u00eda mexicana Guardi\u00e1n Inteligente.<\/span><\/h2>\n<p><span style=\"font-weight: 400;\">Noticias\u00a0<\/span><\/p>\n<p>\u00a0<\/p>\n<p><span style=\"font-weight: 400;\">La Feria de Navidad de Celaya 2025, que fue recibida con escepticismo, concluy\u00f3 con resultados positivos, consolid\u00e1ndose como un referente de organizaci\u00f3n y seguridad en la regi\u00f3n del Baj\u00edo. Con una afluencia superior a las 100 mil personas, m\u00e1s de una decena de conciertos y una inversi\u00f3n de 43 millones de pesos, el evento devolvi\u00f3 a los j\u00f3venes y a las familias celayenses un espacio de convivencia y esparcimiento que se desarroll\u00f3 con orden y saldo blanco contra los presagios menos optimistas.<\/span><\/p>\n<p><span style=\"font-weight: 400;\">Despu\u00e9s de siete a\u00f1os consecutivos sin realizarse debido a problemas de inseguridad, la administraci\u00f3n municipal, encabezada por el alcalde Juan Miguel Ram\u00edrez S\u00e1nchez, impuls\u00f3 el rescate integral de la feria, apostando por un modelo de seguridad preventiva gracias al acompa\u00f1amiento de nuevas tecnolog\u00edas. En colaboraci\u00f3n con una empresa 100% mexicana y en coordinaci\u00f3n con autoridades de los tres niveles de gobierno se despleg\u00f3 un modelo tecnol\u00f3gico avanzado que permiti\u00f3 garantizar un entorno seguro durante las dos semanas que se celebr\u00f3 la feria.<\/span><\/p>\n<p><span style=\"font-weight: 400;\">La eficacia de esta nueva tecnolog\u00eda en Celaya es el resultado de una trayectoria de \u00e9xitos probados en los eventos m\u00e1s importantes del Baj\u00edo durante 2025. En septiembre, la empresa tambi\u00e9n particip\u00f3 en la Feria de San Miguel de Allende, donde su despliegue tecnol\u00f3gico contribuy\u00f3 a que esta festividad, que reuni\u00f3 a miles de personas, registrara igualmente saldo blanco y se consolidara como una de las m\u00e1s seguras del estado de Guanajuato.<\/span><\/p>\n<p><span style=\"font-weight: 400;\">Asimismo, en noviembre, Guardi\u00e1n Inteligente form\u00f3 parte del esquema de seguridad de la Feria Internacional Ganadera de Quer\u00e9taro, elevando los est\u00e1ndares de vigilancia mediante el uso de c\u00e1maras biom\u00e9tricas, botones de p\u00e1nico y drones especializados, integrados en una estrategia inteligente de monitoreo que permiti\u00f3 blindar el palenque y las zonas de mayor afluencia.<\/span><\/p>\n<p><span style=\"font-weight: 400;\">Despu\u00e9s de consolidar este \u201ctres de tres\u201d de seguridad en San Miguel de Allende, Quer\u00e9taro y Celaya, el pr\u00f3ximo reto apunta hacia la Feria de Le\u00f3n 2026, reconocida como una de las m\u00e1s grandes y relevantes de M\u00e9xico. El objetivo es claro: recuperar para la seguridad los escenarios m\u00e1s exigentes del pa\u00eds, demostrando que la suma de nuevas tecnolog\u00edas y la voluntad de las instituciones permiten devolverle a la ciudadan\u00eda la tranquilidad de disfrutar sus tradiciones en paz.<\/span><\/p>\n<\/div>\n<p><script>(function(d, s, id) {\n  var js, fjs = d.getElementsByTagName(s)[0];\n  if (d.getElementById(id)) return;\n  js = d.createElement(s); js.id = id;\n  js.src = \"\/\/connect.facebook.net\/es_LA\/sdk.js#xfbml=1&appId=546007945598485&version=v2.3\";\n  fjs.parentNode.insertBefore(js, fjs);\n}(document, 'script', 'facebook-jssdk'));<\/script><\/p>\n","protected":false},"excerpt":{"rendered":"<p>Tras siete a\u00f1os de ausencia, la Feria recibi\u00f3 con saldo blanco a m\u00e1s de 100 mil personas con el respaldo de la tecnolog\u00eda mexicana Guardi\u00e1n Inteligente. Noticias\u00a0 \u00a0 La Feria de Navidad de Celaya 2025, que fue recibida con escepticismo, concluy\u00f3 con resultados positivos, consolid\u00e1ndose como un referente de organizaci\u00f3n y seguridad en la regi\u00f3n [&hellip;]<\/p>\n","protected":false},"author":2,"featured_media":53869,"comment_status":"","ping_status":"","sticky":false,"template":"","format":"standard","meta":{"_monsterinsights_skip_tracking":false,"_monsterinsights_sitenote_active":false,"_monsterinsights_sitenote_note":"","_monsterinsights_sitenote_category":0,"footnotes":""},"categories":[4],"tags":[],"class_list":["post-53868","post","type-post","status-publish","format-standard","has-post-thumbnail","hentry","category-queretaro"],"_links":{"self":[{"href":"https:\/\/informebajio.com.mx\/index.php?rest_route=\/wp\/v2\/posts\/53868","targetHints":{"allow":["GET"]}}],"collection":[{"href":"https:\/\/informebajio.com.mx\/index.php?rest_route=\/wp\/v2\/posts"}],"about":[{"href":"https:\/\/informebajio.com.mx\/index.php?rest_route=\/wp\/v2\/types\/post"}],"author":[{"embeddable":true,"href":"https:\/\/informebajio.com.mx\/index.php?rest_route=\/wp\/v2\/users\/2"}],"replies":[{"embeddable":true,"href":"https:\/\/informebajio.com.mx\/index.php?rest_route=%2Fwp%2Fv2%2Fcomments&post=53868"}],"version-history":[{"count":0,"href":"https:\/\/informebajio.com.mx\/index.php?rest_route=\/wp\/v2\/posts\/53868\/revisions"}],"wp:featuredmedia":[{"embeddable":true,"href":"https:\/\/informebajio.com.mx\/index.php?rest_route=\/wp\/v2\/media\/53869"}],"wp:attachment":[{"href":"https:\/\/informebajio.com.mx\/index.php?rest_route=%2Fwp%2Fv2%2Fmedia&parent=53868"}],"wp:term":[{"taxonomy":"category","embeddable":true,"href":"https:\/\/informebajio.com.mx\/index.php?rest_route=%2Fwp%2Fv2%2Fcategories&post=53868"},{"taxonomy":"post_tag","embeddable":true,"href":"https:\/\/informebajio.com.mx\/index.php?rest_route=%2Fwp%2Fv2%2Ftags&post=53868"}],"curies":[{"name":"wp","href":"https:\/\/api.w.org\/{rel}","templated":true}]}}