{"id":53870,"date":"2026-01-04T15:38:27","date_gmt":"2026-01-04T21:38:27","guid":{"rendered":"https:\/\/informebajio.com.mx\/?p=53870"},"modified":"2026-01-04T15:38:27","modified_gmt":"2026-01-04T21:38:27","slug":"tequisquiapan-alcanza-ocupacion-hotelera-total","status":"publish","type":"post","link":"https:\/\/informebajio.com.mx\/?p=53870","title":{"rendered":"Tequisquiapan alcanza ocupaci\u00f3n hotelera total\u00a0"},"content":{"rendered":"<div>\n<h2><span style=\"font-weight: 400;\">Turistas disfrutaron de su Villa Navide\u00f1a <\/span><\/h2>\n<p><span style=\"font-weight: 400;\">Por Josefina Herrera\u00a0<\/span><\/p>\n<p><span style=\"font-weight: 400;\">Noticias\u00a0<\/span><\/p>\n<p>\u00a0<\/p>\n<p><span style=\"font-weight: 400;\">El municipio de Tequisquiapan report\u00f3 una ocupaci\u00f3n hotelera al m\u00e1ximo durante esta temporada de fin de a\u00f1o, impulsada por la alta afluencia de visitantes que ha generado la Villa Navide\u00f1a, considerada ya como uno de los principales atractivos tur\u00edsticos de la regi\u00f3n y del estado.<\/span><\/p>\n<p><span style=\"font-weight: 400;\">El arranque oficial de este programa se dio con el encendido del \u00e1rbol navide\u00f1o artesanal, elaborado por manos de artesanas y artesanos locales, al igual que la decoraci\u00f3n que logr\u00f3 distinguir a este espacio por su originalidad y por resaltar la identidad cultural del Pueblo M\u00e1gico.\u00a0<\/span><\/p>\n<p><span style=\"font-weight: 400;\">De acuerdo al reporte de las autoridades, este evento marc\u00f3 el inicio de una serie de actividades enfocadas en la convivencia familiar y la preservaci\u00f3n de las tradiciones.<\/span><\/p>\n<p><span style=\"font-weight: 400;\">Durante los recorridos por la Villa Navide\u00f1a, familias y turistas han disfrutado de diversas atracciones, entre ellas el carrusel y las tradicionales nevadas artificiales, que se han convertido en uno de los principales atractivos para ni\u00f1as y ni\u00f1os, acciones que forman parte de la estrategia del Gobierno Municipal para promover el sano esparcimiento y la cohesi\u00f3n social en la temporada decembrina.<\/span><\/p>\n<p><span style=\"font-weight: 400;\">Cabe se\u00f1alar que la Villa Navide\u00f1a permanecer\u00e1 abierta hasta el pr\u00f3ximo de enero, la cual contin\u00faa ofreciendo un programa que incluye conciertos, presentaciones art\u00edsticas, danza, teatro, festivales musicales, talleres y exposiciones culturales, distribuidas en espacios como la Plaza Miguel Hidalgo, Plaza Santa Cecilia, Parque La Pila y el Auditorio Municipal.<\/span><\/p>\n<p><span style=\"font-weight: 400;\">Las autoridades municipales destacan que la respuesta del p\u00fablico ha tenido un impacto positivo en la econom\u00eda local, al fortalecer la actividad tur\u00edstica y consolidar a Tequisquiapan como uno de los destinos m\u00e1s visitados para celebrar las fiestas decembrinas y el cierre de a\u00f1o.<\/span><\/p>\n<\/div>\n<p><script>(function(d, s, id) {\n  var js, fjs = d.getElementsByTagName(s)[0];\n  if (d.getElementById(id)) return;\n  js = d.createElement(s); js.id = id;\n  js.src = \"\/\/connect.facebook.net\/es_LA\/sdk.js#xfbml=1&appId=546007945598485&version=v2.3\";\n  fjs.parentNode.insertBefore(js, fjs);\n}(document, 'script', 'facebook-jssdk'));<\/script><\/p>\n","protected":false},"excerpt":{"rendered":"<p>Turistas disfrutaron de su Villa Navide\u00f1a Por Josefina Herrera\u00a0 Noticias\u00a0 \u00a0 El municipio de Tequisquiapan report\u00f3 una ocupaci\u00f3n hotelera al m\u00e1ximo durante esta temporada de fin de a\u00f1o, impulsada por la alta afluencia de visitantes que ha generado la Villa Navide\u00f1a, considerada ya como uno de los principales atractivos tur\u00edsticos de la regi\u00f3n y del [&hellip;]<\/p>\n","protected":false},"author":2,"featured_media":53871,"comment_status":"","ping_status":"","sticky":false,"template":"","format":"standard","meta":{"_monsterinsights_skip_tracking":false,"_monsterinsights_sitenote_active":false,"_monsterinsights_sitenote_note":"","_monsterinsights_sitenote_category":0,"footnotes":""},"categories":[4],"tags":[],"class_list":["post-53870","post","type-post","status-publish","format-standard","has-post-thumbnail","hentry","category-queretaro"],"_links":{"self":[{"href":"https:\/\/informebajio.com.mx\/index.php?rest_route=\/wp\/v2\/posts\/53870","targetHints":{"allow":["GET"]}}],"collection":[{"href":"https:\/\/informebajio.com.mx\/index.php?rest_route=\/wp\/v2\/posts"}],"about":[{"href":"https:\/\/informebajio.com.mx\/index.php?rest_route=\/wp\/v2\/types\/post"}],"author":[{"embeddable":true,"href":"https:\/\/informebajio.com.mx\/index.php?rest_route=\/wp\/v2\/users\/2"}],"replies":[{"embeddable":true,"href":"https:\/\/informebajio.com.mx\/index.php?rest_route=%2Fwp%2Fv2%2Fcomments&post=53870"}],"version-history":[{"count":0,"href":"https:\/\/informebajio.com.mx\/index.php?rest_route=\/wp\/v2\/posts\/53870\/revisions"}],"wp:featuredmedia":[{"embeddable":true,"href":"https:\/\/informebajio.com.mx\/index.php?rest_route=\/wp\/v2\/media\/53871"}],"wp:attachment":[{"href":"https:\/\/informebajio.com.mx\/index.php?rest_route=%2Fwp%2Fv2%2Fmedia&parent=53870"}],"wp:term":[{"taxonomy":"category","embeddable":true,"href":"https:\/\/informebajio.com.mx\/index.php?rest_route=%2Fwp%2Fv2%2Fcategories&post=53870"},{"taxonomy":"post_tag","embeddable":true,"href":"https:\/\/informebajio.com.mx\/index.php?rest_route=%2Fwp%2Fv2%2Ftags&post=53870"}],"curies":[{"name":"wp","href":"https:\/\/api.w.org\/{rel}","templated":true}]}}