{"id":53892,"date":"2026-01-06T04:27:09","date_gmt":"2026-01-06T10:27:09","guid":{"rendered":"https:\/\/informebajio.com.mx\/?p=53892"},"modified":"2026-01-06T04:27:09","modified_gmt":"2026-01-06T10:27:09","slug":"alfonso-martinez-el-independiente-que-desafia-la-hegemonia-de-morena-en-michoacan","status":"publish","type":"post","link":"https:\/\/informebajio.com.mx\/?p=53892","title":{"rendered":"Alfonso Mart\u00ednez, el independiente que desaf\u00eda la hegemon\u00eda de Morena en Michoac\u00e1n"},"content":{"rendered":"<div data-dtm-region=\"articulo_cuerpo\">\n<p class=\"\">\u201cLo primero que tengo que puntualizar es que yo no soy panista\u201d, dice el alcalde de Morelia, Alfonso Mart\u00ednez Alc\u00e1zar. Ha ganado tres veces la capital michoacana y hoy se perfila como una de las figuras de la oposici\u00f3n a seguir en 2026, el a\u00f1o previo a una nueva elecci\u00f3n en su estado, donde los problemas de inseguridad y violencia han obligado <a href=\"https:\/\/elpais.com\/mexico\/2025-11-11\/el-profundo-calado-del-crimen-en-michoacan-reta-el-ambicioso-plan-de-paz.html\" target=\"_self\" rel=\"\" title=\"https:\/\/elpais.com\/mexico\/2025-11-11\/el-profundo-calado-del-crimen-en-michoacan-reta-el-ambicioso-plan-de-paz.html\">una intervenci\u00f3n del gobierno<\/a> de la presidenta Claudia Sheinbaum.<\/p>\n<p class=\"\">Hace 11 a\u00f1os, Alfonso Mart\u00ednez renunci\u00f3 a una militancia de dos d\u00e9cadas en el Partido Acci\u00f3n Nacional (PAN). Se fue harto de los \u201cpadroneros\u201d -dirigentes locales que manipulan las afiliaciones para controlar los \u00f3rganos de direcci\u00f3n partidista- y especialmente de <a href=\"https:\/\/elpais.com\/mexico\/2024-07-03\/el-expresidente-felipe-calderon-carga-con-dureza-contra-marko-cortes-por-la-debacle-del-pan.html\" target=\"_self\" rel=\"\" title=\"https:\/\/elpais.com\/mexico\/2024-07-03\/el-expresidente-felipe-calderon-carga-con-dureza-contra-marko-cortes-por-la-debacle-del-pan.html\">Marko Cort\u00e9s<\/a>, el entonces l\u00edder del panismo en Michoac\u00e1n, a quien acus\u00f3 de corromper la selecci\u00f3n de candidaturas. Su renuncia a la organizaci\u00f3n le dio dividendos pronto, pues en las elecciones de 2015 Mart\u00ednez se convirti\u00f3 en el primer presidente municipal independiente del pa\u00eds. <\/p>\n<p class=\"\">Inici\u00f3 su carrera pol\u00edtica en los 90 y fue de los que tuvo que picar piedra en las filas municipales de Acci\u00f3n Nacional hasta alcanzar una candidatura suplente. Fue maestro y subdirector en la escuela que fund\u00f3 su padre, y particip\u00f3 del negocio familiar mientras estudiaba ingenier\u00eda industrial y una maestr\u00eda en administraci\u00f3n. En 2005, con 30 a\u00f1os, gan\u00f3 una diputaci\u00f3n en el Congreso local de Michoac\u00e1n. En 2008, compiti\u00f3 por primera vez por la presidencia municipal de Morelia y perdi\u00f3 la elecci\u00f3n. Y, un a\u00f1o despu\u00e9s, gan\u00f3 una diputaci\u00f3n federal. <\/p>\n<p class=\"\">En 2011 intent\u00f3 ser nuevamente candidato del PAN en Morelia, pero Marko Cort\u00e9s le gan\u00f3 la contienda interna gracias a su control del partido. Ese a\u00f1o, en la agon\u00eda del sexenio de <a href=\"https:\/\/elpais.com\/mexico\/2025-11-10\/felipe-calderon-cuando-yo-sali-se-dejo-que-los-criminales-volvieran-a-crecer-y-se-apoderaron-del-estado.html\" target=\"_self\" rel=\"\" title=\"https:\/\/elpais.com\/mexico\/2025-11-10\/felipe-calderon-cuando-yo-sali-se-dejo-que-los-criminales-volvieran-a-crecer-y-se-apoderaron-del-estado.html\">Felipe Calder\u00f3n<\/a>, el PAN perdi\u00f3 casi todo frente al PRI, incluida la ciudad de Morelia, pero Alfonso Mart\u00ednez gan\u00f3 un distrito y se convirti\u00f3 en diputado local y, m\u00e1s tarde, en coordinador de la bancada panista en el Congreso michoacano. <\/p>\n<p class=\"\">En las elecciones de 2015 era el mejor prospecto para competir por la capital del estado, pero nuevamente Marko Cort\u00e9s se atraves\u00f3 en su camino; le hizo saber que no ser\u00eda el candidato del PAN y lo orill\u00f3 a renunciar y postularse como independiente. \u00c9l se fue, criticando que su partido se hubiese corrompido, hizo una vistosa campa\u00f1a como independiente y gan\u00f3 con 75.000 votos, derrotando a ocho candidatos postulados por los partidos pol\u00edticos, incluido <a href=\"https:\/\/elpais.com\/mexico\/2025-11-12\/ramirez-bedolla-el-gobernador-al-que-se-le-incendio-michoacan-en-un-mes.html\" target=\"_self\" rel=\"\" title=\"https:\/\/elpais.com\/mexico\/2025-11-12\/ramirez-bedolla-el-gobernador-al-que-se-le-incendio-michoacan-en-un-mes.html\">Alfredo Ram\u00edrez Bedolla<\/a>, de Morena. <\/p>\n<p class=\"\">En su primer periodo como alcalde de la capital michoacana (2015-2018), Mart\u00ednez coincidi\u00f3 con el gobierno del perredista <a href=\"https:\/\/elpais.com\/mexico\/2025-03-10\/silvano-aureoles-los-apuros-del-ultimo-gobernador-del-prd.html\" target=\"_self\" rel=\"\" title=\"https:\/\/elpais.com\/mexico\/2025-03-10\/silvano-aureoles-los-apuros-del-ultimo-gobernador-del-prd.html\">Silvano Aureoles<\/a>, al que muy pronto le estallaron conflictos, crisis y esc\u00e1ndalos de corrupci\u00f3n. En medio de ese desastre, su gesti\u00f3n como alcalde fue bien valorada y en 2018 intent\u00f3 reelegirse. Obtuvo 20.000 votos m\u00e1s que en su primera elecci\u00f3n, pero Morena le gan\u00f3 por una nariz, gracias al arrastre de <a href=\"https:\/\/elpais.com\/internacional\/2018\/07\/01\/actualidad\/1530402875_373000.html\" target=\"_self\" rel=\"\" title=\"https:\/\/elpais.com\/internacional\/2018\/07\/01\/actualidad\/1530402875_373000.html\">Andr\u00e9s Manuel L\u00f3pez Obrador<\/a>. <\/p>\n<figure class=\"a_m a_m-h \"><span class=\"_db a_m_w _pr lb_btn\"><img alt=\"Alfonso Mart\u00ednez Alc\u00e1zar, pol\u00edtico mexicano, Presidente Municipal de Morelia en la librer\u00eda Un lugar de la mancha, en Ciudad de M\u00e9xico el 18 de diciembre del 2025.\" decoding=\"auto\" class=\"_re lazyload a_m-h\" height=\"276\" srcset=\"https:\/\/imagenes.elpais.com\/resizer\/v2\/BC67GFPPBNHO5CCI3PCSH2PF6Q.jpg?auth=faed818f8fc7d6fba3fe914577327101f4beee07546563fb91ebcab2c6f87c82&amp;width=414 414w,https:\/\/imagenes.elpais.com\/resizer\/v2\/BC67GFPPBNHO5CCI3PCSH2PF6Q.jpg?auth=faed818f8fc7d6fba3fe914577327101f4beee07546563fb91ebcab2c6f87c82&amp;width=828 640w,https:\/\/imagenes.elpais.com\/resizer\/v2\/BC67GFPPBNHO5CCI3PCSH2PF6Q.jpg?auth=faed818f8fc7d6fba3fe914577327101f4beee07546563fb91ebcab2c6f87c82&amp;width=980 1000w,https:\/\/imagenes.elpais.com\/resizer\/v2\/BC67GFPPBNHO5CCI3PCSH2PF6Q.jpg?auth=faed818f8fc7d6fba3fe914577327101f4beee07546563fb91ebcab2c6f87c82&amp;width=1960 1960w\" width=\"414\" sizes=\"auto, (min-width:1199px) 1155px,(min-width:1001px) calc(100vw - 44px),(min-width:768px) 767px, 100vw\" src=\"https:\/\/imagenes.elpais.com\/resizer\/v2\/BC67GFPPBNHO5CCI3PCSH2PF6Q.jpg?auth=faed818f8fc7d6fba3fe914577327101f4beee07546563fb91ebcab2c6f87c82&amp;width=414\" loading=\"lazy\"\/><svg aria-hidden=\"true\" class=\"icon_multimedia_ampliar | _pa a_m_i a_m_i-a _dn\" viewbox=\"0 0 40 40\"><use xlink:href=\"#svg-ampliar\"\/><\/svg><\/span><figcaption class=\"a_m_p\" aria-hidden=\"true\"><span>Alfonso Mart\u00ednez Alc\u00e1zar alcalde independiente de Morena, Michoac\u00e1n. <\/span><span class=\"a_m_m\">Aggi Gardu\u00f1o<\/span><\/figcaption><\/figure>\n<p class=\"\">Dos a\u00f1os despu\u00e9s, de cara a una nueva elecci\u00f3n, acord\u00f3 participar como candidato del PAN y del PRD, pero sin afiliarse a ninguno de los dos partidos. No acept\u00f3 que el PRI formara parte de la alianza, y triunf\u00f3 con m\u00e1s de 100.000 votos y una diferencia clara respecto de Morena, partido que gan\u00f3 casi todo el estado y que llev\u00f3 a Alfonso Ram\u00edrez Bedolla a la gubernatura. Su nueva gesti\u00f3n volvi\u00f3 a posicionarlo y, en 2024, se postul\u00f3 a la reelecci\u00f3n, volvi\u00f3 a rechazar afiliarse y que el PRI se sumara a su candidatura, y gan\u00f3, ahora con 164.000 votos. <\/p>\n<p class=\"\">En una elecci\u00f3n dominada por la coalici\u00f3n Morena-PVEM-PT, su triunfo volvi\u00f3 a ponerle los reflectores encima, pues fue uno de los pocos opositores que pudo contar una historia de \u00e9xito <a href=\"https:\/\/elpais.com\/mexico\/elecciones-mexicanas\/2024-08-16\/asi-le-contamos-las-elecciones-en-mexico-2024.html\" target=\"_self\" rel=\"\" title=\"https:\/\/elpais.com\/mexico\/elecciones-mexicanas\/2024-08-16\/asi-le-contamos-las-elecciones-en-mexico-2024.html\">en 2024<\/a>. \u201cDecid\u00ed hacer equipo con la oposici\u00f3n, pero yo creo que los ciudadanos debemos estar por encima de los partidos pol\u00edticos. Participo como candidato de la alianza porque me une a ellos no estar de acuerdo con los gobiernos de la 4T, pero sin afiliarme a ninguno de los partidos\u201d, explica. <\/p>\n<p class=\"\">Recorrer Morelia en tres campa\u00f1as, m\u00e1s de 20 a\u00f1os de trabajo pol\u00edtico y mantenerse como independiente le permiti\u00f3, adem\u00e1s, crear su propio equipo con perfiles profesionales para las \u00e1reas t\u00e9cnicas, y no con cuotas de los partidos. \u201cNo estaba dispuesto a llegar a un gobierno donde los cargos se repartieran como si fuera un pastel\u201d, afirma. <\/p>\n<p class=\"\">Derrotar dos veces a Morena en la capital y gobernar una ciudad de 900 mil habitantes, tur\u00edstica y en la que se celebra el festival de cine m\u00e1s importante del pa\u00eds, le ha dado una proyecci\u00f3n local y nacional que lo convierten en prospecto a la gubernatura de Michoac\u00e1n en 2027. Sin embargo, \u00e9l es cauteloso al hablar de esta aspiraci\u00f3n. \u201cCuando una persona se dedica al servicio p\u00fablico tiene que trabajar en el d\u00eda a d\u00eda y dejar los a\u00f1os electorales para los a\u00f1os electorales, porque cuando los anticipas pasan dos cosas: primero, violas las leyes electorales, que son restrictivas y no las comparto, pero que las tenemos que acatar. Pero la otra es que se enrarece el entorno pol\u00edtico y se complican las cosas para dar resultados a los ciudadanos. Hoy hay que trabajar, y en el 27 veremos\u201d. <\/p>\n<h3 class=\"\">Carlos Manzo y la bandera de la seguridad <\/h3>\n<p class=\"\">La noche del 1 de noviembre, una de las primeras personas que condenaron el asesinato del alcalde de Uruapan, <a href=\"https:\/\/elpais.com\/mexico\/opinion\/2025-11-05\/carlos-manzo-un-sombrero-en-un-pajar.html\" target=\"_self\" rel=\"\" title=\"https:\/\/elpais.com\/mexico\/opinion\/2025-11-05\/carlos-manzo-un-sombrero-en-un-pajar.html\">Carlos Manzo<\/a>, fue Alfonso Mart\u00ednez, quien acompa\u00f1\u00f3 su mensaje de condolencias con la frase: \u201cM\u00e9xico necesita justicia y paz, no m\u00e1s v\u00edctimas\u201d. Dos d\u00edas despu\u00e9s, en medio de la indignaci\u00f3n nacional por el crimen, el edil se extendi\u00f3 en sus comentarios: \u201cEste hecho confirma que los municipios estamos en la primera l\u00ednea de fuego frente a la delincuencia y que la contenci\u00f3n a base de abrazos no sirve de nada\u201d. <\/p>\n<p class=\"\">El 7 de noviembre, subi\u00f3 un mensaje de respaldo a quienes se manifestaron en Uruapan exigiendo paz y, tres d\u00edas despu\u00e9s, critic\u00f3 que el <a href=\"https:\/\/elpais.com\/mexico\/2025-11-04\/claudia-sheinbaum-anuncia-la-intervencion-federal-en-michoacan-con-un-plan-de-paz-y-justicia.html\" target=\"_self\" rel=\"\" title=\"https:\/\/elpais.com\/mexico\/2025-11-04\/claudia-sheinbaum-anuncia-la-intervencion-federal-en-michoacan-con-un-plan-de-paz-y-justicia.html\">Plan Michoac\u00e1n<\/a> se haya presentado desde Palacio Nacional y que excluya a los presidentes municipales. Una semana despu\u00e9s, ya estaba sentado con Omar Garc\u00eda Harfuch, el secretario de Seguridad del gobierno federal, para conversar sobre sus preocupaciones y lo que \u00e9l ha hecho en Morelia para combatir a la delincuencia. <\/p>\n<p class=\"\">\u201cTengo la mejor impresi\u00f3n; al haber hecho yo p\u00fablicas esas cr\u00edticas constructivas al Plan Michoac\u00e1n, \u00e9l me busca y me da una cita en la Ciudad de M\u00e9xico, en donde pude exponer estas preocupaciones. Y yo le dec\u00eda que el tema es c\u00f3mo fortalecemos a los municipios y c\u00f3mo se apoya de manera permanente, al menos con la Polic\u00eda del estado, a los municipios m\u00e1s peque\u00f1os, para que puedan proteger a sus ciudadanos. \u00c9l tom\u00f3 nota y me pidi\u00f3 que hiciera una solicitud para ver c\u00f3mo fortalecemos a nuestra polic\u00eda, y ha estado atento. Por eso me atrevo a decir que en el tema de seguridad s\u00ed ha habido un cambio respecto al sexenio anterior\u201d, narra el alcalde que, en su primera gesti\u00f3n, cre\u00f3 un cuerpo de polic\u00eda municipal que hoy cuenta con 800 elementos y ha convertido a Morelia en una excepci\u00f3n en un estado controlado en amplios territorios por el crimen organizado. <\/p>\n<p class=\"\">La existencia de m\u00e1s de 5.000 c\u00e1maras en Morelia \u2013de las cuales m\u00e1s de 3.000 son de particulares que permiten conectarse al ayuntamiento-, el modelo de justicia c\u00edvica y las pol\u00edticas de prevenci\u00f3n y cultura de paz en colonias populares, son otros componentes de esa estrategia. \u201cHoy Morelia es distinto. Yo recib\u00ed un promedio de 42 asesinatos por mes, y ya estamos abajo de los 10 y, por ejemplo, noviembre lo cerramos con s\u00f3lo tres homicidios\u201d. <\/p>\n<p class=\"\">Alfonso Mart\u00ednez no es un pol\u00edtico normal en M\u00e9xico. No est\u00e1 rodeado de asistentes ni guardaespaldas. Al terminar la charla, en una librer\u00eda de la Ciudad de M\u00e9xico, llama por tel\u00e9fono a su esposa para ver d\u00f3nde la alcanza. Luce contento, porque ella le acaba de informar que han llegado a la cifra de 15.000 asistentes a la pista de hielo instalada en la plaza municipal, un atractivo navide\u00f1o que se ofrece gratuitamente a la poblaci\u00f3n. \u201cEl turismo se fue de Morelia despu\u00e9s de 2008 (cuando <a href=\"https:\/\/elpais.com\/internacional\/2008\/09\/16\/actualidad\/1221516011_850215.html\" target=\"_self\" rel=\"\" title=\"https:\/\/elpais.com\/internacional\/2008\/09\/16\/actualidad\/1221516011_850215.html\">estallaron dos explosivos<\/a> en la conmemoraci\u00f3n del Grito de Independencia) y hoy hay un nuevo Morelia\u201d, presume, \u201csi vas un fin de semana, tienes que hacer fila para entrar a un restaurante\u201d. <\/p>\n<\/div>\n<p><\/p>\n","protected":false},"excerpt":{"rendered":"<p>\u201cLo primero que tengo que puntualizar es que yo no soy panista\u201d, dice el alcalde de Morelia, Alfonso Mart\u00ednez Alc\u00e1zar. Ha ganado tres veces la capital michoacana y hoy se perfila como una de las figuras de la oposici\u00f3n a seguir en 2026, el a\u00f1o previo a una nueva elecci\u00f3n en su estado, donde los [&hellip;]<\/p>\n","protected":false},"author":2,"featured_media":53893,"comment_status":"","ping_status":"","sticky":false,"template":"","format":"standard","meta":{"_monsterinsights_skip_tracking":false,"_monsterinsights_sitenote_active":false,"_monsterinsights_sitenote_note":"","_monsterinsights_sitenote_category":0,"footnotes":""},"categories":[7],"tags":[],"class_list":["post-53892","post","type-post","status-publish","format-standard","has-post-thumbnail","hentry","category-michoacan"],"_links":{"self":[{"href":"https:\/\/informebajio.com.mx\/index.php?rest_route=\/wp\/v2\/posts\/53892","targetHints":{"allow":["GET"]}}],"collection":[{"href":"https:\/\/informebajio.com.mx\/index.php?rest_route=\/wp\/v2\/posts"}],"about":[{"href":"https:\/\/informebajio.com.mx\/index.php?rest_route=\/wp\/v2\/types\/post"}],"author":[{"embeddable":true,"href":"https:\/\/informebajio.com.mx\/index.php?rest_route=\/wp\/v2\/users\/2"}],"replies":[{"embeddable":true,"href":"https:\/\/informebajio.com.mx\/index.php?rest_route=%2Fwp%2Fv2%2Fcomments&post=53892"}],"version-history":[{"count":0,"href":"https:\/\/informebajio.com.mx\/index.php?rest_route=\/wp\/v2\/posts\/53892\/revisions"}],"wp:featuredmedia":[{"embeddable":true,"href":"https:\/\/informebajio.com.mx\/index.php?rest_route=\/wp\/v2\/media\/53893"}],"wp:attachment":[{"href":"https:\/\/informebajio.com.mx\/index.php?rest_route=%2Fwp%2Fv2%2Fmedia&parent=53892"}],"wp:term":[{"taxonomy":"category","embeddable":true,"href":"https:\/\/informebajio.com.mx\/index.php?rest_route=%2Fwp%2Fv2%2Fcategories&post=53892"},{"taxonomy":"post_tag","embeddable":true,"href":"https:\/\/informebajio.com.mx\/index.php?rest_route=%2Fwp%2Fv2%2Ftags&post=53892"}],"curies":[{"name":"wp","href":"https:\/\/api.w.org\/{rel}","templated":true}]}}