{"id":53902,"date":"2026-01-06T22:48:02","date_gmt":"2026-01-07T04:48:02","guid":{"rendered":"https:\/\/informebajio.com.mx\/?p=53902"},"modified":"2026-01-06T22:48:02","modified_gmt":"2026-01-07T04:48:02","slug":"queretaro-se-rinde-ante-la-magia-de-los-reyes-magos","status":"publish","type":"post","link":"https:\/\/informebajio.com.mx\/?p=53902","title":{"rendered":"Quer\u00e9taro se rinde ante la magia de los Reyes Magos"},"content":{"rendered":"<div>\n<p><span style=\"font-weight: 400;\">Nayeli Hern\u00e1ndez<\/span><\/p>\n<p><span style=\"font-weight: 400;\">Noticias<\/span><\/p>\n<p>\u00a0<\/p>\n<p><span style=\"font-weight: 400;\">A las seis de la tarde en punto, cuando el cielo comenzaba a oscurecer sobre el Centro Hist\u00f3rico de Quer\u00e9taro, una expectaci\u00f3n colectiva se apoder\u00f3 de las calles. Desde la esquina de Corregidora y \u00c1ngela Peralta aparecieron Melchor, Gaspar y Baltazar, anunciando con su paso el inicio de una de las tradiciones m\u00e1s entra\u00f1ables para la ni\u00f1ez queretana.<\/span><\/p>\n<p><span style=\"font-weight: 400;\">El recorrido avanz\u00f3 por las avenidas Corregidora y Ju\u00e1rez, escoltado por miles de familias que, entre risas y aplausos, daban la bienvenida a los Reyes Magos.\u00a0<\/span><\/p>\n<p><span style=\"font-weight: 400;\">Los ni\u00f1os, con globos listos para enviar sus cartas al cielo, levantaban la mirada con asombro mientras saludaban a los personajes b\u00edblicos montados en sus animales gigantescos, que se deten\u00edan por momentos para regalar dulces.<\/span><\/p>\n<p><span style=\"font-weight: 400;\">La cabalgata se transform\u00f3 en un desfile de colores y fantas\u00eda cuando aparecieron payasos, luchadores, personajes infantiles, zanquistas y autos iluminados con miles de luces, quienes acompa\u00f1aron a los Reyes, creando un ambiente festivo que desbord\u00f3 alegr\u00eda en cada calle del primer cuadro de la ciudad.\u00a0<\/span><\/p>\n<p><span style=\"font-weight: 400;\">La m\u00fasica, los aplausos y los gritos de emoci\u00f3n marcaron el ritmo de una tarde que, para muchos peque\u00f1os, quedar\u00e1 grabada como un recuerdo imborrable.<\/span><\/p>\n<p><span style=\"font-weight: 400;\">La llegada de Melchor, Gaspar y Baltazar es, a\u00f1o con a\u00f1o, uno de los acontecimientos m\u00e1s esperados por la ni\u00f1ez, porque su visita no solo simboliza la cercan\u00eda del D\u00eda de Reyes, sino tambi\u00e9n la permanencia de una ilusi\u00f3n que se hereda de generaci\u00f3n en generaci\u00f3n y que convierte a la ciudad en un espacio de encuentro familiar.<\/span><\/p>\n<p><span style=\"font-weight: 400;\">El Patronato de las Fiestas del Estado de Quer\u00e9taro, encabezado por Gloria Garc\u00eda Alcocer, reiter\u00f3 la invitaci\u00f3n a las familias queretanas para vivir una noche de esperanza, sorpresas y alegr\u00eda a trav\u00e9s de la tradicional Cabalgata de Reyes; una celebraci\u00f3n que permite a chicos y grandes convivir, saludar a los emblem\u00e1ticos Magos de Oriente y disfrutar de los distintos contingentes que recorren el coraz\u00f3n de la capital.<\/span><\/p>\n<p><span style=\"font-weight: 400;\">Durante todo el trayecto, los dulces repartidos y las sonrisas compartidas confirmaron que la emoci\u00f3n de la infancia, esa que nace de la inocencia y la imaginaci\u00f3n, sigue viva en las calles de Quer\u00e9taro, cada vez que los Reyes Magos regresan para saludar a sus peque\u00f1os anfitriones.<\/span><\/p>\n<p><img fetchpriority=\"high\" decoding=\"async\" class=\"alignnone size-medium wp-image-709760\" src=\"https:\/\/cdn.noticiasdequeretaro.com.mx\/wp-content\/uploads\/2026\/01\/06055845\/Queretaro-se-rinde-ante-la-magia-de-los-Reyes-Magos-3-600x450.jpg\" alt=\"\" width=\"600\" height=\"450\" srcset=\"https:\/\/cdn.noticiasdequeretaro.com.mx\/wp-content\/uploads\/2026\/01\/06055845\/Queretaro-se-rinde-ante-la-magia-de-los-Reyes-Magos-3-600x450.jpg 600w, https:\/\/cdn.noticiasdequeretaro.com.mx\/wp-content\/uploads\/2026\/01\/06055845\/Queretaro-se-rinde-ante-la-magia-de-los-Reyes-Magos-3-1024x768.jpg 1024w, https:\/\/cdn.noticiasdequeretaro.com.mx\/wp-content\/uploads\/2026\/01\/06055845\/Queretaro-se-rinde-ante-la-magia-de-los-Reyes-Magos-3-300x225.jpg 300w, https:\/\/cdn.noticiasdequeretaro.com.mx\/wp-content\/uploads\/2026\/01\/06055845\/Queretaro-se-rinde-ante-la-magia-de-los-Reyes-Magos-3-768x576.jpg 768w, https:\/\/cdn.noticiasdequeretaro.com.mx\/wp-content\/uploads\/2026\/01\/06055845\/Queretaro-se-rinde-ante-la-magia-de-los-Reyes-Magos-3-1536x1152.jpg 1536w, https:\/\/cdn.noticiasdequeretaro.com.mx\/wp-content\/uploads\/2026\/01\/06055845\/Queretaro-se-rinde-ante-la-magia-de-los-Reyes-Magos-3-2048x1536.jpg 2048w\" sizes=\"(max-width: 600px) 100vw, 600px\"\/> <img loading=\"lazy\" decoding=\"async\" class=\"alignnone size-medium wp-image-709761\" src=\"https:\/\/cdn.noticiasdequeretaro.com.mx\/wp-content\/uploads\/2026\/01\/06055858\/Queretaro-se-rinde-ante-la-magia-de-los-Reyes-Magos-4-600x450.jpg\" alt=\"\" width=\"600\" height=\"450\" srcset=\"https:\/\/cdn.noticiasdequeretaro.com.mx\/wp-content\/uploads\/2026\/01\/06055858\/Queretaro-se-rinde-ante-la-magia-de-los-Reyes-Magos-4-600x450.jpg 600w, https:\/\/cdn.noticiasdequeretaro.com.mx\/wp-content\/uploads\/2026\/01\/06055858\/Queretaro-se-rinde-ante-la-magia-de-los-Reyes-Magos-4-1024x768.jpg 1024w, https:\/\/cdn.noticiasdequeretaro.com.mx\/wp-content\/uploads\/2026\/01\/06055858\/Queretaro-se-rinde-ante-la-magia-de-los-Reyes-Magos-4-300x225.jpg 300w, https:\/\/cdn.noticiasdequeretaro.com.mx\/wp-content\/uploads\/2026\/01\/06055858\/Queretaro-se-rinde-ante-la-magia-de-los-Reyes-Magos-4-768x576.jpg 768w, https:\/\/cdn.noticiasdequeretaro.com.mx\/wp-content\/uploads\/2026\/01\/06055858\/Queretaro-se-rinde-ante-la-magia-de-los-Reyes-Magos-4-1536x1152.jpg 1536w, https:\/\/cdn.noticiasdequeretaro.com.mx\/wp-content\/uploads\/2026\/01\/06055858\/Queretaro-se-rinde-ante-la-magia-de-los-Reyes-Magos-4-2048x1536.jpg 2048w\" sizes=\"auto, (max-width: 600px) 100vw, 600px\"\/> <img loading=\"lazy\" decoding=\"async\" class=\"alignnone size-medium wp-image-709762\" src=\"https:\/\/cdn.noticiasdequeretaro.com.mx\/wp-content\/uploads\/2026\/01\/06055912\/Queretaro-se-rinde-ante-la-magia-de-los-Reyes-Magos-1-600x450.jpg\" alt=\"\" width=\"600\" height=\"450\" srcset=\"https:\/\/cdn.noticiasdequeretaro.com.mx\/wp-content\/uploads\/2026\/01\/06055912\/Queretaro-se-rinde-ante-la-magia-de-los-Reyes-Magos-1-600x450.jpg 600w, https:\/\/cdn.noticiasdequeretaro.com.mx\/wp-content\/uploads\/2026\/01\/06055912\/Queretaro-se-rinde-ante-la-magia-de-los-Reyes-Magos-1-1024x768.jpg 1024w, https:\/\/cdn.noticiasdequeretaro.com.mx\/wp-content\/uploads\/2026\/01\/06055912\/Queretaro-se-rinde-ante-la-magia-de-los-Reyes-Magos-1-300x225.jpg 300w, https:\/\/cdn.noticiasdequeretaro.com.mx\/wp-content\/uploads\/2026\/01\/06055912\/Queretaro-se-rinde-ante-la-magia-de-los-Reyes-Magos-1-768x576.jpg 768w, https:\/\/cdn.noticiasdequeretaro.com.mx\/wp-content\/uploads\/2026\/01\/06055912\/Queretaro-se-rinde-ante-la-magia-de-los-Reyes-Magos-1-1536x1152.jpg 1536w, https:\/\/cdn.noticiasdequeretaro.com.mx\/wp-content\/uploads\/2026\/01\/06055912\/Queretaro-se-rinde-ante-la-magia-de-los-Reyes-Magos-1-2048x1536.jpg 2048w\" sizes=\"auto, (max-width: 600px) 100vw, 600px\"\/><\/p>\n<\/div>\n<p><script>(function(d, s, id) {\n  var js, fjs = d.getElementsByTagName(s)[0];\n  if (d.getElementById(id)) return;\n  js = d.createElement(s); js.id = id;\n  js.src = \"\/\/connect.facebook.net\/es_LA\/sdk.js#xfbml=1&appId=546007945598485&version=v2.3\";\n  fjs.parentNode.insertBefore(js, fjs);\n}(document, 'script', 'facebook-jssdk'));<\/script><\/p>\n","protected":false},"excerpt":{"rendered":"<p>Nayeli Hern\u00e1ndez Noticias \u00a0 A las seis de la tarde en punto, cuando el cielo comenzaba a oscurecer sobre el Centro Hist\u00f3rico de Quer\u00e9taro, una expectaci\u00f3n colectiva se apoder\u00f3 de las calles. Desde la esquina de Corregidora y \u00c1ngela Peralta aparecieron Melchor, Gaspar y Baltazar, anunciando con su paso el inicio de una de las [&hellip;]<\/p>\n","protected":false},"author":2,"featured_media":53903,"comment_status":"","ping_status":"","sticky":false,"template":"","format":"standard","meta":{"_monsterinsights_skip_tracking":false,"_monsterinsights_sitenote_active":false,"_monsterinsights_sitenote_note":"","_monsterinsights_sitenote_category":0,"footnotes":""},"categories":[4],"tags":[],"class_list":["post-53902","post","type-post","status-publish","format-standard","has-post-thumbnail","hentry","category-queretaro"],"_links":{"self":[{"href":"https:\/\/informebajio.com.mx\/index.php?rest_route=\/wp\/v2\/posts\/53902","targetHints":{"allow":["GET"]}}],"collection":[{"href":"https:\/\/informebajio.com.mx\/index.php?rest_route=\/wp\/v2\/posts"}],"about":[{"href":"https:\/\/informebajio.com.mx\/index.php?rest_route=\/wp\/v2\/types\/post"}],"author":[{"embeddable":true,"href":"https:\/\/informebajio.com.mx\/index.php?rest_route=\/wp\/v2\/users\/2"}],"replies":[{"embeddable":true,"href":"https:\/\/informebajio.com.mx\/index.php?rest_route=%2Fwp%2Fv2%2Fcomments&post=53902"}],"version-history":[{"count":0,"href":"https:\/\/informebajio.com.mx\/index.php?rest_route=\/wp\/v2\/posts\/53902\/revisions"}],"wp:featuredmedia":[{"embeddable":true,"href":"https:\/\/informebajio.com.mx\/index.php?rest_route=\/wp\/v2\/media\/53903"}],"wp:attachment":[{"href":"https:\/\/informebajio.com.mx\/index.php?rest_route=%2Fwp%2Fv2%2Fmedia&parent=53902"}],"wp:term":[{"taxonomy":"category","embeddable":true,"href":"https:\/\/informebajio.com.mx\/index.php?rest_route=%2Fwp%2Fv2%2Fcategories&post=53902"},{"taxonomy":"post_tag","embeddable":true,"href":"https:\/\/informebajio.com.mx\/index.php?rest_route=%2Fwp%2Fv2%2Ftags&post=53902"}],"curies":[{"name":"wp","href":"https:\/\/api.w.org\/{rel}","templated":true}]}}