{"id":53910,"date":"2026-01-07T13:51:02","date_gmt":"2026-01-07T19:51:02","guid":{"rendered":"https:\/\/informebajio.com.mx\/?p=53910"},"modified":"2026-01-07T13:51:02","modified_gmt":"2026-01-07T19:51:02","slug":"celebra-obispo-de-queretaro-misa-de-reyes-en-jalpan","status":"publish","type":"post","link":"https:\/\/informebajio.com.mx\/?p=53910","title":{"rendered":"Celebra Obispo de Quer\u00e9taro misa de Reyes en Jalpan"},"content":{"rendered":"<div>\n<p><span style=\"font-weight: 400;\">Por Cipriano Morales\u00a0<\/span><\/p>\n<p><span style=\"font-weight: 400;\">Noticias<\/span><\/p>\n<p>\u00a0<\/p>\n<p><span style=\"font-weight: 400;\">Jalpan de Serra, Qro.- Este martes 6 de enero, el Obispo de Quer\u00e9taro, Monse\u00f1or Fidencio L\u00f3pez Plaza, durante la celebraci\u00f3n de la misa de Reyes Magos realizada en el atrio parroquial de la cabecera municipal de Jalpan llam\u00f3 a los fieles a no perder el rumbo espiritual ni humano, en medio de la confusi\u00f3n social y personal.<\/span><\/p>\n<p><span style=\"font-weight: 400;\">La celebraci\u00f3n eucar\u00edstica reuni\u00f3 a cientos de familias serranas, quienes acudieron a conmemorar una de las festividades m\u00e1s significativas del calendario lit\u00fargico cat\u00f3lico.<\/span><\/p>\n<p><span style=\"font-weight: 400;\">En su mensaje, el Obispo exhort\u00f3 a los asistentes a seguir el ejemplo de los Reyes Magos, quienes -dijo- supieron orientar su vida guiados por la fe, la humildad y la b\u00fasqueda de la verdad, destacando que solo as\u00ed es posible encontrar sentido y estabilidad en los tiempos de incertidumbre.<\/span><\/p>\n<\/div>\n<p><script>(function(d, s, id) {\n  var js, fjs = d.getElementsByTagName(s)[0];\n  if (d.getElementById(id)) return;\n  js = d.createElement(s); js.id = id;\n  js.src = \"\/\/connect.facebook.net\/es_LA\/sdk.js#xfbml=1&appId=546007945598485&version=v2.3\";\n  fjs.parentNode.insertBefore(js, fjs);\n}(document, 'script', 'facebook-jssdk'));<\/script><\/p>\n","protected":false},"excerpt":{"rendered":"<p>Por Cipriano Morales\u00a0 Noticias \u00a0 Jalpan de Serra, Qro.- Este martes 6 de enero, el Obispo de Quer\u00e9taro, Monse\u00f1or Fidencio L\u00f3pez Plaza, durante la celebraci\u00f3n de la misa de Reyes Magos realizada en el atrio parroquial de la cabecera municipal de Jalpan llam\u00f3 a los fieles a no perder el rumbo espiritual ni humano, en [&hellip;]<\/p>\n","protected":false},"author":2,"featured_media":53911,"comment_status":"","ping_status":"","sticky":false,"template":"","format":"standard","meta":{"_monsterinsights_skip_tracking":false,"_monsterinsights_sitenote_active":false,"_monsterinsights_sitenote_note":"","_monsterinsights_sitenote_category":0,"footnotes":""},"categories":[4],"tags":[],"class_list":["post-53910","post","type-post","status-publish","format-standard","has-post-thumbnail","hentry","category-queretaro"],"_links":{"self":[{"href":"https:\/\/informebajio.com.mx\/index.php?rest_route=\/wp\/v2\/posts\/53910","targetHints":{"allow":["GET"]}}],"collection":[{"href":"https:\/\/informebajio.com.mx\/index.php?rest_route=\/wp\/v2\/posts"}],"about":[{"href":"https:\/\/informebajio.com.mx\/index.php?rest_route=\/wp\/v2\/types\/post"}],"author":[{"embeddable":true,"href":"https:\/\/informebajio.com.mx\/index.php?rest_route=\/wp\/v2\/users\/2"}],"replies":[{"embeddable":true,"href":"https:\/\/informebajio.com.mx\/index.php?rest_route=%2Fwp%2Fv2%2Fcomments&post=53910"}],"version-history":[{"count":0,"href":"https:\/\/informebajio.com.mx\/index.php?rest_route=\/wp\/v2\/posts\/53910\/revisions"}],"wp:featuredmedia":[{"embeddable":true,"href":"https:\/\/informebajio.com.mx\/index.php?rest_route=\/wp\/v2\/media\/53911"}],"wp:attachment":[{"href":"https:\/\/informebajio.com.mx\/index.php?rest_route=%2Fwp%2Fv2%2Fmedia&parent=53910"}],"wp:term":[{"taxonomy":"category","embeddable":true,"href":"https:\/\/informebajio.com.mx\/index.php?rest_route=%2Fwp%2Fv2%2Fcategories&post=53910"},{"taxonomy":"post_tag","embeddable":true,"href":"https:\/\/informebajio.com.mx\/index.php?rest_route=%2Fwp%2Fv2%2Ftags&post=53910"}],"curies":[{"name":"wp","href":"https:\/\/api.w.org\/{rel}","templated":true}]}}