{"id":53930,"date":"2026-01-08T19:55:58","date_gmt":"2026-01-09T01:55:58","guid":{"rendered":"https:\/\/informebajio.com.mx\/?p=53930"},"modified":"2026-01-08T19:55:58","modified_gmt":"2026-01-09T01:55:58","slug":"fundacion-ciudad-maderas-lleva-la-magia-del-dia-de-reyes-a-ninas-y-ninos-de-la-comunidad-puerta-san-rafael-en-queretaro","status":"publish","type":"post","link":"https:\/\/informebajio.com.mx\/?p=53930","title":{"rendered":"Fundaci\u00f3n Ciudad Maderas lleva la magia del D\u00eda de Reyes a ni\u00f1as y ni\u00f1os de la comunidad Puerta San Rafael, en Quer\u00e9taro"},"content":{"rendered":"<div>\n<p><span style=\"font-weight: 400;\">Quer\u00e9taro, Qro.\u2013 Reafirmando su compromiso con el bienestar social y el desarrollo de las comunidades donde tiene presencia, Fundaci\u00f3n Ciudad Maderas llev\u00f3 a cabo una emotiva jornada de entrega de juguetes en el Ejido San Rafael en Corregidora, beneficiando a m\u00e1s de 80 ni\u00f1os y ni\u00f1as de familias de escasos recursos.<\/span><\/p>\n<p><span style=\"font-weight: 400;\">La iniciativa tuvo como principal objetivo formar parte de los sue\u00f1os de la ni\u00f1ez, entregando de manera personalizada, uno a uno, los regalos que los peque\u00f1os hab\u00edan pedido con ilusi\u00f3n a los Reyes Magos. Cada entrega se convirti\u00f3 en un momento de cercan\u00eda, sonrisas y esperanza, fortaleciendo el v\u00ednculo entre la fundaci\u00f3n y la comunidad.<\/span><\/p>\n<p><span style=\"font-weight: 400;\">La jornada se realiz\u00f3 en conjunto con la <\/span><span style=\"font-weight: 400;\">\u2060<\/span><span style=\"font-weight: 400;\">Presidenta del comisariado ejidal del ejido Puerta de San Rafael,<\/span><span style=\"font-weight: 400;\">\u2060<\/span><span style=\"font-weight: 400;\"> Rosa Mar\u00eda Gonz\u00e1lez Bocanegra, reconocida por su liderazgo y compromiso con su comunidad, cuya colaboraci\u00f3n fue clave para hacer posible esta acci\u00f3n solidaria.<\/span><\/p>\n<p><span style=\"font-weight: 400;\">Como muestra de agradecimiento, las familias del ejido ofrecieron alimentos preparados por ellas mismas, gesto que reflej\u00f3 el esp\u00edritu de solidaridad, hospitalidad y uni\u00f3n que caracteriza a la comunidad.<\/span><\/p>\n<p><span style=\"font-weight: 400;\">Con acciones como esta, Ciudad Maderas, a trav\u00e9s de su fundaci\u00f3n, contin\u00faa impulsando proyectos de impacto social enfocados en apoyar a ni\u00f1as, ni\u00f1os y familias en situaci\u00f3n vulnerable, convencidos de que construir comunidad tambi\u00e9n significa construir oportunidades, esperanza y futuro.<\/span><\/p>\n<p><img fetchpriority=\"high\" decoding=\"async\" class=\"alignnone size-medium wp-image-710032\" src=\"https:\/\/cdn.noticiasdequeretaro.com.mx\/wp-content\/uploads\/2026\/01\/08091837\/Fundacion-Ciudad-Maderas-lleva-la-magia-del-Dia-de-Reyes-a-ninas-y-ninos-de-la-comunidad-Puerta-San-Rafael-en-Queretaro-1-600x585.jpeg\" alt=\"\" width=\"600\" height=\"585\" srcset=\"https:\/\/cdn.noticiasdequeretaro.com.mx\/wp-content\/uploads\/2026\/01\/08091837\/Fundacion-Ciudad-Maderas-lleva-la-magia-del-Dia-de-Reyes-a-ninas-y-ninos-de-la-comunidad-Puerta-San-Rafael-en-Queretaro-1-600x585.jpeg 600w, https:\/\/cdn.noticiasdequeretaro.com.mx\/wp-content\/uploads\/2026\/01\/08091837\/Fundacion-Ciudad-Maderas-lleva-la-magia-del-Dia-de-Reyes-a-ninas-y-ninos-de-la-comunidad-Puerta-San-Rafael-en-Queretaro-1-1024x998.jpeg 1024w, https:\/\/cdn.noticiasdequeretaro.com.mx\/wp-content\/uploads\/2026\/01\/08091837\/Fundacion-Ciudad-Maderas-lleva-la-magia-del-Dia-de-Reyes-a-ninas-y-ninos-de-la-comunidad-Puerta-San-Rafael-en-Queretaro-1-300x293.jpeg 300w, https:\/\/cdn.noticiasdequeretaro.com.mx\/wp-content\/uploads\/2026\/01\/08091837\/Fundacion-Ciudad-Maderas-lleva-la-magia-del-Dia-de-Reyes-a-ninas-y-ninos-de-la-comunidad-Puerta-San-Rafael-en-Queretaro-1-768x749.jpeg 768w, https:\/\/cdn.noticiasdequeretaro.com.mx\/wp-content\/uploads\/2026\/01\/08091837\/Fundacion-Ciudad-Maderas-lleva-la-magia-del-Dia-de-Reyes-a-ninas-y-ninos-de-la-comunidad-Puerta-San-Rafael-en-Queretaro-1-1536x1498.jpeg 1536w, https:\/\/cdn.noticiasdequeretaro.com.mx\/wp-content\/uploads\/2026\/01\/08091837\/Fundacion-Ciudad-Maderas-lleva-la-magia-del-Dia-de-Reyes-a-ninas-y-ninos-de-la-comunidad-Puerta-San-Rafael-en-Queretaro-1.jpeg 1600w\" sizes=\"(max-width: 600px) 100vw, 600px\"\/> <img loading=\"lazy\" decoding=\"async\" class=\"alignnone size-medium wp-image-710033\" src=\"https:\/\/cdn.noticiasdequeretaro.com.mx\/wp-content\/uploads\/2026\/01\/08091853\/Fundacion-Ciudad-Maderas-lleva-la-magia-del-Dia-de-Reyes-a-ninas-y-ninos-de-la-comunidad-Puerta-San-Rafael-en-Queretaro-1-580x600.jpg\" alt=\"\" width=\"580\" height=\"600\" srcset=\"https:\/\/cdn.noticiasdequeretaro.com.mx\/wp-content\/uploads\/2026\/01\/08091853\/Fundacion-Ciudad-Maderas-lleva-la-magia-del-Dia-de-Reyes-a-ninas-y-ninos-de-la-comunidad-Puerta-San-Rafael-en-Queretaro-1-580x600.jpg 580w, https:\/\/cdn.noticiasdequeretaro.com.mx\/wp-content\/uploads\/2026\/01\/08091853\/Fundacion-Ciudad-Maderas-lleva-la-magia-del-Dia-de-Reyes-a-ninas-y-ninos-de-la-comunidad-Puerta-San-Rafael-en-Queretaro-1-990x1024.jpg 990w, https:\/\/cdn.noticiasdequeretaro.com.mx\/wp-content\/uploads\/2026\/01\/08091853\/Fundacion-Ciudad-Maderas-lleva-la-magia-del-Dia-de-Reyes-a-ninas-y-ninos-de-la-comunidad-Puerta-San-Rafael-en-Queretaro-1-290x300.jpg 290w, https:\/\/cdn.noticiasdequeretaro.com.mx\/wp-content\/uploads\/2026\/01\/08091853\/Fundacion-Ciudad-Maderas-lleva-la-magia-del-Dia-de-Reyes-a-ninas-y-ninos-de-la-comunidad-Puerta-San-Rafael-en-Queretaro-1-768x794.jpg 768w, https:\/\/cdn.noticiasdequeretaro.com.mx\/wp-content\/uploads\/2026\/01\/08091853\/Fundacion-Ciudad-Maderas-lleva-la-magia-del-Dia-de-Reyes-a-ninas-y-ninos-de-la-comunidad-Puerta-San-Rafael-en-Queretaro-1-1485x1536.jpg 1485w, https:\/\/cdn.noticiasdequeretaro.com.mx\/wp-content\/uploads\/2026\/01\/08091853\/Fundacion-Ciudad-Maderas-lleva-la-magia-del-Dia-de-Reyes-a-ninas-y-ninos-de-la-comunidad-Puerta-San-Rafael-en-Queretaro-1-1980x2048.jpg 1980w\" sizes=\"auto, (max-width: 580px) 100vw, 580px\"\/> <img loading=\"lazy\" decoding=\"async\" class=\"alignnone size-medium wp-image-710034\" src=\"https:\/\/cdn.noticiasdequeretaro.com.mx\/wp-content\/uploads\/2026\/01\/08091900\/Fundacion-Ciudad-Maderas-lleva-la-magia-del-Dia-de-Reyes-a-ninas-y-ninos-de-la-comunidad-Puerta-San-Rafael-en-Queretaro-2-587x600.jpeg\" alt=\"\" width=\"587\" height=\"600\" srcset=\"https:\/\/cdn.noticiasdequeretaro.com.mx\/wp-content\/uploads\/2026\/01\/08091900\/Fundacion-Ciudad-Maderas-lleva-la-magia-del-Dia-de-Reyes-a-ninas-y-ninos-de-la-comunidad-Puerta-San-Rafael-en-Queretaro-2-587x600.jpeg 587w, https:\/\/cdn.noticiasdequeretaro.com.mx\/wp-content\/uploads\/2026\/01\/08091900\/Fundacion-Ciudad-Maderas-lleva-la-magia-del-Dia-de-Reyes-a-ninas-y-ninos-de-la-comunidad-Puerta-San-Rafael-en-Queretaro-2-1002x1024.jpeg 1002w, https:\/\/cdn.noticiasdequeretaro.com.mx\/wp-content\/uploads\/2026\/01\/08091900\/Fundacion-Ciudad-Maderas-lleva-la-magia-del-Dia-de-Reyes-a-ninas-y-ninos-de-la-comunidad-Puerta-San-Rafael-en-Queretaro-2-294x300.jpeg 294w, https:\/\/cdn.noticiasdequeretaro.com.mx\/wp-content\/uploads\/2026\/01\/08091900\/Fundacion-Ciudad-Maderas-lleva-la-magia-del-Dia-de-Reyes-a-ninas-y-ninos-de-la-comunidad-Puerta-San-Rafael-en-Queretaro-2-768x785.jpeg 768w, https:\/\/cdn.noticiasdequeretaro.com.mx\/wp-content\/uploads\/2026\/01\/08091900\/Fundacion-Ciudad-Maderas-lleva-la-magia-del-Dia-de-Reyes-a-ninas-y-ninos-de-la-comunidad-Puerta-San-Rafael-en-Queretaro-2-1503x1536.jpeg 1503w, https:\/\/cdn.noticiasdequeretaro.com.mx\/wp-content\/uploads\/2026\/01\/08091900\/Fundacion-Ciudad-Maderas-lleva-la-magia-del-Dia-de-Reyes-a-ninas-y-ninos-de-la-comunidad-Puerta-San-Rafael-en-Queretaro-2.jpeg 1566w\" sizes=\"auto, (max-width: 587px) 100vw, 587px\"\/><\/p>\n<\/div>\n<p><script>(function(d, s, id) {\n  var js, fjs = d.getElementsByTagName(s)[0];\n  if (d.getElementById(id)) return;\n  js = d.createElement(s); js.id = id;\n  js.src = \"\/\/connect.facebook.net\/es_LA\/sdk.js#xfbml=1&appId=546007945598485&version=v2.3\";\n  fjs.parentNode.insertBefore(js, fjs);\n}(document, 'script', 'facebook-jssdk'));<\/script><\/p>\n","protected":false},"excerpt":{"rendered":"<p>Quer\u00e9taro, Qro.\u2013 Reafirmando su compromiso con el bienestar social y el desarrollo de las comunidades donde tiene presencia, Fundaci\u00f3n Ciudad Maderas llev\u00f3 a cabo una emotiva jornada de entrega de juguetes en el Ejido San Rafael en Corregidora, beneficiando a m\u00e1s de 80 ni\u00f1os y ni\u00f1as de familias de escasos recursos. La iniciativa tuvo como [&hellip;]<\/p>\n","protected":false},"author":2,"featured_media":53931,"comment_status":"","ping_status":"","sticky":false,"template":"","format":"standard","meta":{"_monsterinsights_skip_tracking":false,"_monsterinsights_sitenote_active":false,"_monsterinsights_sitenote_note":"","_monsterinsights_sitenote_category":0,"footnotes":""},"categories":[4],"tags":[],"class_list":["post-53930","post","type-post","status-publish","format-standard","has-post-thumbnail","hentry","category-queretaro"],"_links":{"self":[{"href":"https:\/\/informebajio.com.mx\/index.php?rest_route=\/wp\/v2\/posts\/53930","targetHints":{"allow":["GET"]}}],"collection":[{"href":"https:\/\/informebajio.com.mx\/index.php?rest_route=\/wp\/v2\/posts"}],"about":[{"href":"https:\/\/informebajio.com.mx\/index.php?rest_route=\/wp\/v2\/types\/post"}],"author":[{"embeddable":true,"href":"https:\/\/informebajio.com.mx\/index.php?rest_route=\/wp\/v2\/users\/2"}],"replies":[{"embeddable":true,"href":"https:\/\/informebajio.com.mx\/index.php?rest_route=%2Fwp%2Fv2%2Fcomments&post=53930"}],"version-history":[{"count":0,"href":"https:\/\/informebajio.com.mx\/index.php?rest_route=\/wp\/v2\/posts\/53930\/revisions"}],"wp:featuredmedia":[{"embeddable":true,"href":"https:\/\/informebajio.com.mx\/index.php?rest_route=\/wp\/v2\/media\/53931"}],"wp:attachment":[{"href":"https:\/\/informebajio.com.mx\/index.php?rest_route=%2Fwp%2Fv2%2Fmedia&parent=53930"}],"wp:term":[{"taxonomy":"category","embeddable":true,"href":"https:\/\/informebajio.com.mx\/index.php?rest_route=%2Fwp%2Fv2%2Fcategories&post=53930"},{"taxonomy":"post_tag","embeddable":true,"href":"https:\/\/informebajio.com.mx\/index.php?rest_route=%2Fwp%2Fv2%2Ftags&post=53930"}],"curies":[{"name":"wp","href":"https:\/\/api.w.org\/{rel}","templated":true}]}}