{"id":54034,"date":"2026-01-14T06:15:36","date_gmt":"2026-01-14T12:15:36","guid":{"rendered":"https:\/\/informebajio.com.mx\/?p=54034"},"modified":"2026-01-14T06:15:36","modified_gmt":"2026-01-14T12:15:36","slug":"hay-en-queretaro-un-gran-reto-en-contra-de-la-depresion-a-arredondo","status":"publish","type":"post","link":"https:\/\/informebajio.com.mx\/?p=54034","title":{"rendered":"Hay en Quer\u00e9taro un gran reto en contra de la depresi\u00f3n: A. Arredondo"},"content":{"rendered":"<div>\n<p><span style=\"font-weight: 400;\">Diego Gonz\u00e1lez\u00a0<\/span><\/p>\n<p><span style=\"font-weight: 400;\">Noticias<\/span><\/p>\n<p>\u00a0<\/p>\n<p><span style=\"font-weight: 400;\">En el marco del D\u00eda Mundial de la Lucha contra la Depresi\u00f3n, Abigail Arredondo, presidenta estatal del PRI en Quer\u00e9taro, mencion\u00f3 que durante los \u00faltimos a\u00f1os, la salud mental se ha convertido en una de las principales alertas de salud p\u00fablica en el estado.<\/span><\/p>\n<p><span style=\"font-weight: 400;\">La tambi\u00e9n legisladora federal subray\u00f3 que la depresi\u00f3n no distingue edad, g\u00e9nero ni condici\u00f3n social, \u201ces una enfermedad que afecta la forma en que las personas piensan, sienten y enfrentan la vida cotidiana; en Quer\u00e9taro, los datos oficiales muestran una realidad preocupante: en los ultimos a\u00f1os, la presencia de la depresi\u00f3n se ha incrementado de manera significativa, al grado de duplicarse en un periodo reciente. Esta tendencia confirma que no se trata de casos aislados, sino de un fen\u00f3meno que exige atenci\u00f3n inmediata, sensible y responsable\u201d.<\/span><\/p>\n<p><span style=\"font-weight: 400;\">Asimismo dijo que uno de los aspectos m\u00e1s alarmantes es que la depresi\u00f3n impacta de manera m\u00e1s profunda a las mujeres, una proporci\u00f3n considerable de ellas presenta alg\u00fan nivel de este trastorno emocional, mientras que en los hombres tambi\u00e9n existe una afectaci\u00f3n importante, aunque con menor prevalencia; \u201cesta situaci\u00f3n no solo refleja desigualdades estructurales, sino tambi\u00e9n cargas sociales, emocionales y econ\u00f3micas que recaen de manera desproporcionada en ciertos sectores de la poblaci\u00f3n, 7 de cada 10 mujeres tiene alg\u00fan nivel de depresi\u00f3n, mientras que en los hombres solo aplica en 3 de cada 10\u201d.<\/span><\/p>\n<p><span style=\"font-weight: 400;\">\u201cOrganizaciones de la sociedad civil dedicadas a la atenci\u00f3n psicol\u00f3gica en Quer\u00e9taro han advertido que, tan solo durante el \u00faltimo a\u00f1o, los casos de depresi\u00f3n atendidos registraron un incremento considerable. A ello se suma un dato que no puede ser ignorado: nuestro estado se encuentra entre los primeros lugares a nivel nacional en tasas de suicidio, una realidad dolorosa que evidencia la urgencia de fortalecer las acciones de prevenci\u00f3n, atenci\u00f3n y acompa\u00f1amiento emocional\u201d.<\/span><\/p>\n<p><span style=\"font-weight: 400;\">\u201cActualmente, la atenci\u00f3n a la salud mental y a las adicciones en Quer\u00e9taro se brinda principalmente a trav\u00e9s de los Centros<\/span><\/p>\n<p><span style=\"font-weight: 400;\">Comunitarios de Salud Mental y Adicciones. Si bien estos espacios representan un esfuerzo importante del Estado, la realidad es que la demanda de atenci\u00f3n rebasa por mucho su capacidad operativa. Las personas que buscan apoyo enfrentan largas esperas, atenci\u00f3n limitada y, en muchos casos, la imposibilidad de recibir un seguimiento constante\u201d.<\/span><\/p>\n<p><span style=\"font-weight: 400;\">\u201cA esta problem\u00e1tica se suma una carencia estructural: la salud mental contin\u00faa siendo una de las \u00e1reas con menor asignaci\u00f3n presupuestal dentro del sistema de salud. No existe un presupuesto claramente identificado \u0443 suficiente para atender de manera integral los trastornos mentales y emocionales. Los incrementos anunciados en a\u00f1os recientes no representan mejoras reales frente a la inflaci\u00f3n y al crecimiento de la demanda, lo que mantiene a este tema en una posici\u00f3n secundaria, cuando deber\u00eda ser una prioridad\u201d.<\/span><\/p>\n<p><span style=\"font-weight: 400;\">Abigail Arredondo tambi\u00e9n agreg\u00f3 que otro de los grandes retos es la estigmatizaci\u00f3n, \u201cmuchas personas a\u00fan consideran la depresi\u00f3n como un signo de debilidad o algo que puede resolverse \u00fanicamente con voluntad, esta percepci\u00f3n err\u00f3nea impide que quienes la padecen busquen ayuda a tiempo, profundizando el sufrimiento y el aislamiento. Hablar de salud mental con empat\u00eda, informaci\u00f3n y responsabilidad es una tarea impostergable\u201d.<\/span><\/p>\n<p><span style=\"font-weight: 400;\">Asimismo, \u2014record\u00f3\u2014 que en el Congreso de la Uni\u00f3n, present\u00f3 una iniciativa para que, desde las escuelas de educaci\u00f3n b\u00e1sica, se cuente con psic\u00f3logos que brinden atenci\u00f3n constante, profesional y gratuita a ni\u00f1as, ni\u00f1os y adolescentes.<\/span><\/p>\n<p><span style=\"font-weight: 400;\">Desde el PRI sostenemos que la salud mental debe ser tratada como una verdadera pol\u00edtica de Estado y como parte fundamental del derecho humano a la salud, \u2014coment\u00f3.<\/span><\/p>\n<p><span style=\"font-weight: 400;\">\u201cNo puede reducirse \u00fanicamente a la atenci\u00f3n psiqui\u00e1trica o al uso de medicamentos; debe incluir el cuidado emocional, psicol\u00f3gico y social, con enfoques preventivos, comunitarios y accesibles\u201d.<\/span><\/p>\n<p><span style=\"font-weight: 400;\">Para concluir, \u2014hicieron\u2014 un llamado a los tres niveles de gobierno para que aumenten de manera \u201creal y sostenida\u201d el presupuesto destinado a la salud mental, fortalezcan la infraestructura existente, amplien la cobertura de atenci\u00f3n y promuevan campa\u00f1as permanentes de informaci\u00f3n \u0443 sensibilizaci\u00f3n.<\/span><\/p>\n<\/div>\n<p><script>(function(d, s, id) {\n  var js, fjs = d.getElementsByTagName(s)[0];\n  if (d.getElementById(id)) return;\n  js = d.createElement(s); js.id = id;\n  js.src = \"\/\/connect.facebook.net\/es_LA\/sdk.js#xfbml=1&appId=546007945598485&version=v2.3\";\n  fjs.parentNode.insertBefore(js, fjs);\n}(document, 'script', 'facebook-jssdk'));<\/script><\/p>\n","protected":false},"excerpt":{"rendered":"<p>Diego Gonz\u00e1lez\u00a0 Noticias \u00a0 En el marco del D\u00eda Mundial de la Lucha contra la Depresi\u00f3n, Abigail Arredondo, presidenta estatal del PRI en Quer\u00e9taro, mencion\u00f3 que durante los \u00faltimos a\u00f1os, la salud mental se ha convertido en una de las principales alertas de salud p\u00fablica en el estado. La tambi\u00e9n legisladora federal subray\u00f3 que la [&hellip;]<\/p>\n","protected":false},"author":2,"featured_media":54035,"comment_status":"","ping_status":"","sticky":false,"template":"","format":"standard","meta":{"_monsterinsights_skip_tracking":false,"_monsterinsights_sitenote_active":false,"_monsterinsights_sitenote_note":"","_monsterinsights_sitenote_category":0,"footnotes":""},"categories":[4],"tags":[],"class_list":["post-54034","post","type-post","status-publish","format-standard","has-post-thumbnail","hentry","category-queretaro"],"_links":{"self":[{"href":"https:\/\/informebajio.com.mx\/index.php?rest_route=\/wp\/v2\/posts\/54034","targetHints":{"allow":["GET"]}}],"collection":[{"href":"https:\/\/informebajio.com.mx\/index.php?rest_route=\/wp\/v2\/posts"}],"about":[{"href":"https:\/\/informebajio.com.mx\/index.php?rest_route=\/wp\/v2\/types\/post"}],"author":[{"embeddable":true,"href":"https:\/\/informebajio.com.mx\/index.php?rest_route=\/wp\/v2\/users\/2"}],"replies":[{"embeddable":true,"href":"https:\/\/informebajio.com.mx\/index.php?rest_route=%2Fwp%2Fv2%2Fcomments&post=54034"}],"version-history":[{"count":0,"href":"https:\/\/informebajio.com.mx\/index.php?rest_route=\/wp\/v2\/posts\/54034\/revisions"}],"wp:featuredmedia":[{"embeddable":true,"href":"https:\/\/informebajio.com.mx\/index.php?rest_route=\/wp\/v2\/media\/54035"}],"wp:attachment":[{"href":"https:\/\/informebajio.com.mx\/index.php?rest_route=%2Fwp%2Fv2%2Fmedia&parent=54034"}],"wp:term":[{"taxonomy":"category","embeddable":true,"href":"https:\/\/informebajio.com.mx\/index.php?rest_route=%2Fwp%2Fv2%2Fcategories&post=54034"},{"taxonomy":"post_tag","embeddable":true,"href":"https:\/\/informebajio.com.mx\/index.php?rest_route=%2Fwp%2Fv2%2Ftags&post=54034"}],"curies":[{"name":"wp","href":"https:\/\/api.w.org\/{rel}","templated":true}]}}