{"id":54050,"date":"2026-01-15T02:20:17","date_gmt":"2026-01-15T08:20:17","guid":{"rendered":"https:\/\/informebajio.com.mx\/?p=54050"},"modified":"2026-01-15T02:20:17","modified_gmt":"2026-01-15T08:20:17","slug":"panistas-no-estan-en-campana-martin-arango","status":"publish","type":"post","link":"https:\/\/informebajio.com.mx\/?p=54050","title":{"rendered":"Panistas no est\u00e1n en campa\u00f1a: Mart\u00edn Arango"},"content":{"rendered":"<div>\n<p><span style=\"font-weight: 400;\">Diego Hern\u00e1ndez\u00a0<\/span><\/p>\n<p><span style=\"font-weight: 400;\">Fotos Sixto Picones\u00a0<\/span><\/p>\n<p><span style=\"font-weight: 400;\">Noticias\u00a0<\/span><\/p>\n<p>\u00a0<\/p>\n<p><span style=\"font-weight: 400;\">Mart\u00edn Arango Garc\u00eda, presidente estatal del Partido Acci\u00f3n Nacional, desconoci\u00f3 los se\u00f1alamientos de la presidenta estatal de Morena y asever\u00f3 que perfiles panistas no est\u00e1n en campa\u00f1a como se quiso hacer ver, sino que son cercanos a la ciudadan\u00eda.<\/span><\/p>\n<p><span style=\"font-weight: 400;\">En ese tenor, el l\u00edder blanquiazul consider\u00f3 que su hom\u00f3loga Gisela S\u00e1nchez D\u00edaz de Le\u00f3n se encuentra mal asesorada sobre los hechos, ya que para estar en campa\u00f1a se tuvo que pedir el voto, aspecto que no es el caso, defendi\u00f3.<\/span><\/p>\n<p><span style=\"font-weight: 400;\">\u201cGisela necesita estar mejor asesorada y tener m\u00e1s informaci\u00f3n a la mano, porque me parece un tanto irresponsable decir que hay una campa\u00f1a anticipada cuando la ley hoy es muy clara en decir qu\u00e9 es una campa\u00f1a para que exista una campa\u00f1a debe de haber una solicitud expresa al voto, un llamado expreso al voto y eso no existe\u201d.<\/span><\/p>\n<p><span style=\"font-weight: 400;\">Recientemente, Felipe Fernando Mac\u00edas Olvera, estuvo en un evento en San Juan del R\u00edo por motivo del D\u00eda de Reyes, acompa\u00f1ado de Guillermo Vega Guerrero, coordinador de los diputados locales del PAN, Arango Garc\u00eda destac\u00f3 que no hay nada mal en la acci\u00f3n.<\/span><\/p>\n<p><span style=\"font-weight: 400;\">En ese sentido manifest\u00f3 que el panismo se encuentra en la calle con los ciudadanos y no en en el escritorio c\u00f3mo perfiles de Morena, con ello descart\u00f3 que se tengan acciones de campa\u00f1a adelantada.<\/span><\/p>\n<\/div>\n<p><script>(function(d, s, id) {\n  var js, fjs = d.getElementsByTagName(s)[0];\n  if (d.getElementById(id)) return;\n  js = d.createElement(s); js.id = id;\n  js.src = \"\/\/connect.facebook.net\/es_LA\/sdk.js#xfbml=1&appId=546007945598485&version=v2.3\";\n  fjs.parentNode.insertBefore(js, fjs);\n}(document, 'script', 'facebook-jssdk'));<\/script><\/p>\n","protected":false},"excerpt":{"rendered":"<p>Diego Hern\u00e1ndez\u00a0 Fotos Sixto Picones\u00a0 Noticias\u00a0 \u00a0 Mart\u00edn Arango Garc\u00eda, presidente estatal del Partido Acci\u00f3n Nacional, desconoci\u00f3 los se\u00f1alamientos de la presidenta estatal de Morena y asever\u00f3 que perfiles panistas no est\u00e1n en campa\u00f1a como se quiso hacer ver, sino que son cercanos a la ciudadan\u00eda. En ese tenor, el l\u00edder blanquiazul consider\u00f3 que su [&hellip;]<\/p>\n","protected":false},"author":2,"featured_media":54051,"comment_status":"","ping_status":"","sticky":false,"template":"","format":"standard","meta":{"_monsterinsights_skip_tracking":false,"_monsterinsights_sitenote_active":false,"_monsterinsights_sitenote_note":"","_monsterinsights_sitenote_category":0,"footnotes":""},"categories":[4],"tags":[],"class_list":["post-54050","post","type-post","status-publish","format-standard","has-post-thumbnail","hentry","category-queretaro"],"_links":{"self":[{"href":"https:\/\/informebajio.com.mx\/index.php?rest_route=\/wp\/v2\/posts\/54050","targetHints":{"allow":["GET"]}}],"collection":[{"href":"https:\/\/informebajio.com.mx\/index.php?rest_route=\/wp\/v2\/posts"}],"about":[{"href":"https:\/\/informebajio.com.mx\/index.php?rest_route=\/wp\/v2\/types\/post"}],"author":[{"embeddable":true,"href":"https:\/\/informebajio.com.mx\/index.php?rest_route=\/wp\/v2\/users\/2"}],"replies":[{"embeddable":true,"href":"https:\/\/informebajio.com.mx\/index.php?rest_route=%2Fwp%2Fv2%2Fcomments&post=54050"}],"version-history":[{"count":0,"href":"https:\/\/informebajio.com.mx\/index.php?rest_route=\/wp\/v2\/posts\/54050\/revisions"}],"wp:featuredmedia":[{"embeddable":true,"href":"https:\/\/informebajio.com.mx\/index.php?rest_route=\/wp\/v2\/media\/54051"}],"wp:attachment":[{"href":"https:\/\/informebajio.com.mx\/index.php?rest_route=%2Fwp%2Fv2%2Fmedia&parent=54050"}],"wp:term":[{"taxonomy":"category","embeddable":true,"href":"https:\/\/informebajio.com.mx\/index.php?rest_route=%2Fwp%2Fv2%2Fcategories&post=54050"},{"taxonomy":"post_tag","embeddable":true,"href":"https:\/\/informebajio.com.mx\/index.php?rest_route=%2Fwp%2Fv2%2Ftags&post=54050"}],"curies":[{"name":"wp","href":"https:\/\/api.w.org\/{rel}","templated":true}]}}