{"id":54056,"date":"2026-01-15T12:21:07","date_gmt":"2026-01-15T18:21:07","guid":{"rendered":"https:\/\/informebajio.com.mx\/?p=54056"},"modified":"2026-01-15T12:21:07","modified_gmt":"2026-01-15T18:21:07","slug":"asesores-ciudadanos-no-tienen-tintes-politicos-claudia-diaz","status":"publish","type":"post","link":"https:\/\/informebajio.com.mx\/?p=54056","title":{"rendered":"Asesores ciudadanos no tienen \u201ctintes pol\u00edticos\u201d: Claudia D\u00edaz"},"content":{"rendered":"<div>\n<h3><span style=\"font-weight: 400;\">No hay una revisi\u00f3n parcial a las cuentas p\u00fablicas, se\u00f1ala la diputada del PT<\/span><\/h3>\n<p><span style=\"font-weight: 400;\">Diego Hern\u00e1ndez\u00a0<\/span><\/p>\n<p><span style=\"font-weight: 400;\">Noticias\u00a0<\/span><\/p>\n<p>\u00a0<\/p>\n<p><span style=\"font-weight: 400;\">Claudia D\u00edaz Gayou, diputada local por el Partido del Trabajo, present\u00f3 al grupo de asesores ciudadanos que ayudar\u00e1n a la revisi\u00f3n de las cuentas p\u00fablicas del 2024, debido a que varios de ellos est\u00e1n ligados a la 4T, neg\u00f3 que ser\u00e1 una cacer\u00eda de brujas.<\/span><\/p>\n<p><span style=\"font-weight: 400;\">En ese sentido, la diputada local insisti\u00f3 que no hay tintes pol\u00edticos detr\u00e1s de esta acci\u00f3n para la revisi\u00f3n de la cuenta p\u00fablica de las instituciones queretanas, sino que hay un compromiso real para garantizar el derecho a la transparencia de los queretanos.<\/span><\/p>\n<p><span style=\"font-weight: 400;\">\u201cHoy las personas que me acompa\u00f1an aqu\u00ed son personas que est\u00e1n buscando poder fortalecer la transparencia que nos deben a las y los queretanos sin tintes pol\u00edticos\u201d.<\/span><\/p>\n<p><span style=\"font-weight: 400;\">Sin embargo, llam\u00f3 la atenci\u00f3n que est\u00e9 grupo de asesores est\u00e1 integrado por Roc\u00edo Peniche Vera, que fue delegada de la Secretar\u00eda de Bienestar aqu\u00ed en Quer\u00e9taro; tambi\u00e9n est\u00e1 Juan Carlos Espinosa Larracoechea, vocero de Santiago Nieto en las elecciones pasadas y Carlos Renter\u00eda que fue candidato por el Partido del Trabajo al Senado de la Rep\u00fablica.<\/span><\/p>\n<p><span style=\"font-weight: 400;\">Sin embargo, D\u00edaz Gayou defendi\u00f3 que son perfiles especializados en la revisi\u00f3n de las cuentas p\u00fablicas y traer\u00e1n resultados a los Quer\u00e9taro, refiri\u00f3 que hace 11 a\u00f1os se dej\u00f3 de hacer este tipo de ejercicios en beneficio de la poblaci\u00f3n, por lo que consider\u00f3 positivo su reanudaci\u00f3n.<\/span><\/p>\n<p><span style=\"font-weight: 400;\">No obstante, refiri\u00f3 que detectaron en una primera instancia que los municipios con mayores observaciones eran los que manejan menos recurso pero tambi\u00e9n no son gobernados por el Partido Acci\u00f3n Nacional, desde su perspectiva no hay una revisi\u00f3n parcial a las cuentas p\u00fablicas.<\/span><\/p>\n<p>\u00a0<\/p>\n<\/div>\n<p><script>(function(d, s, id) {\n  var js, fjs = d.getElementsByTagName(s)[0];\n  if (d.getElementById(id)) return;\n  js = d.createElement(s); js.id = id;\n  js.src = \"\/\/connect.facebook.net\/es_LA\/sdk.js#xfbml=1&appId=546007945598485&version=v2.3\";\n  fjs.parentNode.insertBefore(js, fjs);\n}(document, 'script', 'facebook-jssdk'));<\/script><\/p>\n","protected":false},"excerpt":{"rendered":"<p>No hay una revisi\u00f3n parcial a las cuentas p\u00fablicas, se\u00f1ala la diputada del PT Diego Hern\u00e1ndez\u00a0 Noticias\u00a0 \u00a0 Claudia D\u00edaz Gayou, diputada local por el Partido del Trabajo, present\u00f3 al grupo de asesores ciudadanos que ayudar\u00e1n a la revisi\u00f3n de las cuentas p\u00fablicas del 2024, debido a que varios de ellos est\u00e1n ligados a la [&hellip;]<\/p>\n","protected":false},"author":2,"featured_media":54057,"comment_status":"","ping_status":"","sticky":false,"template":"","format":"standard","meta":{"_monsterinsights_skip_tracking":false,"_monsterinsights_sitenote_active":false,"_monsterinsights_sitenote_note":"","_monsterinsights_sitenote_category":0,"footnotes":""},"categories":[4],"tags":[],"class_list":["post-54056","post","type-post","status-publish","format-standard","has-post-thumbnail","hentry","category-queretaro"],"_links":{"self":[{"href":"https:\/\/informebajio.com.mx\/index.php?rest_route=\/wp\/v2\/posts\/54056","targetHints":{"allow":["GET"]}}],"collection":[{"href":"https:\/\/informebajio.com.mx\/index.php?rest_route=\/wp\/v2\/posts"}],"about":[{"href":"https:\/\/informebajio.com.mx\/index.php?rest_route=\/wp\/v2\/types\/post"}],"author":[{"embeddable":true,"href":"https:\/\/informebajio.com.mx\/index.php?rest_route=\/wp\/v2\/users\/2"}],"replies":[{"embeddable":true,"href":"https:\/\/informebajio.com.mx\/index.php?rest_route=%2Fwp%2Fv2%2Fcomments&post=54056"}],"version-history":[{"count":0,"href":"https:\/\/informebajio.com.mx\/index.php?rest_route=\/wp\/v2\/posts\/54056\/revisions"}],"wp:featuredmedia":[{"embeddable":true,"href":"https:\/\/informebajio.com.mx\/index.php?rest_route=\/wp\/v2\/media\/54057"}],"wp:attachment":[{"href":"https:\/\/informebajio.com.mx\/index.php?rest_route=%2Fwp%2Fv2%2Fmedia&parent=54056"}],"wp:term":[{"taxonomy":"category","embeddable":true,"href":"https:\/\/informebajio.com.mx\/index.php?rest_route=%2Fwp%2Fv2%2Fcategories&post=54056"},{"taxonomy":"post_tag","embeddable":true,"href":"https:\/\/informebajio.com.mx\/index.php?rest_route=%2Fwp%2Fv2%2Ftags&post=54056"}],"curies":[{"name":"wp","href":"https:\/\/api.w.org\/{rel}","templated":true}]}}