{"id":54128,"date":"2026-01-19T02:28:23","date_gmt":"2026-01-19T08:28:23","guid":{"rendered":"https:\/\/informebajio.com.mx\/?p=54128"},"modified":"2026-01-19T02:28:23","modified_gmt":"2026-01-19T08:28:23","slug":"la-sombra-de-la-primera-galaxia-acecha-al-madrid-los-jugadores-saben-que-tienen-mucho-poder","status":"publish","type":"post","link":"https:\/\/informebajio.com.mx\/?p=54128","title":{"rendered":"La sombra de la primera galaxia acecha al Madrid: &quot;Los jugadores saben que tienen mucho poder&quot;"},"content":{"rendered":"<div data-section=\"articleBody\">\n<p class=\"ue-c-article__paragraph\">&#8220;Hemos hecho una plantilla de grandes jugadores de la que soy el \u00fanico responsable. <strong>Les he maleducado<\/strong> y se han confundido. He actuado como un padre por darle lo mejor a los ni\u00f1os y eso hace que se confundan. Soy el \u00fanico culpable&#8221;. En poco m\u00e1s de un mes se cumplen <strong>20 a\u00f1os de la dimisi\u00f3n de Florentino P\u00e9rez<\/strong>, un momento clave en la historia moderna del <strong>Real Madrid<\/strong>. Despu\u00e9s de caer contra el <strong>Arsenal <\/strong>en la ida de los octavos de Champions y ante el Mallorca en Son Moix, el presidente del conjunto blanco decidi\u00f3 poner fin a la primera era Gal\u00e1ctica del Bernab\u00e9u. Lo hizo con una <strong>Copa de Europa<\/strong>, la de 2002, como techo de una galaxia convertida en el club con mayores ingresos del mundo. P\u00e9rez termin\u00f3 ech\u00e1ndose a un lado &#8220;para que los jugadores vean que <strong>lo \u00fanico importante es el Madrid<\/strong>&#8220;. Esas reflexiones del presidente sobre el vestuario tienen su eco ahora, en la realidad actual del club tras los \u00faltimos meses y el desastre de <strong>Albacete<\/strong>.<\/p>\n<p class=\"ue-c-article__paragraph\">Dos d\u00e9cadas despu\u00e9s, la nueva galaxia del Madrid (basta cambiar a <strong>Beckham, Zidane, Ronaldo<\/strong> o Robinho por <strong>Vinicius, Bellingham o Mbapp\u00e9<\/strong>) afronta algunos de los problemas que tuvo la primera. P\u00e9rez regres\u00f3 en 2009 con los errores aprendidos e inici\u00f3 una <strong>segunda etapa extraordinaria e irrepetible<\/strong>, con <strong>seis Champions<\/strong> y decenas de t\u00edtulos que le han puesto por encima de Bernab\u00e9u en la historia de la instituci\u00f3n, situado de nuevo el club como la organizaci\u00f3n futbol\u00edstica con mayores beneficios, remodelado el estadio y ganando Balones de Oro m\u00e1s all\u00e1 de Cristiano Ronaldo. Pero el paso de esa segunda galaxia (Cristiano era su rostro visible) a la tercera acumula 18 meses con m\u00e1s defectos que virtudes. <strong>Sin Modric, Kroos, Benzema, Marcelo o Casemiro<\/strong>, jugadores que fueron parte de la etapa dorada y sirvieron de puente entre galaxias (y que, por cierto, no responden al estereotipo de <i>gal\u00e1cticos<\/i> fuera del campo), el vestuario parece descompuesto.<\/p>\n<p class=\"ue-c-article__paragraph\">La eliminaci\u00f3n ante el <strong>Albacete<\/strong>, 17\u00ba clasificado en Segunda Divisi\u00f3n, en los octavos de la Copa del Rey es un ejemplo m\u00e1s de esa situaci\u00f3n. Una derrota que ha puesto en el punto de mira, m\u00e1s que nunca, a los futbolistas. No a Xabi Alonso, tampoco al reci\u00e9n llegado \u00c1lvaro Arbeloa, que intent\u00f3 asumir la culpa del fracaso en la Mancha a pesar de llevar 24 horas en el cargo y quiso proteger a la plantilla, quiz\u00e1 no con las frases adecuadas. &#8220;Hay que agradecer a Vini que haya querido estar aqu\u00ed&#8221;, dijo exhibiendo, por un lado, pleites\u00eda ante lo que deber\u00eda ser normal y, por otro, abriendo la opci\u00f3n de pensar en cu\u00e1l fue la postura de otros jugadores ante el partido de Albacete. No viajaron, sin aparente problema f\u00edsico (el jueves entrenaron con normalidad) <strong>Bellingham, Mbapp\u00e9, Tchouam\u00e9ni y Carreras<\/strong>. Unos futbolistas que, m\u00e1s all\u00e1 de la t\u00e1ctica de quien les dirige, llevan mucho tiempo lejos de su mayor nivel t\u00e9cnico, f\u00edsico y mental.<\/p>\n<h2 class=\"ue-c-article__subheadline\">El enfado de Vinicius, &#8220;un antes y un despu\u00e9s&#8221;<\/h2>\n<p class=\"ue-c-article__paragraph\">Seg\u00fan fuentes cercanas a la plantilla del Madrid, el enfado de Vinicius en el cl\u00e1sico fue &#8220;<strong>un antes y un despu\u00e9s<\/strong>&#8221; en Valdebebas. La protecci\u00f3n de la direcci\u00f3n del club al brasile\u00f1o, que no mencion\u00f3 a Alonso en su comunicado de disculpas, provoc\u00f3 una catarata de actitudes en el d\u00eda a d\u00eda que agrietaron la relaci\u00f3n con el entrenador y dieron mucho mando en plaza a los futbolistas. &#8220;Ah\u00ed <strong>supieron que ten\u00edan mucho poder<\/strong>&#8220;, admiten en el entorno de uno de los pesos pesados de la plantilla. &#8220;<strong>En los a\u00f1os anteriores no hab\u00eda esa sensaci\u00f3n<\/strong>&#8220;, insisten, a pesar de que en el mes de diciembre, en plena crisis de resultados despu\u00e9s de las derrotas contra el Celta y el City, el club les advirti\u00f3 que ser\u00edan los pr\u00f3ximos se\u00f1alados si no mejoraban su actitud.<\/p>\n<figure class=\"ue-c-article__media ue-c-article__media--image\">\n<div class=\"ue-c-article__media-img-container ue-l-article--expand-edge-right-until-tablet ue-l-article--expand-edge-left-until-tablet\"><picture><source type=\"image\/webp\" sizes=\"(min-width: 1250px) 646px, (min-width: 980px) calc(100vw - 580px), (min-width: 740px) calc(100vw - 310px), 100vw\" srcset=\"https:\/\/e01-phantom-elmundo.uecdn.es\/2ff4d05c50268ce00ed2b3ace90cd03e\/crop\/0x0\/3050x2033\/resize\/380\/f\/webp\/assets\/multimedia\/imagenes\/2026\/01\/15\/17684816537922.jpg 380w,https:\/\/e01-phantom-elmundo.uecdn.es\/3c1f0eeff55610e7506bcc10a654a6ca\/crop\/0x0\/3050x2033\/resize\/460\/f\/webp\/assets\/multimedia\/imagenes\/2026\/01\/15\/17684816537922.jpg 460w,https:\/\/e01-phantom-elmundo.uecdn.es\/372199e7fec0dad098e0036ae0b0c097\/crop\/0x0\/3050x2033\/resize\/540\/f\/webp\/assets\/multimedia\/imagenes\/2026\/01\/15\/17684816537922.jpg 540w,https:\/\/e01-phantom-elmundo.uecdn.es\/49c551d1697e850ccba2ea90204a7330\/crop\/0x0\/3050x2033\/resize\/646\/f\/webp\/assets\/multimedia\/imagenes\/2026\/01\/15\/17684816537922.jpg 646w,https:\/\/e01-phantom-elmundo.uecdn.es\/23f0fe8e6fba826a62d3e037343c24bd\/crop\/0x0\/3050x2033\/resize\/920\/f\/webp\/assets\/multimedia\/imagenes\/2026\/01\/15\/17684816537922.jpg 920w,https:\/\/e01-phantom-elmundo.uecdn.es\/9062aa0f6ee321c5b3350bca2452723f\/crop\/0x0\/3050x2033\/resize\/1220\/f\/webp\/assets\/multimedia\/imagenes\/2026\/01\/15\/17684816537922.jpg 1220w\"><source type=\"image\/jpeg\" sizes=\"(min-width: 1250px) 646px, (min-width: 980px) calc(100vw - 580px), (min-width: 740px) calc(100vw - 310px), 100vw\" srcset=\"https:\/\/e01-phantom-elmundo.uecdn.es\/5dee3905eda0d72356115e1af7042bf3\/crop\/0x0\/3050x2033\/resize\/380\/f\/jpg\/assets\/multimedia\/imagenes\/2026\/01\/15\/17684816537922.jpg 380w,https:\/\/e01-phantom-elmundo.uecdn.es\/0788a7511ef996e2ac389ae923012131\/crop\/0x0\/3050x2033\/resize\/460\/f\/jpg\/assets\/multimedia\/imagenes\/2026\/01\/15\/17684816537922.jpg 460w,https:\/\/e01-phantom-elmundo.uecdn.es\/530cb3cb23a0c2ccdbcc14607403706d\/crop\/0x0\/3050x2033\/resize\/540\/f\/jpg\/assets\/multimedia\/imagenes\/2026\/01\/15\/17684816537922.jpg 540w,https:\/\/e01-phantom-elmundo.uecdn.es\/d62e838bc6f3dd93a2ff54cc83ec549b\/crop\/0x0\/3050x2033\/resize\/646\/f\/jpg\/assets\/multimedia\/imagenes\/2026\/01\/15\/17684816537922.jpg 646w,https:\/\/e01-phantom-elmundo.uecdn.es\/1db13dfa743203c5ff248deba388bd8a\/crop\/0x0\/3050x2033\/resize\/920\/f\/jpg\/assets\/multimedia\/imagenes\/2026\/01\/15\/17684816537922.jpg 920w,https:\/\/e01-phantom-elmundo.uecdn.es\/8d6ff7a35842eda0aae7c8df7a0d47b8\/crop\/0x0\/3050x2033\/resize\/1220\/f\/jpg\/assets\/multimedia\/imagenes\/2026\/01\/15\/17684816537922.jpg 1220w\"><img decoding=\"async\" width=\"3050\" height=\"2033\" class=\"ue-c-article__image lazyload\" alt=\"El presidente, durante la \u00faltima asamblea de socios.\" loading=\"lazy\" src=\"https:\/\/e01-elmundo.uecdn.es\/assets\/multimedia\/imagenes\/2026\/01\/15\/17684816537922.jpg\"\/><\/source><\/source><\/picture><\/div><figcaption class=\"ue-c-article__media-caption\">\n<p><span class=\"ue-c-article__media-description\">El presidente, durante la \u00faltima asamblea de socios.<\/span><span class=\"ue-c-article__media-source\"><span class=\"ue-c-article__media-agency\">GETTY<\/span><\/span><\/p>\n<\/figcaption><\/figure>\n<p class=\"ue-c-article__paragraph\">Para la zona noble del Madrid, los jugadores siempre han sido m\u00e1s importantes que los entrenadores. Es un hecho y la forma en la que se han construido los \u00e9xitos dentro y fuera del campo de la era reciente del club. Un \u00e9xito rotundo a nivel futbol\u00edstico y econ\u00f3mico. Las estrellas marcan goles, venden camisetas, consiguen patrocinios y llenan el estadio. Son activos econ\u00f3micos que generan trofeos y riqueza. Mientras, los t\u00e9cnicos son temporales. Van y vienen, con m\u00e1s o menos tiempo en el cargo, pero son prescindibles. A\u00fan as\u00ed, el Madrid de los \u00faltimos a\u00f1os solo ha ganado en Europa con dos: <strong>Ancelotti y Zidane<\/strong>.<\/p>\n<p class=\"ue-c-article__paragraph\">Entrenadores que han tenido una buena relaci\u00f3n con las estrellas, que dejaban hacer pero que tambi\u00e9n eran duros cuando hab\u00eda que serlo&#8230; Y lo eran porque el club tambi\u00e9n lo era. Los casos de <strong>Cristiano o Ramos<\/strong>, a los que Florentino abri\u00f3 la puerta cuando tantearon con su futuro en el Madrid, muestran la dureza del presidente en determinados momentos.<\/p>\n<h2 class=\"ue-c-article__subheadline\">&#8220;Hemos tocado fondo&#8221;<\/h2>\n<p class=\"ue-c-article__paragraph\">Ahora, la salida de Alonso parece algo diferente. El vasco lleg\u00f3 como una apuesta a medio-largo plazo para liderar la transici\u00f3n entre galaxias despu\u00e9s de triunfar en Alemania con el Leverkusen. Era una leyenda del club, un caso distinto al de <strong>Ben\u00edtez o Lopetegui<\/strong>, pero ha durado seis meses. Parte del vestuario se rebel\u00f3 frente a las altas esferas del Bernab\u00e9u por sus m\u00e9todos y Florentino decidi\u00f3 elegir a <strong>Arbeloa<\/strong>, que ha admitido a <strong>Pintus<\/strong> a su lado y en Albacete rechaz\u00f3 criticar a sus nuevos jugadores: &#8220;<strong>No puedo reprochar<\/strong><strong>nada<\/strong>. Han querido ganar&#8221;.<\/p>\n<p class=\"ue-c-article__paragraph\">El Madrid ha pasado del vestuario &#8220;m\u00e1s sano al que he entrenado&#8221;, como admit\u00eda Ancelotti en 2024, a uno que parece corrompido por el prematuro \u00e9xito. &#8220;<strong>Hemos tocado fondo estrepitosamente<\/strong>. Tenemos que hacer autocr\u00edtica a nivel individual y colectivo&#8221;, reconoci\u00f3 Carvajal en Albacete. El capit\u00e1n es el \u00fanico superviviente de la segunda galaxia dentro de una plantilla joven que ha ganado una o dos Champions al abrigo de futbolistas que son leyenda de la instituci\u00f3n. &#8220;<strong>Estamos a tiempo de reaccionar, quedan dos t\u00edtulos<\/strong>&#8220;, admiten en el club. La sombra de la primera galaxia es alargada.<\/p>\n<hr class=\"mid-script\" data-ue-cxid=\"cx_83a9b88a949e8d5637b6e6fe389963468546b555\" data-ue-is-premium=\"false\" data-ue-is-basic=\"true\" data-ue-is-mobile=\"false\" style=\"display:none\"\/><\/div>\n<p><script type=\"text\/javascript\">\n    var utag_data = {};\n    window.addEventListener('ue-dfp-loaded', (s) => {\n        let urls = [\n            {\n                url: 'https:\/\/tags.tiqcdn.com\/utag\/unidadeditorial\/elmundo\/prod\/utag.sync.js'\n            },\n            {\n                url: 'https:\/\/tags.tiqcdn.com\/utag\/unidadeditorial\/elmundo\/prod\/utag.js'\n            },\n            {\n                url: '\/\/e00-elmundo.uecdn.es\/js\/uecomscore_cmp_event.js'\n            },\n            {\n                url: 'https:\/\/cdn.permutive.com\/10453011-272d-49cd-9043-1964fdb36fd8-web.js'\n            },\n            {\n                url: '\/\/e00-ue.uecdn.es\/piano\/ue-piano-d659d681fbb5170a136d.min.js'\n            },\n            {\n                url: 'https:\/\/e00-ue.uecdn.es\/zeotap\/ue-zeotap.min.js'\n            }\n        ]<\/p>\n<p>        urls.forEach((item) => {\n            let a, b, c, d, e;\n            a = item.url;\n            b = document;\n            c = 'script';\n            d = b.createElement(c);\n            d.src = a;\n            d.type = 'text\/java' + c;\n            d.async = !0;\n            d.onload = item.callback ? item.callback : null;\n            e = b.getElementsByTagName(c)[0];\n            e.parentNode.insertBefore(d, e);\n        });<\/p>\n<p>        let taboolaIsRun = false;<\/p>\n<p>        function taboola_loader() {\n            if (taboolaIsRun) {\n                return;\n            }\n            taboolaIsRun = true;\n            window._taboola = window._taboola || [];\n            const mainElement = document.querySelector(\"main\");\n            if(mainElement.dataset.ueContentType === \"noticia-especial\") {\n                _taboola.push({ other: 'auto', tracking: 'intcmp=BOOREC&taboola_source=taboola&taboola_medium=internal-referral' });\n            } else {\n                _taboola.push({ article: 'auto', tracking: 'intcmp=BOOREC&taboola_source=taboola&taboola_medium=internal-referral' });\n            }\n            !function (e, f, u, i) {\n                if (!document.getElementById(i)) {\n                    e.async = 1;\n                    e.src = u;\n                    e.id = i;\n                    f.parentNode.insertBefore(e, f);\n                }\n            }(document.createElement('script'), document.getElementsByTagName('script')[0], '\/\/cdn.taboola.com\/libtrc\/unidadeditorial-elmundo\/loader.js', 'tb_loader_script');\n            if (window.performance && typeof window.performance.mark == 'function') { window.performance.mark('tbl_ic'); }\n        }<\/p>\n<p>        window.loadTaboola = () => {\n            window.didomiOnReady = window.didomiOnReady || [];\n            window.didomiOnReady.push(function (Didomi) {\n                if (Didomi.getUserStatusForVendor(42)) {\n                taboola_loader();\n                } else {\n                window.addEventListener(\"ueConsentChanged\", () => {\n                    if (Didomi.getUserStatusForVendor(42)) {\n                    taboola_loader();\n                    }\n                });\n                }\n            });\n        }<\/p>\n<p>        var cookieList = document.cookie.split(';');\n        cookieList.forEach(function (item) {\n            if (typeof item == \"string\" && item.indexOf(\"REGMUNDO\") != -1) {\n                var ifr_seed = document.createElement(\"iframe\");\n                ifr_seed.src = \"https:\/\/5214106.fls.doubleclick.net\/activityi;src=5214106;type=corp;cat=regis00;dc_lat=;dc_rdid=;tag_for_child_directed_treatment=;ord=\" + Math.random() * 1000000000000 + \"?\";\n                ifr_seed.width = \"1\";\n                ifr_seed.height = \"1\";\n                ifr_seed.style.display = \"none\";\n                ifr_seed.setAttribute(\"frameborder\", \"0\");\n                var node = document.body.getElementsByTagName(\"script\")[0];\n                node.parentNode.insertBefore(ifr_seed, node);\n            }\n        });<\/p>\n<p>        (function (d, s, id) {\n            var js, fjs = d.getElementsByTagName(s)[0];\n            if (d.getElementById(id)) return;\n            js = d.createElement(s);\n            js.id = id;\n            js.src = \"\/\/connect.facebook.net\/es_ES\/sdk.js#xfbml=1&version=v2.8&appId=279395918757488&status=true&cookie=true\";\n            fjs.parentNode.insertBefore(js, fjs);\n        }(document, 'script', 'facebook-jssdk'));\n    });\n<\/script><\/p>\n","protected":false},"excerpt":{"rendered":"<p>&#8220;Hemos hecho una plantilla de grandes jugadores de la que soy el \u00fanico responsable. Les he maleducado y se han confundido. He actuado como un padre por darle lo mejor a los ni\u00f1os y eso hace que se confundan. Soy el \u00fanico culpable&#8221;. En poco m\u00e1s de un mes se cumplen 20 a\u00f1os de la [&hellip;]<\/p>\n","protected":false},"author":2,"featured_media":54129,"comment_status":"","ping_status":"","sticky":false,"template":"","format":"standard","meta":{"_monsterinsights_skip_tracking":false,"_monsterinsights_sitenote_active":false,"_monsterinsights_sitenote_note":"","_monsterinsights_sitenote_category":0,"footnotes":""},"categories":[9],"tags":[],"class_list":["post-54128","post","type-post","status-publish","format-standard","has-post-thumbnail","hentry","category-deportes"],"_links":{"self":[{"href":"https:\/\/informebajio.com.mx\/index.php?rest_route=\/wp\/v2\/posts\/54128","targetHints":{"allow":["GET"]}}],"collection":[{"href":"https:\/\/informebajio.com.mx\/index.php?rest_route=\/wp\/v2\/posts"}],"about":[{"href":"https:\/\/informebajio.com.mx\/index.php?rest_route=\/wp\/v2\/types\/post"}],"author":[{"embeddable":true,"href":"https:\/\/informebajio.com.mx\/index.php?rest_route=\/wp\/v2\/users\/2"}],"replies":[{"embeddable":true,"href":"https:\/\/informebajio.com.mx\/index.php?rest_route=%2Fwp%2Fv2%2Fcomments&post=54128"}],"version-history":[{"count":0,"href":"https:\/\/informebajio.com.mx\/index.php?rest_route=\/wp\/v2\/posts\/54128\/revisions"}],"wp:featuredmedia":[{"embeddable":true,"href":"https:\/\/informebajio.com.mx\/index.php?rest_route=\/wp\/v2\/media\/54129"}],"wp:attachment":[{"href":"https:\/\/informebajio.com.mx\/index.php?rest_route=%2Fwp%2Fv2%2Fmedia&parent=54128"}],"wp:term":[{"taxonomy":"category","embeddable":true,"href":"https:\/\/informebajio.com.mx\/index.php?rest_route=%2Fwp%2Fv2%2Fcategories&post=54128"},{"taxonomy":"post_tag","embeddable":true,"href":"https:\/\/informebajio.com.mx\/index.php?rest_route=%2Fwp%2Fv2%2Ftags&post=54128"}],"curies":[{"name":"wp","href":"https:\/\/api.w.org\/{rel}","templated":true}]}}