{"id":54895,"date":"2026-03-03T13:01:22","date_gmt":"2026-03-03T19:01:22","guid":{"rendered":"https:\/\/informebajio.com.mx\/?p=54895"},"modified":"2026-03-03T13:01:22","modified_gmt":"2026-03-03T19:01:22","slug":"el-90-de-los-incendios-son-provocados-mger","status":"publish","type":"post","link":"https:\/\/informebajio.com.mx\/?p=54895","title":{"rendered":"El 90% de los incendios son provocados: MGER"},"content":{"rendered":"<div>\n<h2><span style=\"font-weight: 400;\">El cambio clim\u00e1tico trae fen\u00f3menos clim\u00e1ticos que antes no se contemplaban: Mar\u00eda Guadalupe Espinosa de los Reyes.<\/span><\/h2>\n<p><span style=\"font-weight: 400;\">Por Luis Montes de Oca<\/span><\/p>\n<p><span style=\"font-weight: 400;\">Noticias<\/span><\/p>\n<p><span style=\"font-weight: 400;\">Segunda Parte<\/span><\/p>\n<p>\u00a0<\/p>\n<p><span style=\"font-weight: 400;\">Mar\u00eda Guadalupe Espinosa de los Reyes, no evade preguntas va directo, mira de frente y responde al cuestionamiento:<\/span><\/p>\n<p><span style=\"font-weight: 400;\">\u2014\u00bfQu\u00e9 pasa cuando un \u00c1rea Natural Protegida (ANP) se siniestra, se incendia o provocan un incendio, la queman? \u00bfLlega a perderse esa ANP? \u00bfSe queda as\u00ed? \u00bfHay restauraci\u00f3n de suelos? Porque s\u00e9 que eso es car\u00edsimo restaurar suelos. Entonces no s\u00e9 qu\u00e9 se haga. \u00bfSe deja que la naturaleza se regenere? \u2014Plat\u00edcanos.<\/span><\/p>\n<p><span style=\"font-weight: 400;\">\u2014Para nosotros desde el inicio de la administraci\u00f3n ha sido un tema que hemos abordado, yo creo que muy responsablemente. Hemos estado trabajando en conjunto con la direcci\u00f3n de la Coordinaci\u00f3n de Protecci\u00f3n Civil Municipal, la Coordinaci\u00f3n Estatal, con la CONAFOR, SEDEA, con la CONAMP. Es decir, ha sido un trabajo interinstitucional respecto al tema de los incendios.\u00a0<\/span><\/p>\n<p><span style=\"font-weight: 400;\">Sabemos que el cambio clim\u00e1tico est\u00e1 trayendo ya fen\u00f3menos naturales que antes no se contemplaban. Hoy ya estamos inmersos en esa situaci\u00f3n y sabemos que cada a\u00f1o va a ser m\u00e1s caluroso que el otro. Esa es una realidad y obviamente las condiciones extremas, de climas extremos, nos han tra\u00eddo un incremento en la incidencia de los incendios. Tanto por causas naturales como por causas antropog\u00e9nicas. Sabemos, porque as\u00ed lo indican las cifras a nivel mundial, que m\u00e1s del 90% de los incendios son provocados por alguna actividad relacionada con el hombre.\u00a0<\/span><\/p>\n<p><span style=\"font-weight: 400;\">\u2014\u00bfLa colilla del cigarro?, \u00bfla botella de vidrio?, o el malandro que va y provoca el fuego \u2014soltamos.<\/span><\/p>\n<p><span style=\"font-weight: 400;\">\u2014Tal cual, desde hace d\u00e9cadas, los incendios, tanto en bienes inmuebles como en bienes previos, est\u00e1n tipificados en el C\u00f3digo Penal. Esto es un delito, ocasionar un incendio, en donde sea. Entonces esto es muy importante, porque cuando la gente pueda denunciar los incendios y tenga las evidencias, debe presentar su denuncia formalmente a la fiscal\u00eda, porque as\u00ed lo mandata el C\u00f3digo Penal.<\/span><\/p>\n<p><span style=\"font-weight: 400;\">\u2014\u00bfNo hacerlo es un delito o una obligaci\u00f3n?<\/span><\/p>\n<p><span style=\"font-weight: 400;\">\u2014Muchas de las veces es muy dif\u00edcil determinar o ver o agarrar en flagrancia a alguien quemando un predio. Ese es uno de los problemas a los que nos hemos enfrentado. \u00bfQu\u00e9 es lo que estamos haciendo desde la administraci\u00f3n? Una campa\u00f1a preventiva y de control.<\/span><\/p>\n<p><span style=\"font-weight: 400;\">Hemos llevado a cabo 12 capacitaciones en materia de prevenci\u00f3n y control, en conjunto con las dependencias que ya te mencion\u00e9, para capacitar a toda persona que est\u00e9 interesada para saber qu\u00e9 podemos hacer en caso de que se est\u00e9 llevando a cabo un incendio. Es decir, formar brigadistas, pero tambi\u00e9n informar a la sociedad qu\u00e9 es lo que no debemos hacer para buscar mitigar la cantidad de incendios. Porque insisto, s\u00ed es una realidad que los incendios est\u00e1n, la mayor\u00eda de los incendios est\u00e1n asociados a algo que tiene que ver con algo.<\/span><\/p>\n<p><span style=\"font-weight: 400;\">\u2014\u00bfLos incendios han existido siempre y no siempre son provocados?\u00a0<\/span><\/p>\n<p><span style=\"font-weight: 400;\">\u2014En ecolog\u00eda hay un t\u00e9rmino que se llama la sucesi\u00f3n ecol\u00f3gica, y literal, as\u00ed te lo ense\u00f1an en la universidad. Cuando un bosque se incendia, muchas veces sirve para regenerar el ecosistema.<\/span><\/p>\n<p>\u00a0<\/p>\n<p><span style=\"font-weight: 400;\">Hay muchas ocasiones que las propias \u00e1reas de preservaci\u00f3n, sean ANP o no, funcionan para regenerar el ecosistema. Muchas veces hay situaciones o circunstancias, como suelos compactos, que no sirven para regenerar el ecosistema.\u00a0<\/span><\/p>\n<p><span style=\"font-weight: 400;\">\u2014Pero muchas veces el mismo campesino quema para fertilizar su tierra \u2014planteamos.<\/span><\/p>\n<p><span style=\"font-weight: 400;\">\u2014Exactamente, justamente \u2014responde la funcionaria municipal\u2014 pero cuando hay quemas por parte de campesinos, cuando son quemas agr\u00edcolas, la ley federal establece un permiso espec\u00edfico. Se llama de quemas controladas. Tienen que ir a la federaci\u00f3n a solicitar este permiso. Y obviamente se tiene que dar bajo ciertas circunstancias. Entonces tambi\u00e9n eso es importante que la gente lo sepa.<\/span><\/p>\n<p><span style=\"font-weight: 400;\">Ahora bien, se solicita a la poblaci\u00f3n no realizar estas quemas controladas en \u00e9poca de estiaje, porque cualquier llamita incendia todo. Entonces hay dos temas aqu\u00ed importantes. Hay predios privados y como municipio, como gobierno, nosotros no podemos actuar o no podemos incidir en lo que sucede dentro de un predio privado. \u00bfQu\u00e9 estamos haciendo? Pidi\u00e9ndole a la gente que vigile, que realice sus brechas cortafuegos. Eso es important\u00edsimo, que nos den aviso a nosotros que est\u00e1n realizando brechas cortafuegos y que est\u00e9n vigilando. Que cualquier conato de incendio se reporte luego, luego al 911.\u00a0<\/span><\/p>\n<p><span style=\"font-weight: 400;\">\u2014\u00bfTienen brigadistas ustedes?\u00a0<\/span><\/p>\n<p><span style=\"font-weight: 400;\">\u2014Tenemos brigadistas, son los de Protecci\u00f3n Civil y ahorita la intenci\u00f3n es capacitar a gente de los ejidos, que ha sido un poco complicado porque todos sabemos que trabajar con los ejidatarios a veces es dif\u00edcil. Pero afortunadamente s\u00ed hemos encontrado buena respuesta tambi\u00e9n aqu\u00ed en nuestros ejidos. Tenemos una brigada en Buenavista, por ejemplo, que es una zona que est\u00e1 dentro del ANP de Pe\u00f1a Colorada.<\/span><\/p>\n<p><span style=\"font-weight: 400;\">Entonces ah\u00ed nos est\u00e1n echando la mano y la intenci\u00f3n es formar m\u00e1s brigadistas.\u00a0<\/span><\/p>\n<p><span style=\"font-weight: 400;\">\u2014\u00bfYa dejaron en paz Pe\u00f1a Colorada? \u00bfTodav\u00eda le siguen dando lata? \u00bfEst\u00e1n tranquilos?\u00a0<\/span><\/p>\n<p><span style=\"font-weight: 400;\">\u2014Est\u00e1n tranquilos, ya est\u00e1 decretada como \u00c1rea Natural Protegida Federal. Entonces ya es un boleto de la federaci\u00f3n con quien tambi\u00e9n trabajamos de la mano para cualquier necesidad que tengan los mismos ejidatarios.\u00a0<\/span><\/p>\n<p><span style=\"font-weight: 400;\">\u2014La pregunta entonces, \u00bfestas \u00e1reas que se incendian, que se deterioran, pueden cambiar su estatus?\u00a0<\/span><\/p>\n<p><span style=\"font-weight: 400;\">\u2014No, eso es imposible porque ya hay un decreto.<\/span><\/p>\n<p><span style=\"font-weight: 400;\">\u2014Entonces incendiada o no\u2026 es \u00e1rea protegida. Sigue estando protegida \u2014inquirimos.\u00a0<\/span><\/p>\n<p><span style=\"font-weight: 400;\">\u2014Y tambi\u00e9n lo tengo que decir \u2014contesta Mar\u00eda Guadalupe Espinosa de los Reyes\u2014, las zonas de uso de suelo, de preservaci\u00f3n ecol\u00f3gica, que no son ANP, pero que dentro del Programa de Desarrollo Urbano tienen uso de suelo de protecci\u00f3n ecol\u00f3gica, incendiadas o no, no pueden cambiar de destino.<\/span><\/p>\n<p><span style=\"font-weight: 400;\">Es decir, no se puede hacer un desarrollo porque ya est\u00e1 protegida por el programa. Entonces no, no pueden cambiar de destino. Adem\u00e1s, hay un mandato tambi\u00e9n de la Ley Forestal General, es decir, de una ley con car\u00e1cter federal, que establece que en un predio que tiene vegetaci\u00f3n catalogada como forestal, que se queme, se blinda por 20 a\u00f1os.<\/span><\/p>\n<p><span style=\"font-weight: 400;\">Es decir, no hay manera de que nadie pueda hacer absolutamente nada salvo programas de restauraci\u00f3n. Y se tienen que inscribir al Registro Nacional Forestal como una zona incendiada. Entonces tambi\u00e9n es important\u00edsimo.<\/span><\/p>\n<p><span style=\"font-weight: 400;\">La gente que tiene predios, ranchos, rancher\u00edas, ejidos, que tienen vegetaci\u00f3n forestal y se incendia. Ellos tienen que ir a la federaci\u00f3n a inscribir esos predios dentro del registro para dar aviso de que ah\u00ed hay un \u00e1rea incendiada. Y si no lo hacen ellos, pueden ir terceros a dar aviso a la federaci\u00f3n.<\/span><\/p>\n<p><span style=\"font-weight: 400;\">Entonces eso es important\u00edsimo que lo sepan. Y lo m\u00e1s importante, y lo que nosotros como municipio hemos estado pidiendo una y otra vez, es si ven alg\u00fan conato de incendio, reportarlo al 911. Y por favor, limpiar sus terrenos.<\/span><\/p>\n<p>\u00a0<\/p>\n<p><span style=\"font-weight: 400;\">Reconocimiento<\/span><\/p>\n<p>\u00a0<\/p>\n<p><span style=\"font-weight: 400;\">Al cuestion\u00e1rsele sobre los incendios en bald\u00edos con acumulaci\u00f3n de basura y material combustible, pastizales en la misma ciudad, en avenidas, en predios aleda\u00f1os a fraccionamientos y provocan desgracias, Mar\u00eda de Guadalupoe Espinosa de los Reyes hizo un reconocimiento a Bomberos y los elementos de Protecci\u00f3n Civil, que se han rifado: \u201cde verdad, mi m\u00e1s amplio reconocimiento, porque esta temporada se la han rifado\u201d.<\/span><\/p>\n<p><span style=\"font-weight: 400;\">\u2014Pero\u2026 \u00bfhay que evitar que sucedan esas cosas?<\/span><\/p>\n<p><span style=\"font-weight: 400;\">\u2014Eso es lo que le estamos pidiendo a la ciudadan\u00eda. Que est\u00e9n pendientes de nuestras redes sociales, porque estamos dando capacitaciones. Que manden a la gente que trabaja en los predios para que se capaciten. Y sobre todo eso, brechas cortafuegos, bien importante realizar sus brechas, cortafuegos.<\/span><\/p>\n<p><span style=\"font-weight: 400;\">Mar\u00eda Guadalupe Espinosa de los Reyes, secretaria municipal de Medio Ambiente, se qued\u00f3 en su mundo, abajo del Centro C\u00edvico entre muros de piedra, un vasto espacio con cub\u00edculos y personas trabajando en corros o frente alguna computadora, en ese espacio subterr\u00e1neo con un equipo de profesionales en la protecci\u00f3n del medio ambiente, del cuidado del planeta.<\/span><\/p>\n<\/div>\n<p><script>(function(d, s, id) {\n  var js, fjs = d.getElementsByTagName(s)[0];\n  if (d.getElementById(id)) return;\n  js = d.createElement(s); js.id = id;\n  js.src = \"\/\/connect.facebook.net\/es_LA\/sdk.js#xfbml=1&appId=546007945598485&version=v2.3\";\n  fjs.parentNode.insertBefore(js, fjs);\n}(document, 'script', 'facebook-jssdk'));<\/script><\/p>\n","protected":false},"excerpt":{"rendered":"<p>El cambio clim\u00e1tico trae fen\u00f3menos clim\u00e1ticos que antes no se contemplaban: Mar\u00eda Guadalupe Espinosa de los Reyes. Por Luis Montes de Oca Noticias Segunda Parte \u00a0 Mar\u00eda Guadalupe Espinosa de los Reyes, no evade preguntas va directo, mira de frente y responde al cuestionamiento: \u2014\u00bfQu\u00e9 pasa cuando un \u00c1rea Natural Protegida (ANP) se siniestra, se [&hellip;]<\/p>\n","protected":false},"author":2,"featured_media":54896,"comment_status":"","ping_status":"","sticky":false,"template":"","format":"standard","meta":{"_monsterinsights_skip_tracking":false,"_monsterinsights_sitenote_active":false,"_monsterinsights_sitenote_note":"","_monsterinsights_sitenote_category":0,"footnotes":""},"categories":[4],"tags":[],"class_list":["post-54895","post","type-post","status-publish","format-standard","has-post-thumbnail","hentry","category-queretaro"],"_links":{"self":[{"href":"https:\/\/informebajio.com.mx\/index.php?rest_route=\/wp\/v2\/posts\/54895","targetHints":{"allow":["GET"]}}],"collection":[{"href":"https:\/\/informebajio.com.mx\/index.php?rest_route=\/wp\/v2\/posts"}],"about":[{"href":"https:\/\/informebajio.com.mx\/index.php?rest_route=\/wp\/v2\/types\/post"}],"author":[{"embeddable":true,"href":"https:\/\/informebajio.com.mx\/index.php?rest_route=\/wp\/v2\/users\/2"}],"replies":[{"embeddable":true,"href":"https:\/\/informebajio.com.mx\/index.php?rest_route=%2Fwp%2Fv2%2Fcomments&post=54895"}],"version-history":[{"count":0,"href":"https:\/\/informebajio.com.mx\/index.php?rest_route=\/wp\/v2\/posts\/54895\/revisions"}],"wp:featuredmedia":[{"embeddable":true,"href":"https:\/\/informebajio.com.mx\/index.php?rest_route=\/wp\/v2\/media\/54896"}],"wp:attachment":[{"href":"https:\/\/informebajio.com.mx\/index.php?rest_route=%2Fwp%2Fv2%2Fmedia&parent=54895"}],"wp:term":[{"taxonomy":"category","embeddable":true,"href":"https:\/\/informebajio.com.mx\/index.php?rest_route=%2Fwp%2Fv2%2Fcategories&post=54895"},{"taxonomy":"post_tag","embeddable":true,"href":"https:\/\/informebajio.com.mx\/index.php?rest_route=%2Fwp%2Fv2%2Ftags&post=54895"}],"curies":[{"name":"wp","href":"https:\/\/api.w.org\/{rel}","templated":true}]}}