{"id":54899,"date":"2026-03-03T18:02:04","date_gmt":"2026-03-04T00:02:04","guid":{"rendered":"https:\/\/informebajio.com.mx\/?p=54899"},"modified":"2026-03-03T18:02:04","modified_gmt":"2026-03-04T00:02:04","slug":"ebrio-conductor-arrolla-a-ciclista-en-la-canada-se-reporta-grave","status":"publish","type":"post","link":"https:\/\/informebajio.com.mx\/?p=54899","title":{"rendered":"Ebrio conductor arrolla a ciclista en La Ca\u00f1ada; se reporta grave"},"content":{"rendered":"<div>\n<h2><span style=\"font-weight: 400;\">El automovilista perdi\u00f3 el control al llegar la calle Camino al Socav\u00f3n, donde se impact\u00f3 contra una luminaria y finalmente qued\u00f3 volcado<\/span><\/h2>\n<p><span style=\"font-weight: 400;\">Por Tania Talavera<\/span><\/p>\n<p><span style=\"font-weight: 400;\">Noticias\u00a0<\/span><\/p>\n<p><span style=\"font-weight: 400;\">La tarde del domingo, un hombre, de aproximadamente 30 a\u00f1os de edad, result\u00f3 con heridas graves, luego de ser arrollado por un automovilista que circulaba a exceso de velocidad en la colonia La Ca\u00f1ada, del municipio de El Marqu\u00e9s.<\/span><\/p>\n<p><span style=\"font-weight: 400;\">Se conoci\u00f3 que el autom\u00f3vil circulaba a velocidad inmoderada y su conductor se encontraba bajo los efectos del alcohol, cuando transitaba con direcci\u00f3n a la avenida del Ferrocarril, lo que ocasion\u00f3 que al llegar la calle Camino al Socav\u00f3n perdiera el control del volante.<\/span><\/p>\n<p><span style=\"font-weight: 400;\">Tras ello, el veh\u00edculo se impact\u00f3 contra una luminaria, la cual derrib\u00f3 y finalmente qued\u00f3 volcado, lamentablemente, al momento del impacto contra el objeto fijo, el veh\u00edculo se llev\u00f3 a su paso a un ciclista, quien qued\u00f3 con serias lesiones.<\/span><\/p>\n<p><span style=\"font-weight: 400;\">A la zona se movilizaron los servicios de emergencias, quienes auxiliaron al conductor y a la persona atropellada; ambos fueron estabilizados y trasladados a un hospital para continuar con la atenci\u00f3n.<\/span><\/p>\n<p><span style=\"font-weight: 400;\">La zona fue abanderada por autoridades, quienes acudieron a tomar conocimiento del accidente, el cual dej\u00f3 severos da\u00f1os materiales.<\/span><\/p>\n<p><img fetchpriority=\"high\" decoding=\"async\" class=\"alignnone size-medium wp-image-715566\" src=\"https:\/\/cdn.noticiasdequeretaro.com.mx\/wp-content\/uploads\/2026\/03\/03060232\/Ebrio-conductor-arrolla-a-ciclista-en-La-Canada-se-reporta-grave-2-600x450.jpg\" alt=\"\" width=\"600\" height=\"450\" srcset=\"https:\/\/cdn.noticiasdequeretaro.com.mx\/wp-content\/uploads\/2026\/03\/03060232\/Ebrio-conductor-arrolla-a-ciclista-en-La-Canada-se-reporta-grave-2-600x450.jpg 600w, https:\/\/cdn.noticiasdequeretaro.com.mx\/wp-content\/uploads\/2026\/03\/03060232\/Ebrio-conductor-arrolla-a-ciclista-en-La-Canada-se-reporta-grave-2-1024x768.jpg 1024w, https:\/\/cdn.noticiasdequeretaro.com.mx\/wp-content\/uploads\/2026\/03\/03060232\/Ebrio-conductor-arrolla-a-ciclista-en-La-Canada-se-reporta-grave-2-300x225.jpg 300w, https:\/\/cdn.noticiasdequeretaro.com.mx\/wp-content\/uploads\/2026\/03\/03060232\/Ebrio-conductor-arrolla-a-ciclista-en-La-Canada-se-reporta-grave-2-768x576.jpg 768w, https:\/\/cdn.noticiasdequeretaro.com.mx\/wp-content\/uploads\/2026\/03\/03060232\/Ebrio-conductor-arrolla-a-ciclista-en-La-Canada-se-reporta-grave-2-1536x1152.jpg 1536w, https:\/\/cdn.noticiasdequeretaro.com.mx\/wp-content\/uploads\/2026\/03\/03060232\/Ebrio-conductor-arrolla-a-ciclista-en-La-Canada-se-reporta-grave-2-2048x1536.jpg 2048w\" sizes=\"(max-width: 600px) 100vw, 600px\"\/><\/p>\n<\/div>\n<p><script>(function(d, s, id) {\n  var js, fjs = d.getElementsByTagName(s)[0];\n  if (d.getElementById(id)) return;\n  js = d.createElement(s); js.id = id;\n  js.src = \"\/\/connect.facebook.net\/es_LA\/sdk.js#xfbml=1&appId=546007945598485&version=v2.3\";\n  fjs.parentNode.insertBefore(js, fjs);\n}(document, 'script', 'facebook-jssdk'));<\/script><\/p>\n","protected":false},"excerpt":{"rendered":"<p>El automovilista perdi\u00f3 el control al llegar la calle Camino al Socav\u00f3n, donde se impact\u00f3 contra una luminaria y finalmente qued\u00f3 volcado Por Tania Talavera Noticias\u00a0 La tarde del domingo, un hombre, de aproximadamente 30 a\u00f1os de edad, result\u00f3 con heridas graves, luego de ser arrollado por un automovilista que circulaba a exceso de velocidad [&hellip;]<\/p>\n","protected":false},"author":2,"featured_media":54900,"comment_status":"","ping_status":"","sticky":false,"template":"","format":"standard","meta":{"_monsterinsights_skip_tracking":false,"_monsterinsights_sitenote_active":false,"_monsterinsights_sitenote_note":"","_monsterinsights_sitenote_category":0,"footnotes":""},"categories":[4],"tags":[],"class_list":["post-54899","post","type-post","status-publish","format-standard","has-post-thumbnail","hentry","category-queretaro"],"_links":{"self":[{"href":"https:\/\/informebajio.com.mx\/index.php?rest_route=\/wp\/v2\/posts\/54899","targetHints":{"allow":["GET"]}}],"collection":[{"href":"https:\/\/informebajio.com.mx\/index.php?rest_route=\/wp\/v2\/posts"}],"about":[{"href":"https:\/\/informebajio.com.mx\/index.php?rest_route=\/wp\/v2\/types\/post"}],"author":[{"embeddable":true,"href":"https:\/\/informebajio.com.mx\/index.php?rest_route=\/wp\/v2\/users\/2"}],"replies":[{"embeddable":true,"href":"https:\/\/informebajio.com.mx\/index.php?rest_route=%2Fwp%2Fv2%2Fcomments&post=54899"}],"version-history":[{"count":0,"href":"https:\/\/informebajio.com.mx\/index.php?rest_route=\/wp\/v2\/posts\/54899\/revisions"}],"wp:featuredmedia":[{"embeddable":true,"href":"https:\/\/informebajio.com.mx\/index.php?rest_route=\/wp\/v2\/media\/54900"}],"wp:attachment":[{"href":"https:\/\/informebajio.com.mx\/index.php?rest_route=%2Fwp%2Fv2%2Fmedia&parent=54899"}],"wp:term":[{"taxonomy":"category","embeddable":true,"href":"https:\/\/informebajio.com.mx\/index.php?rest_route=%2Fwp%2Fv2%2Fcategories&post=54899"},{"taxonomy":"post_tag","embeddable":true,"href":"https:\/\/informebajio.com.mx\/index.php?rest_route=%2Fwp%2Fv2%2Ftags&post=54899"}],"curies":[{"name":"wp","href":"https:\/\/api.w.org\/{rel}","templated":true}]}}