{"id":54905,"date":"2026-03-04T04:02:51","date_gmt":"2026-03-04T10:02:51","guid":{"rendered":"https:\/\/informebajio.com.mx\/?p=54905"},"modified":"2026-03-04T04:02:51","modified_gmt":"2026-03-04T10:02:51","slug":"rescatan-via-aerea-a-persona-en-zona-cerril-de-landa-de-matamoros","status":"publish","type":"post","link":"https:\/\/informebajio.com.mx\/?p=54905","title":{"rendered":"Rescatan v\u00eda a\u00e9rea a persona en zona cerril de Landa de Matamoros"},"content":{"rendered":"<div>\n<h2><span style=\"font-weight: 400;\">El operativo se realiz\u00f3 en las inmediaciones del r\u00edo Moctezuma; la v\u00edctima fue reportada estable y trasladada al hospital\u00a0<\/span><\/h2>\n<p><span style=\"font-weight: 400;\">Noticias<\/span><\/p>\n<p><span style=\"font-weight: 400;\">Mediante un operativo coordinado entre corporaciones de emergencia se logr\u00f3 el rescate y posterior traslado de una persona de edad adulta que se encontraba en las inmediaciones del r\u00edo Moctezuma, en el municipio de Landa de Matamoros.<\/span><\/p>\n<p><span style=\"font-weight: 400;\">De acuerdo con la informaci\u00f3n oficial, se se\u00f1al\u00f3 que debido a las condiciones accidentadas del terreno, fue necesario que se implementara un operativo a\u00e9reo contando con el apoyo de los Servicios A\u00e9reos del Gobierno del Estado, mediante el helic\u00f3ptera \u201cCon\u00edn\u201d.<\/span><\/p>\n<p><span style=\"font-weight: 400;\">\u00a0Luego de que se lograra ubicar a la persona en la zona cerril, el personal de emergencias realiz\u00f3 las maniobras necesarias para su extracci\u00f3n segura y posterior traslado a un hospital, donde recibir\u00eda atenci\u00f3n m\u00e9dica especializada. Tras la valoraci\u00f3n, la persona fue reportada en c\u00f3digo amarillo y estable al momento de su traslado.<\/span><\/p>\n<p><span style=\"font-weight: 400;\">En estas acciones de rescate trabajaron elementos de la Coordinaci\u00f3n Estatal de Protecci\u00f3n Civil de Quer\u00e9taro (CEPCQ), de los Servicios A\u00e9reos de Gobierno del Estado de Quer\u00e9taro, as\u00ed como param\u00e9dicos del Centro Regulador de Urgencias M\u00e9dicas (CRUM), personal de Protecci\u00f3n Civil de Jalpan de Serra, de Seguridad P\u00fablica Municipal y Protecci\u00f3n Civil de Landa de Matamoros\u00a0\u00a0<\/span><\/p>\n<p><img fetchpriority=\"high\" decoding=\"async\" class=\"alignnone size-medium wp-image-715580\" src=\"https:\/\/cdn.noticiasdequeretaro.com.mx\/wp-content\/uploads\/2026\/03\/03060629\/Rescatan-via-aerea-a-persona-en-zona-cerril-de-Landa-de-Matamoros-3-450x600.jpeg\" alt=\"\" width=\"450\" height=\"600\" srcset=\"https:\/\/cdn.noticiasdequeretaro.com.mx\/wp-content\/uploads\/2026\/03\/03060629\/Rescatan-via-aerea-a-persona-en-zona-cerril-de-Landa-de-Matamoros-3-450x600.jpeg 450w, https:\/\/cdn.noticiasdequeretaro.com.mx\/wp-content\/uploads\/2026\/03\/03060629\/Rescatan-via-aerea-a-persona-en-zona-cerril-de-Landa-de-Matamoros-3-768x1024.jpeg 768w, https:\/\/cdn.noticiasdequeretaro.com.mx\/wp-content\/uploads\/2026\/03\/03060629\/Rescatan-via-aerea-a-persona-en-zona-cerril-de-Landa-de-Matamoros-3-225x300.jpeg 225w, https:\/\/cdn.noticiasdequeretaro.com.mx\/wp-content\/uploads\/2026\/03\/03060629\/Rescatan-via-aerea-a-persona-en-zona-cerril-de-Landa-de-Matamoros-3-1152x1536.jpeg 1152w, https:\/\/cdn.noticiasdequeretaro.com.mx\/wp-content\/uploads\/2026\/03\/03060629\/Rescatan-via-aerea-a-persona-en-zona-cerril-de-Landa-de-Matamoros-3.jpeg 1536w\" sizes=\"(max-width: 450px) 100vw, 450px\"\/> <img loading=\"lazy\" decoding=\"async\" class=\"alignnone size-medium wp-image-715581\" src=\"https:\/\/cdn.noticiasdequeretaro.com.mx\/wp-content\/uploads\/2026\/03\/03060632\/Rescatan-via-aerea-a-persona-en-zona-cerril-de-Landa-de-Matamoros-2-450x600.jpeg\" alt=\"\" width=\"450\" height=\"600\" srcset=\"https:\/\/cdn.noticiasdequeretaro.com.mx\/wp-content\/uploads\/2026\/03\/03060632\/Rescatan-via-aerea-a-persona-en-zona-cerril-de-Landa-de-Matamoros-2-450x600.jpeg 450w, https:\/\/cdn.noticiasdequeretaro.com.mx\/wp-content\/uploads\/2026\/03\/03060632\/Rescatan-via-aerea-a-persona-en-zona-cerril-de-Landa-de-Matamoros-2-768x1024.jpeg 768w, https:\/\/cdn.noticiasdequeretaro.com.mx\/wp-content\/uploads\/2026\/03\/03060632\/Rescatan-via-aerea-a-persona-en-zona-cerril-de-Landa-de-Matamoros-2-225x300.jpeg 225w, https:\/\/cdn.noticiasdequeretaro.com.mx\/wp-content\/uploads\/2026\/03\/03060632\/Rescatan-via-aerea-a-persona-en-zona-cerril-de-Landa-de-Matamoros-2.jpeg 960w\" sizes=\"auto, (max-width: 450px) 100vw, 450px\"\/><\/p>\n<\/div>\n<p><script>(function(d, s, id) {\n  var js, fjs = d.getElementsByTagName(s)[0];\n  if (d.getElementById(id)) return;\n  js = d.createElement(s); js.id = id;\n  js.src = \"\/\/connect.facebook.net\/es_LA\/sdk.js#xfbml=1&appId=546007945598485&version=v2.3\";\n  fjs.parentNode.insertBefore(js, fjs);\n}(document, 'script', 'facebook-jssdk'));<\/script><\/p>\n","protected":false},"excerpt":{"rendered":"<p>El operativo se realiz\u00f3 en las inmediaciones del r\u00edo Moctezuma; la v\u00edctima fue reportada estable y trasladada al hospital\u00a0 Noticias Mediante un operativo coordinado entre corporaciones de emergencia se logr\u00f3 el rescate y posterior traslado de una persona de edad adulta que se encontraba en las inmediaciones del r\u00edo Moctezuma, en el municipio de Landa [&hellip;]<\/p>\n","protected":false},"author":2,"featured_media":54906,"comment_status":"","ping_status":"","sticky":false,"template":"","format":"standard","meta":{"_monsterinsights_skip_tracking":false,"_monsterinsights_sitenote_active":false,"_monsterinsights_sitenote_note":"","_monsterinsights_sitenote_category":0,"footnotes":""},"categories":[4],"tags":[],"class_list":["post-54905","post","type-post","status-publish","format-standard","has-post-thumbnail","hentry","category-queretaro"],"_links":{"self":[{"href":"https:\/\/informebajio.com.mx\/index.php?rest_route=\/wp\/v2\/posts\/54905","targetHints":{"allow":["GET"]}}],"collection":[{"href":"https:\/\/informebajio.com.mx\/index.php?rest_route=\/wp\/v2\/posts"}],"about":[{"href":"https:\/\/informebajio.com.mx\/index.php?rest_route=\/wp\/v2\/types\/post"}],"author":[{"embeddable":true,"href":"https:\/\/informebajio.com.mx\/index.php?rest_route=\/wp\/v2\/users\/2"}],"replies":[{"embeddable":true,"href":"https:\/\/informebajio.com.mx\/index.php?rest_route=%2Fwp%2Fv2%2Fcomments&post=54905"}],"version-history":[{"count":0,"href":"https:\/\/informebajio.com.mx\/index.php?rest_route=\/wp\/v2\/posts\/54905\/revisions"}],"wp:featuredmedia":[{"embeddable":true,"href":"https:\/\/informebajio.com.mx\/index.php?rest_route=\/wp\/v2\/media\/54906"}],"wp:attachment":[{"href":"https:\/\/informebajio.com.mx\/index.php?rest_route=%2Fwp%2Fv2%2Fmedia&parent=54905"}],"wp:term":[{"taxonomy":"category","embeddable":true,"href":"https:\/\/informebajio.com.mx\/index.php?rest_route=%2Fwp%2Fv2%2Fcategories&post=54905"},{"taxonomy":"post_tag","embeddable":true,"href":"https:\/\/informebajio.com.mx\/index.php?rest_route=%2Fwp%2Fv2%2Ftags&post=54905"}],"curies":[{"name":"wp","href":"https:\/\/api.w.org\/{rel}","templated":true}]}}