{"id":54923,"date":"2026-03-05T05:06:22","date_gmt":"2026-03-05T11:06:22","guid":{"rendered":"https:\/\/informebajio.com.mx\/?p=54923"},"modified":"2026-03-05T05:06:22","modified_gmt":"2026-03-05T11:06:22","slug":"cada-generacion-dice-lo-que-le-incomoda-fernando-delgadillo","status":"publish","type":"post","link":"https:\/\/informebajio.com.mx\/?p=54923","title":{"rendered":"Cada generaci\u00f3n dice lo que le incomoda: Fernando Delgadillo"},"content":{"rendered":"<div>\n<p><span style=\"font-weight: 400;\">En la secundaria, el cantautor Fernando Delgadillo decidi\u00f3 que no era bueno para la escuela. Mientras los profesores explicaban, \u00e9l se perd\u00eda entre palabras que detonaban im\u00e1genes ajenas a la clase.<\/span><\/p>\n<p><span style=\"font-weight: 400;\">La dislexia y el d\u00e9ficit de atenci\u00f3n, diagnosticados despu\u00e9s, lejos de ser un obst\u00e1culo, dieron origen a su amor por la m\u00fasica, al saber expresar lo que sent\u00eda tocando su guitarra.<\/span><\/p>\n<p><span style=\"font-weight: 400;\">Para el cantautor de 60 a\u00f1os, que se presentar\u00e1 este s\u00e1bado en el centro de espect\u00e1culos La Maraka, la trova no es una moda latinoamericana de hace a\u00f1os ni un recuerdo de los a\u00f1os 70.<\/span><\/p>\n<p><span style=\"font-weight: 400;\">\u201cLa trova siempre ha existido. A veces desaparece y reaparece en otro lugar. No es cuesti\u00f3n de \u00e9poca, sino de intenci\u00f3n. La canci\u00f3n de protesta no se invent\u00f3 en los 70 ni se termin\u00f3 ah\u00ed\u201d.<\/span><\/p>\n<p><span style=\"font-weight: 400;\">En su propio recorrido, marcado por la trova cubana, la nueva canci\u00f3n latinoamericana y figuras como Silvio Rodr\u00edguez y \u00d3scar Ch\u00e1vez, esa mezcla entre romance y protesta social es lo que m\u00e1s le llam\u00f3 la atenci\u00f3n.<\/span><\/p>\n<p><span style=\"font-weight: 400;\">Pero reconoce que cada generaci\u00f3n llega con sus propias formas de protesta, as\u00ed se trate de g\u00e9neros como el reggaet\u00f3n.<\/span><\/p>\n<p><span style=\"font-weight: 400;\">\u201cCada generaci\u00f3n encuentra su manera de decir lo que le incomoda. La trova naci\u00f3 cantando lo que no se pod\u00eda decir de otra forma. Eso sigue pasando. La canci\u00f3n siempre ha sido un espacio para expresar inconformidad.<\/span><\/p>\n<p><span style=\"font-weight: 400;\">\u201cEl formato cambia, la necesidad no. Sin embargo, yo no soy mucho del reggaet\u00f3n, la verdad. Me parece reiterativo en los acordes. Estoy acostumbrado a canciones con m\u00e1s acordes y si no me dice nada, pues dejo de o\u00edrlas\u201d.<\/span><\/p>\n<p><span style=\"font-weight: 400;\">Su relaci\u00f3n con la m\u00fasica, recuerda, no fue precisamente a trav\u00e9s de la escuela.<\/span><\/p>\n<p><span style=\"font-weight: 400;\">\u201cYo no estudi\u00e9 tanto (risas). Me met\u00ed un par de meses a la Escuela Libre de M\u00fasica, tom\u00e9 solfeo, estuve en un taller de composici\u00f3n en la Sociedad de Autores. Pero nunca fui muy bueno para la escuela. Por la dislexia me distra\u00eda mucho. O\u00eda una palabra y me iba imaginando cosas.<\/span><\/p>\n<p><span style=\"font-weight: 400;\">\u201cA m\u00ed me pon\u00edan Cri Cri para que me estuviera quieto de ni\u00f1o. Nunca he dejado de escucharlo. Es mi primera influencia\u201d.<\/span><\/p>\n<p><span style=\"font-weight: 400;\">Luego descubri\u00f3 que pod\u00eda escribir canciones.<\/span><\/p>\n<p><span style=\"font-weight: 400;\">\u201cLa primera se la hice a una novia. Seg\u00fan ella le gust\u00f3 m\u00e1s que una de Silvio. Entonces dije: \u2018No, ya estoy bien pesado\u2019. Qu\u00e9 bueno que se perdi\u00f3 esa canci\u00f3n porque ahorita me dar\u00eda verg\u00fcenza\u201d.<\/span><\/p>\n<\/div>\n<p><script>(function(d, s, id) {\n  var js, fjs = d.getElementsByTagName(s)[0];\n  if (d.getElementById(id)) return;\n  js = d.createElement(s); js.id = id;\n  js.src = \"\/\/connect.facebook.net\/es_LA\/sdk.js#xfbml=1&appId=546007945598485&version=v2.3\";\n  fjs.parentNode.insertBefore(js, fjs);\n}(document, 'script', 'facebook-jssdk'));<\/script><\/p>\n","protected":false},"excerpt":{"rendered":"<p>En la secundaria, el cantautor Fernando Delgadillo decidi\u00f3 que no era bueno para la escuela. Mientras los profesores explicaban, \u00e9l se perd\u00eda entre palabras que detonaban im\u00e1genes ajenas a la clase. La dislexia y el d\u00e9ficit de atenci\u00f3n, diagnosticados despu\u00e9s, lejos de ser un obst\u00e1culo, dieron origen a su amor por la m\u00fasica, al saber [&hellip;]<\/p>\n","protected":false},"author":2,"featured_media":54924,"comment_status":"","ping_status":"","sticky":false,"template":"","format":"standard","meta":{"_monsterinsights_skip_tracking":false,"_monsterinsights_sitenote_active":false,"_monsterinsights_sitenote_note":"","_monsterinsights_sitenote_category":0,"footnotes":""},"categories":[4],"tags":[],"class_list":["post-54923","post","type-post","status-publish","format-standard","has-post-thumbnail","hentry","category-queretaro"],"_links":{"self":[{"href":"https:\/\/informebajio.com.mx\/index.php?rest_route=\/wp\/v2\/posts\/54923","targetHints":{"allow":["GET"]}}],"collection":[{"href":"https:\/\/informebajio.com.mx\/index.php?rest_route=\/wp\/v2\/posts"}],"about":[{"href":"https:\/\/informebajio.com.mx\/index.php?rest_route=\/wp\/v2\/types\/post"}],"author":[{"embeddable":true,"href":"https:\/\/informebajio.com.mx\/index.php?rest_route=\/wp\/v2\/users\/2"}],"replies":[{"embeddable":true,"href":"https:\/\/informebajio.com.mx\/index.php?rest_route=%2Fwp%2Fv2%2Fcomments&post=54923"}],"version-history":[{"count":0,"href":"https:\/\/informebajio.com.mx\/index.php?rest_route=\/wp\/v2\/posts\/54923\/revisions"}],"wp:featuredmedia":[{"embeddable":true,"href":"https:\/\/informebajio.com.mx\/index.php?rest_route=\/wp\/v2\/media\/54924"}],"wp:attachment":[{"href":"https:\/\/informebajio.com.mx\/index.php?rest_route=%2Fwp%2Fv2%2Fmedia&parent=54923"}],"wp:term":[{"taxonomy":"category","embeddable":true,"href":"https:\/\/informebajio.com.mx\/index.php?rest_route=%2Fwp%2Fv2%2Fcategories&post=54923"},{"taxonomy":"post_tag","embeddable":true,"href":"https:\/\/informebajio.com.mx\/index.php?rest_route=%2Fwp%2Fv2%2Ftags&post=54923"}],"curies":[{"name":"wp","href":"https:\/\/api.w.org\/{rel}","templated":true}]}}