{"id":54925,"date":"2026-03-05T10:07:12","date_gmt":"2026-03-05T16:07:12","guid":{"rendered":"https:\/\/informebajio.com.mx\/?p=54925"},"modified":"2026-03-05T10:07:12","modified_gmt":"2026-03-05T16:07:12","slug":"esperan-superar-el-millon-de-visitantes-en-basilica-de-soriano","status":"publish","type":"post","link":"https:\/\/informebajio.com.mx\/?p=54925","title":{"rendered":"Esperan superar el mill\u00f3n de visitantes en Bas\u00edlica de Soriano\u00a0"},"content":{"rendered":"<div>\n<p><span style=\"font-weight: 400;\">Por Jahaira Lara\u00a0<\/span><\/p>\n<p><span style=\"font-weight: 400;\">Noticias\u00a0<\/span><\/p>\n<p>\u00a0<\/p>\n<p><span style=\"font-weight: 400;\">La Di\u00f3cesis de Quer\u00e9taro se prepara para las actividades de Semana Santa, entre las que destaca las festividades del Viernes de Dolores en la Bas\u00edlica de Soriano del municipio de Col\u00f3n.<\/span><\/p>\n<p><span style=\"font-weight: 400;\">El vicario general, Mart\u00edn Lara Becerril, inform\u00f3 que durante el a\u00f1o pasado la afluencia super\u00f3 el mill\u00f3n de personas en durante los d\u00edas que rodean esta celebraci\u00f3n, por lo que para este 2026 se estima que la cifra de visitantes sea incluso mayor.\u00a0<\/span><\/p>\n<p><span style=\"font-weight: 400;\">En este sentido, calific\u00f3 este movimiento como un fen\u00f3meno tanto social como religioso de gran magnitud, impulsado por el crecimiento constante de la devoci\u00f3n en la regi\u00f3n, lo que se refleja en la llegada prevista de m\u00e1s de 300 peregrinaciones y feligreses que convergen en el recinto.<\/span><\/p>\n<p><span style=\"font-weight: 400;\">En el marco de estos preparativos, el Vicario General hizo un llamado especial a la responsabilidad ciudadana, recordando que estas actividades son exclusivamente para las personas y no para las mascotas, por lo que exhort\u00f3 a los asistentes a evitar llevar animales para prevenir situaciones de abandono durante las concentraciones masivas.<\/span><\/p>\n<p><span style=\"font-weight: 400;\">Asimismo, el representante de la Di\u00f3cesis destac\u00f3 la importancia del tiempo lit\u00fargico de la Cuaresma como un periodo de 40 d\u00edas destinado a la preparaci\u00f3n espiritual para el Misterio Pascual, que conmemora la pasi\u00f3n, muerte y resurrecci\u00f3n de Jesucristo.\u00a0<\/span><\/p>\n<p><span style=\"font-weight: 400;\">\u200bFinalmente, Lara Becerril extendi\u00f3 una invitaci\u00f3n a la feligres\u00eda para vivir estos d\u00edas bajo los pilares de la oraci\u00f3n, el ayuno, la penitencia y la conversi\u00f3n espiritual, con el fin de llegar preparados a la m\u00e1xima celebraci\u00f3n de la Pascua.\u00a0<\/span><\/p>\n<\/div>\n<p><script>(function(d, s, id) {\n  var js, fjs = d.getElementsByTagName(s)[0];\n  if (d.getElementById(id)) return;\n  js = d.createElement(s); js.id = id;\n  js.src = \"\/\/connect.facebook.net\/es_LA\/sdk.js#xfbml=1&appId=546007945598485&version=v2.3\";\n  fjs.parentNode.insertBefore(js, fjs);\n}(document, 'script', 'facebook-jssdk'));<\/script><\/p>\n","protected":false},"excerpt":{"rendered":"<p>Por Jahaira Lara\u00a0 Noticias\u00a0 \u00a0 La Di\u00f3cesis de Quer\u00e9taro se prepara para las actividades de Semana Santa, entre las que destaca las festividades del Viernes de Dolores en la Bas\u00edlica de Soriano del municipio de Col\u00f3n. El vicario general, Mart\u00edn Lara Becerril, inform\u00f3 que durante el a\u00f1o pasado la afluencia super\u00f3 el mill\u00f3n de personas [&hellip;]<\/p>\n","protected":false},"author":2,"featured_media":54926,"comment_status":"","ping_status":"","sticky":false,"template":"","format":"standard","meta":{"_monsterinsights_skip_tracking":false,"_monsterinsights_sitenote_active":false,"_monsterinsights_sitenote_note":"","_monsterinsights_sitenote_category":0,"footnotes":""},"categories":[4],"tags":[],"class_list":["post-54925","post","type-post","status-publish","format-standard","has-post-thumbnail","hentry","category-queretaro"],"_links":{"self":[{"href":"https:\/\/informebajio.com.mx\/index.php?rest_route=\/wp\/v2\/posts\/54925","targetHints":{"allow":["GET"]}}],"collection":[{"href":"https:\/\/informebajio.com.mx\/index.php?rest_route=\/wp\/v2\/posts"}],"about":[{"href":"https:\/\/informebajio.com.mx\/index.php?rest_route=\/wp\/v2\/types\/post"}],"author":[{"embeddable":true,"href":"https:\/\/informebajio.com.mx\/index.php?rest_route=\/wp\/v2\/users\/2"}],"replies":[{"embeddable":true,"href":"https:\/\/informebajio.com.mx\/index.php?rest_route=%2Fwp%2Fv2%2Fcomments&post=54925"}],"version-history":[{"count":0,"href":"https:\/\/informebajio.com.mx\/index.php?rest_route=\/wp\/v2\/posts\/54925\/revisions"}],"wp:featuredmedia":[{"embeddable":true,"href":"https:\/\/informebajio.com.mx\/index.php?rest_route=\/wp\/v2\/media\/54926"}],"wp:attachment":[{"href":"https:\/\/informebajio.com.mx\/index.php?rest_route=%2Fwp%2Fv2%2Fmedia&parent=54925"}],"wp:term":[{"taxonomy":"category","embeddable":true,"href":"https:\/\/informebajio.com.mx\/index.php?rest_route=%2Fwp%2Fv2%2Fcategories&post=54925"},{"taxonomy":"post_tag","embeddable":true,"href":"https:\/\/informebajio.com.mx\/index.php?rest_route=%2Fwp%2Fv2%2Ftags&post=54925"}],"curies":[{"name":"wp","href":"https:\/\/api.w.org\/{rel}","templated":true}]}}