{"id":54983,"date":"2026-03-08T23:20:57","date_gmt":"2026-03-09T05:20:57","guid":{"rendered":"https:\/\/informebajio.com.mx\/?p=54983"},"modified":"2026-03-08T23:20:57","modified_gmt":"2026-03-09T05:20:57","slug":"hoy-marchas-por-el-8m-en-el-primer-cuadro-de-la-ciudad","status":"publish","type":"post","link":"https:\/\/informebajio.com.mx\/?p=54983","title":{"rendered":"Hoy marchas por el 8M en el primer cuadro de la ciudad"},"content":{"rendered":"<p><span style=\"font-weight: 400\">Las movilizaciones convocadas por Feminismo Para Todas Mx y Adax Digitales, principalmente, esperan concentrar a miles de mujeres\u00a0<\/span><\/p>\n<p>\u00a0<\/p>\n<p><span style=\"font-weight: 400\">Noticias\u00a0<\/span><\/p>\n<p>\u00a0<\/p>\n<p><span style=\"font-weight: 400\">Este 8 de marzo, como cada a\u00f1o, el Centro Hist\u00f3rico de Quer\u00e9taro ser\u00e1 el punto de reuni\u00f3n para miles de mujeres que participar\u00e1n en las movilizaciones convocadas por las diferentes colectivas feministas; sin embargo, como cada a\u00f1o, la jornada contempla tambi\u00e9n actividades culturales organizadas por las colectivas.<\/span><\/p>\n<p><span style=\"font-weight: 400\">Entre las movilizaciones convocadas destaca la de Feminismo Para Todas MX que integra a 10 organizaciones y concentrar\u00e1 al menos 19 contingentes; mismo que busca evidenciar la violencia contra las mujeres y la violencia institucional que enfrentan las infancias.<\/span><\/p>\n<p><span style=\"font-weight: 400\">La convocatoria es a las 14:00 horas en la Alameda Hidalgo sobre Zaragoza para iniciar la marcha a las 16:30, misma que concluir\u00e1 en la Plaza Constituci\u00f3n alrededor de las 18:00 horas.<\/span><\/p>\n<p><span style=\"font-weight: 400\">Por otra parte, un segundo contingente convocado por Adax Digitales, junto con agrupaciones como Colectivo Tlacuaches, Girl Up y We R Women on Fire, tambi\u00e9n se concentra en la zona de la Alameda sobre avenida Zaragoza para iniciar el recorrido a las 16:00 horas y concluir en el Jard\u00edn Corregidora alrededor de las 18:30.<\/span><\/p>\n<p><span style=\"font-weight: 400\">Para este a\u00f1o se prev\u00e9 la participaci\u00f3n de miles de mujeres, incluyendo familiares de v\u00edctimas de feminicidio, colectivas feministas, estudiantes y organizaciones sociales que buscan visibilizar problem\u00e1ticas como la violencia de g\u00e9nero, desapariciones y desigualdad.<\/span><\/p>\n<p><span style=\"font-weight: 400\">Autoridades estatales y municipales informaron que habr\u00e1 acompa\u00f1amiento institucional durante la movilizaci\u00f3n, principalmente con personal femenino de corporaciones de seguridad y protecci\u00f3n civil.<\/span><\/p>\n<p><span style=\"font-weight: 400\">Por otra parte, derivado de estos movimientos, las autoridades municipales informaron que se preven cierres viales desde las13:00 horas en calles del pol\u00edgono que comprende Avenida Universidad, Melchor Ocampo, Avenida Constituyentes, as\u00ed como Avenida Circunvalaci\u00f3n y Ej\u00e9rcito Republicano.<\/span><\/p>\n<p><span style=\"font-weight: 400\">Por lo que a trav\u00e9s de redes sociales las autoridades en la materia exhortaron a la ciudadan\u00eda a tomar precauciones y planear sus recorridos con anticipaci\u00f3n, consultando aplicaciones que emiten informaci\u00f3n vial en tiempo real.<\/span><\/p>\n<p><br style=\"font-weight: 400\" \/><\/p>\n<p>La entrada <a href=\"https:\/\/noticiasdequeretaro.com.mx\/2026\/03\/08\/hoy-marchas-por-el-8m-en-el-primer-cuadro-de-la-ciudad\/\">Hoy marchas por el 8M en el primer cuadro de la ciudad<\/a> aparece primero en <a href=\"https:\/\/noticiasdequeretaro.com.mx\">Noticias de Quer\u00e9taro<\/a>.<\/p>\n<p><\/p>\n","protected":false},"excerpt":{"rendered":"<p>Las movilizaciones convocadas por Feminismo Para Todas Mx y Adax Digitales, principalmente, esperan concentrar a miles de mujeres\u00a0 \u00a0 Noticias\u00a0 \u00a0 Este 8 de marzo, como cada a\u00f1o, el Centro Hist\u00f3rico de Quer\u00e9taro ser\u00e1 el punto de reuni\u00f3n para miles de mujeres que participar\u00e1n en las movilizaciones convocadas por las diferentes colectivas feministas; sin embargo, [&hellip;]<\/p>\n","protected":false},"author":2,"featured_media":54984,"comment_status":"","ping_status":"","sticky":false,"template":"","format":"standard","meta":{"_monsterinsights_skip_tracking":false,"_monsterinsights_sitenote_active":false,"_monsterinsights_sitenote_note":"","_monsterinsights_sitenote_category":0,"footnotes":""},"categories":[4],"tags":[],"class_list":["post-54983","post","type-post","status-publish","format-standard","has-post-thumbnail","hentry","category-queretaro"],"_links":{"self":[{"href":"https:\/\/informebajio.com.mx\/index.php?rest_route=\/wp\/v2\/posts\/54983","targetHints":{"allow":["GET"]}}],"collection":[{"href":"https:\/\/informebajio.com.mx\/index.php?rest_route=\/wp\/v2\/posts"}],"about":[{"href":"https:\/\/informebajio.com.mx\/index.php?rest_route=\/wp\/v2\/types\/post"}],"author":[{"embeddable":true,"href":"https:\/\/informebajio.com.mx\/index.php?rest_route=\/wp\/v2\/users\/2"}],"replies":[{"embeddable":true,"href":"https:\/\/informebajio.com.mx\/index.php?rest_route=%2Fwp%2Fv2%2Fcomments&post=54983"}],"version-history":[{"count":0,"href":"https:\/\/informebajio.com.mx\/index.php?rest_route=\/wp\/v2\/posts\/54983\/revisions"}],"wp:featuredmedia":[{"embeddable":true,"href":"https:\/\/informebajio.com.mx\/index.php?rest_route=\/wp\/v2\/media\/54984"}],"wp:attachment":[{"href":"https:\/\/informebajio.com.mx\/index.php?rest_route=%2Fwp%2Fv2%2Fmedia&parent=54983"}],"wp:term":[{"taxonomy":"category","embeddable":true,"href":"https:\/\/informebajio.com.mx\/index.php?rest_route=%2Fwp%2Fv2%2Fcategories&post=54983"},{"taxonomy":"post_tag","embeddable":true,"href":"https:\/\/informebajio.com.mx\/index.php?rest_route=%2Fwp%2Fv2%2Ftags&post=54983"}],"curies":[{"name":"wp","href":"https:\/\/api.w.org\/{rel}","templated":true}]}}