{"id":54999,"date":"2026-03-09T19:23:43","date_gmt":"2026-03-10T01:23:43","guid":{"rendered":"https:\/\/informebajio.com.mx\/?p=54999"},"modified":"2026-03-09T19:23:43","modified_gmt":"2026-03-10T01:23:43","slug":"las-mujeres-deben-aprender-a-ser-libres-carmen-consolacion","status":"publish","type":"post","link":"https:\/\/informebajio.com.mx\/?p=54999","title":{"rendered":"\u201cLas mujeres deben aprender a ser libres\u201d: Carmen Consolaci\u00f3n"},"content":{"rendered":"<div>\n<p><span style=\"font-weight: 400;\">Por Lina Salinas<\/span><\/p>\n<p><span style=\"font-weight: 400;\">Fotos Sixto Picones<\/span><\/p>\n<p>\u00a0<\/p>\n<p><span style=\"font-weight: 400;\">\u201cEl 8 de marzo simboliza la revoluci\u00f3n m\u00e1s importante del Siglo XX y lo que va del Siglo XXI, se trata de una revoluci\u00f3n que involucra a m\u00e1s de la mitad de la poblaci\u00f3n del mundo, goza de una enorme convocatoria, cada 8M salimos millones de mujeres a marchar y cuestionar la desigualdad y violencia que vivimos la mayor\u00eda de las mujeres. Se trata de una marcha con una enorme tradici\u00f3n feministas que plantea un nuevo sistema pol\u00edtico, econ\u00f3mico y social, las feministas no solo luchamos por las mujeres sino por tener un mundo mejor para todas y todos\u201d, coment\u00f3 Carmen Consolaci\u00f3n Gonz\u00e1les Loyola P\u00e9rez.\u00a0<\/span><\/p>\n<p>\u00a0<\/p>\n<p><span style=\"font-weight: 400;\">Record\u00f3 que \u201cel\u00a0 origen del 8 de marzo data de las luchas de las mujeres trabajadoras de mediados del siglo antepasado, que demandaban la reducci\u00f3n de la jornada laboral,\u00a0 salarios dignos y d\u00edas de descanso; en 1910 en la Internacional Social se proclam\u00f3 como D\u00eda Internacional de la Mujer Trabajadora, en 1975 en el marco del Primer Congreso Mundial de la Mujer convocado por la Organizaci\u00f3n de las Naciones Unidas y celebrado en la Ciudad de M\u00e9xico, el 8 de Marzo se declar\u00f3 como el D\u00eda Internacional de la Mujer, sin lugar a dudas a lo largo de los a\u00f1os sea constituido en un s\u00edmbolo de lucha y libertad para todas las mujeres.\u00a0<\/span><\/p>\n<p><span style=\"font-weight: 400;\">Se trata de un movimiento global, nunca en la historia del mundo hab\u00edamos coincidido tantas feministas y mujeres de otras organizaciones en una causa com\u00fan. En la \u00faltima d\u00e9cada la incorporaci\u00f3n decisiva de las j\u00f3venes al movimiento feminista ha sumado nuevas demandas y utop\u00edas\u201d.\u00a0\u00a0<\/span><\/p>\n<p>\u00a0<\/p>\n<p><span style=\"font-weight: 400;\">Carmen Consolaci\u00f3n Gonz\u00e1lez Loyola P\u00e9rez explic\u00f3 como incursion\u00f3 pol\u00edtica \u201cel pensar que es posible un mundo mejor, no solo para m\u00ed sino tambi\u00e9n para mi hija, para mis amigas, para mis vecinas, para todas las personas, todos los derechos y beneficios sociales que hoy disfrutamos son gracias a las luchas y anhelos de otras personas que creyeron en las utop\u00edas. Desde muy peque\u00f1a aprend\u00ed que vivimos en comunidad, qu\u00e9 lo que les pas\u00e9 a los otros, tendr\u00e1 de manera directa o indirecta una repercusi\u00f3n en mi entorno, es un error de vida ser indiferente a lo que sucede en el mundo. La cultura neoliberal promueve el individualismo, te dice que s\u00f3lo tienes que ver por ti, pero lo cierto es que nadie sobrevive sin el apoyo y colaboraci\u00f3n de los dem\u00e1s, para m\u00ed es muy importante rescatar las utop\u00edas, que nos demos el chace de so\u00f1ar que este mundo se puede organizar mejor, que la desigualdad y la violencia no son naturales, que son un producto social y que todo lo social se puede reconstruir. Desde hace m\u00e1s de tres d\u00e9cadas participo activamente en el movimiento feminista porque \u00e9ste no solamente lucha por los derechos de las mujeres, sino por toda la humanidad, reprueba y se opone a cualquier tipo de opresi\u00f3n, que el derecho a una vida digna y satisfactoria sea la aspiraci\u00f3n y posibilidad de todas las personas\u201d.\u00a0<\/span><\/p>\n<p>\u00a0<\/p>\n<p><span style=\"font-weight: 400;\">Respecto a cu\u00e1les han sido los mayores retos que ha enfrentado como mujer en su trayectoria, Carmen Consolaci\u00f3n coment\u00f3 \u201cmuchos, no solo en el \u00e1mbito pol\u00edtico o laboral sino tambi\u00e9n personal. Las mujeres desde que nacemos nos enfrentamos a obst\u00e1culos que al principio son invisibles, pero en la medida que avanza nuestra vida estos se van presentado, en mi opini\u00f3n uno de los principales obst\u00e1culos que tenemos las mujeres es aprender a ser libres, no estar al servicio de los dem\u00e1s, ser una mujer aut\u00f3noma y responsable de tus decisiones, saber que quiero y hacerme cargo de ello, creo que ha sido uno de mis mayores retos en la vida y puedo decir que ah\u00ed la llevo\u201d.\u00a0<\/span><\/p>\n<p>\u00a0<\/p>\n<p><span style=\"font-weight: 400;\">\u201cVengo de una familia queretana asentada en uno de los barrios m\u00e1s populares y tradicionales de Quer\u00e9taro, La Cruz. Mi madre fue una mujer\u00a0 rural originaria de San Pedro,\u00a0 Huimilpan y\u00a0 le toc\u00f3 vivir la extrema pobreza como ocurre en la mayor\u00eda de las familias campesinas en nuestro pa\u00eds, mi padre era un abogado insurrecto, nieto de brujos y curanderos del barrio, l\u00edder de una confederaci\u00f3n latinoamericana de ind\u00edgenas y campesinos; yo soy la cuarta de mis nueve hermanos, mi infancia como la de todos los ni\u00f1os y ni\u00f1as de mi barrio estuvo marcada por las actividades religiosas del templo de La Cruz; fui educada en el catolicismo, sin embargo desde muy peque\u00f1a hab\u00eda algo que no me identificaba con esa formaci\u00f3n religiosa, yo no so\u00f1aba con casarme y tener muchos hijitos, nunca me vi cuidando a un marido; en retrospectiva pienso que el destino de una persona se construye por un sinf\u00edn de circunstancias, pero en mi vida hay dos que me salvaron de ese mundo conservador,\u00a0 la primera fue la lectura,\u00a0 desde muy peque\u00f1a mi padre nos inculc\u00f3 a leer, en mi casa a diferencia de la casa de mis vecinos, siempre hubo una biblioteca llena de libros de muchos temas, leer siempre estuvo a mi alcance a pesar de que \u00e9ramos muy pobres; \u00a0 y la otra circunstancia fue gracias a mi madre que a pesar de que era muy religiosa\u00a0 nos dej\u00f3 ser, nos ense\u00f1\u00f3 a sus seis hijas y tres hijos a ser muy\u00a0 autosuficiente,\u00a0 en los seis a\u00f1os que mi padre estuvo preso,\u00a0 mi mam\u00e1 no solamente nos cuidaba sino que ten\u00eda que hacer verdaderamente magia para que pudi\u00e9ramos comer todos los d\u00edas e ir a la escuela,\u00a0 fue una \u00e9poca muy dif\u00edcil en la que aprendimos apreciar lo poco que ten\u00edamos y hacernos cargo de\u00a0 nosotros mismo,\u00a0 hoy s\u00e9 que a eso se le llama resiliencia\u201d, coment\u00f3 la abogada egresada de la Universidad Aut\u00f3noma de Quer\u00e9taro.\u00a0<\/span><\/p>\n<p>\u00a0<\/p>\n<p><span style=\"font-weight: 400;\">Record\u00f3 que otro de los retos a los que se ha enfrentado \u201ces ser de\u00a0 feminista y de izquierda en un Quer\u00e9taro dominado por el conservadurismo,\u00a0 a los 17 a\u00f1os entr\u00e9 a trabajar como mecan\u00f3grafa en un juzgado penal\u00a0 adjunto centro penitenciario de San Jos\u00e9 el Alto,\u00a0 me encantaba mi trabajo,\u00a0 en el juzgado ten\u00eda a mi alcance decenas de expedientes penales con historias s\u00faper interesantes, a los poco meses me confiaron tomar comparecencia donde las historias eran narradas\u00a0 por los propios protagonistas, yo me enteraba de cosas extraordinarias adem\u00e1s empec\u00e9 a agarrarle un gusto al derecho penal; a los 19 a\u00f1os\u00a0 yo me ve\u00eda haciendo carrera judicial,\u00a0 para entonces ya hab\u00eda entrado a estudiar la Licenciatura de Derecho en la UAQ. Sin embargo, todo se trunc\u00f3 cuando particip\u00e9 en el contingente independiente de la marcha del 1ro. de Mayo que conmemora el D\u00eda del Trabajo, en ese contingente participaban los sindicatos\u00a0 y organizaciones sociales de izquierda para entonces yo era una militante muy activa del Partido Mexicano de los Trabajadores que\u00a0 dirig\u00eda el Ingeniero Heberto Castillo; en el pres\u00eddium\u00a0 de las autoridades que se pon\u00eda enfrente del templo de San Francisco en el centro de Quer\u00e9taro, se encontraba a un lado del gobernador, el presidente del Tribunal Superior de Justicia, quien para mi des fortuna\u00a0 me identific\u00f3 y a los pocos d\u00edas fui despedida junto con mi hermano Pablo que tambi\u00e9n trabajaba en los juzgados penales y as\u00ed fue como termin\u00f3 mi carrera judicial,\u00a0 a pesar de que era muy buena nunca pas\u00e9 de mecan\u00f3grafa\u201d.\u00a0\u00a0\u00a0<\/span><\/p>\n<p>\u00a0<\/p>\n<p><span style=\"font-weight: 400;\">\u201cUn tercer obst\u00e1culo lo viv\u00ed cuando mis compa\u00f1eros de la LV Legislatura ejercieron verdaderos actos de violencia pol\u00edtica de g\u00e9nero en mi contra en represalia a la denuncia y la devoluci\u00f3n que hice del bono que se entreg\u00f3 a las y los diputados despu\u00e9s de que se aprobara en el Pleno del Congreso, el acuerdo que autorizaba al titular del Poder Ejecutivo del Estado entregar en comodato por 99 a\u00f1os un parque industrial totalmente urbanizado a la empresa Bombardier, acuerdo que vot\u00e9 en contra junto con otra diputada; mi denuncia y devoluci\u00f3n del dinero molest\u00f3 mucho a mis compa\u00f1eros,\u00a0 en represalia me suspendieron la entrega de mis prerrogativas y otros apoyos indispensables para desempe\u00f1ar el cargo al cual fui electa; aun as\u00ed logr\u00e9 que se aprobara la Ley Estatal de Acceso a las Mujeres a una Vida Libre de Violencia, la tipificaci\u00f3n del delito de violencia de g\u00e9nero y discriminaci\u00f3n, la implementaci\u00f3n de \u00f3rdenes de protecci\u00f3n a favor de ni\u00f1as y mujeres en situaci\u00f3n de violencia en el \u00e1mbito familiar, y otras demandas importantes en la agenda feminista\u201d.\u00a0<\/span><\/p>\n<p>\u00a0<\/p>\n<p><span style=\"font-weight: 400;\">Carmen Consolaci\u00f3n Gonz\u00e1lez Loyola P\u00e9rez hablo sobre el logro profesional que ha marcado un antes y un despu\u00e9s en su vida \u201ccuando el tribunal colegiado confirm\u00f3 la sentencia del juez de distrito que me otorgaba\u00a0 el amparo y protecci\u00f3n de la justicia federal en contra de la suspensi\u00f3n de mis prerrogativas y otras agresiones que\u00a0 ejecutaron mis compa\u00f1eros diputados en mi contra y que hoy conocemos como violencia pol\u00edtica contra las mujeres en raz\u00f3n de g\u00e9nero, fue muy significativa porque en ese momento no exist\u00edan todos los mecanismo jur\u00eddicos que a lo largo de tres d\u00e9cadas el movimiento feminista ha logrado construir para que las mujeres tengamos acceso a la justicia, al final esos mismo diputados que de manera arbitraria se negaron a entregarme mis prerrogativas, lo tuvieron que hacer el juez de distrito les dio un plazo de 24 horas, de lo contrario ser\u00edan destituidos de su cargo, y por supuesto que cumplieron; hoy s\u00e9 que a ese se le llama resiliencia\u201d.<\/span><\/p>\n<p><span style=\"font-weight: 400;\">\u00a0<\/span><\/p>\n<p><span style=\"font-weight: 400;\">En cuanto a c\u00f3mo equilibra sus responsabilidades laborales con su vida personal y familiar, Carmen Consolaci\u00f3n dice \u201ccon el apoyo y solidaridad de otras mujeres, solo tengo una hija, los primeros a\u00f1os de su\u00a0 vida me la cuid\u00f3 una mujer maravillosa que se llama Mary, trataba a mi hija como su propia hija, le encantaba arreglarla a su gusto e irse a pasear con ella a la Alameda o al Mercado Escobedo, cuando yo ten\u00eda mucho trabajo o reuniones se la llevaba a su casa en San Jos\u00e9 el Alto, lo que a m\u00ed me permit\u00eda no solo trabajar sino tambi\u00e9n militar en un partido pol\u00edtico a sabiendas de que mi hija se encontraba en buenas manos;\u00a0 cuando do\u00f1a Mary ya no me pudo ayudar, me organizaba con mis hermanas quienes tambi\u00e9n ten\u00edan a sus hijos chicos, entre todas nos apoy\u00e1bamos porque todas trabaj\u00e1bamos y cri\u00e1bamos con padres ausentes; se trat\u00f3 un trabajo colectivo perfectamente coordinado y organizado entre nosotras\u201d.\u00a0\u00a0<\/span><\/p>\n<p><span style=\"font-weight: 400;\">\u201cEn mi camino por la vida siempre me he encontrado con mujeres maravillosas, amigas entra\u00f1ables, amorosas y solidarias, s\u00e9 que siempre puedo contar con ellas,\u00a0 cuando nos vemos son un apapacho para el\u00a0 alma, mis hermanas de sangre siempre han estado cerca de m\u00ed, tambi\u00e9n me he cruzado con mujeres que se han convertido en mis maestras y referentes, las mujeres hemos aprendido a tejer redes solidarias, nos gusta platicar entre nosotras cosa que ayuda mucho a la salud mental, compartimos recetas, remedios, libros\u201d, dijo Carmen Consolaci\u00f3n al hablar del papel que han jugado otras mujeres en su formaci\u00f3n y crecimiento.<\/span><\/p>\n<p>\u00a0<\/p>\n<p><span style=\"font-weight: 400;\">Carmen Consolaci\u00f3n Gonz\u00e1lez Loyola P\u00e9rez envi\u00f3 un mensaje a las nuevas generaciones de ni\u00f1as y j\u00f3venes queretanas, \u201cque sean libres y felices\u201d.<\/span><\/p>\n<p>\u00a0<\/p>\n<\/div>\n<p><script>(function(d, s, id) {\n  var js, fjs = d.getElementsByTagName(s)[0];\n  if (d.getElementById(id)) return;\n  js = d.createElement(s); js.id = id;\n  js.src = \"\/\/connect.facebook.net\/es_LA\/sdk.js#xfbml=1&appId=546007945598485&version=v2.3\";\n  fjs.parentNode.insertBefore(js, fjs);\n}(document, 'script', 'facebook-jssdk'));<\/script><\/p>\n","protected":false},"excerpt":{"rendered":"<p>Por Lina Salinas Fotos Sixto Picones \u00a0 \u201cEl 8 de marzo simboliza la revoluci\u00f3n m\u00e1s importante del Siglo XX y lo que va del Siglo XXI, se trata de una revoluci\u00f3n que involucra a m\u00e1s de la mitad de la poblaci\u00f3n del mundo, goza de una enorme convocatoria, cada 8M salimos millones de mujeres a [&hellip;]<\/p>\n","protected":false},"author":2,"featured_media":55000,"comment_status":"","ping_status":"","sticky":false,"template":"","format":"standard","meta":{"_monsterinsights_skip_tracking":false,"_monsterinsights_sitenote_active":false,"_monsterinsights_sitenote_note":"","_monsterinsights_sitenote_category":0,"footnotes":""},"categories":[4],"tags":[],"class_list":["post-54999","post","type-post","status-publish","format-standard","has-post-thumbnail","hentry","category-queretaro"],"_links":{"self":[{"href":"https:\/\/informebajio.com.mx\/index.php?rest_route=\/wp\/v2\/posts\/54999","targetHints":{"allow":["GET"]}}],"collection":[{"href":"https:\/\/informebajio.com.mx\/index.php?rest_route=\/wp\/v2\/posts"}],"about":[{"href":"https:\/\/informebajio.com.mx\/index.php?rest_route=\/wp\/v2\/types\/post"}],"author":[{"embeddable":true,"href":"https:\/\/informebajio.com.mx\/index.php?rest_route=\/wp\/v2\/users\/2"}],"replies":[{"embeddable":true,"href":"https:\/\/informebajio.com.mx\/index.php?rest_route=%2Fwp%2Fv2%2Fcomments&post=54999"}],"version-history":[{"count":0,"href":"https:\/\/informebajio.com.mx\/index.php?rest_route=\/wp\/v2\/posts\/54999\/revisions"}],"wp:featuredmedia":[{"embeddable":true,"href":"https:\/\/informebajio.com.mx\/index.php?rest_route=\/wp\/v2\/media\/55000"}],"wp:attachment":[{"href":"https:\/\/informebajio.com.mx\/index.php?rest_route=%2Fwp%2Fv2%2Fmedia&parent=54999"}],"wp:term":[{"taxonomy":"category","embeddable":true,"href":"https:\/\/informebajio.com.mx\/index.php?rest_route=%2Fwp%2Fv2%2Fcategories&post=54999"},{"taxonomy":"post_tag","embeddable":true,"href":"https:\/\/informebajio.com.mx\/index.php?rest_route=%2Fwp%2Fv2%2Ftags&post=54999"}],"curies":[{"name":"wp","href":"https:\/\/api.w.org\/{rel}","templated":true}]}}