{"id":55003,"date":"2026-03-10T00:24:09","date_gmt":"2026-03-10T06:24:09","guid":{"rendered":"https:\/\/informebajio.com.mx\/?p=55003"},"modified":"2026-03-10T00:24:09","modified_gmt":"2026-03-10T06:24:09","slug":"marchan-mas-de-2-mil-mujeres-exigiendo-el-fin-de-la-violencia","status":"publish","type":"post","link":"https:\/\/informebajio.com.mx\/?p=55003","title":{"rendered":"Marchan m\u00e1s de 2 mil mujeres exigiendo el fin de la violencia"},"content":{"rendered":"<div>\n<p><span style=\"font-weight: 400;\">Noticias<\/span><\/p>\n<p>\u00a0<\/p>\n<p><span style=\"font-weight: 400;\">En el marco del D\u00eda Internacional de la Mujer, m\u00e1s de dos mil mujeres marcharon por las calles de San Juan del R\u00edo, exigiendo justicia, seguridad y el fin de la violencia contra las mujeres.<\/span><\/p>\n<p><span style=\"font-weight: 400;\">La movilizaci\u00f3n reuni\u00f3 a colectivas feministas, estudiantes, madres de familia y activistas que marcharon desde la zona oriente del municipio hacia el centro de la ciudad.<\/span><\/p>\n<p><span style=\"font-weight: 400;\">El contingente se reuni\u00f3 en el Parque Las Garzas, donde mujeres de distintas edades portaban pa\u00f1uelos morados y verdes, as\u00ed como pancartas con mensajes de denuncia y exigencias de justicia.<\/span><\/p>\n<p><span style=\"font-weight: 400;\">Las manifestantes, a lo largo del recorrido, avanzaron por avenidas principales del municipio hasta llegar al Jard\u00edn Independencia, punto donde se concentraron para realizar pronunciamientos y actividades simb\u00f3licas.<\/span><\/p>\n<p><span style=\"font-weight: 400;\">Al pasar frente a las instalaciones de la Secretar\u00eda de Seguridad P\u00fablica del Municipio de San Juan del R\u00edo realizaron algunas pintas en la fachada, que luego fueron borradas por personal de la dependencia tras el paso del contingente.<\/span><\/p>\n<p><span style=\"font-weight: 400;\">Durante la marcha se escucharon consignas como \u201c\u00a1Ni una m\u00e1s!\u201d, \u201c\u00a1Vivas nos queremos!\u201d y \u201c\u00a1Justicia para todas!\u201d, mientras algunas participantes colocaron mensajes en espacios p\u00fablicos para visibilizar la violencia que enfrentan las mujeres en el pa\u00eds.<\/span><\/p>\n<p><span style=\"font-weight: 400;\">Integrantes de colectivas locales se\u00f1alaron que el objetivo de la movilizaci\u00f3n es mantener vigente la exigencia de justicia y presionar a las autoridades para que se implementen pol\u00edticas p\u00fablicas m\u00e1s efectivas en materia de prevenci\u00f3n y atenci\u00f3n de la violencia de g\u00e9nero.<\/span><\/p>\n<p><span style=\"font-weight: 400;\">Las asistentes tambi\u00e9n recordaron a v\u00edctimas de feminicidio y desaparici\u00f3n, colocando fotograf\u00edas y nombres en carteles que fueron levantados durante el recorrido.<\/span><\/p>\n<p><span style=\"font-weight: 400;\">\u201cEsta marcha tambi\u00e9n es para quienes ya no est\u00e1n. Seguiremos alzando la voz hasta que haya justicia\u201d, se\u00f1alaron integrantes de una colectiva feminista.<\/span><\/p>\n<p><span style=\"font-weight: 400;\">La movilizaci\u00f3n concluy\u00f3 en el centro de la ciudad con la lectura de un posicionamiento colectivo y un llamado a continuar organiz\u00e1ndose para defender los derechos de las mujeres.<\/span><\/p>\n<p><span style=\"font-weight: 400;\">Cada a\u00f1o, el D\u00eda Internacional de la Mujer se conmemora con movilizaciones en distintas ciudades de Quer\u00e9taro y del pa\u00eds, donde miles de mujeres salen a las calles para exigir igualdad, justicia y una vida libre de violencia.<\/span><\/p>\n<\/div>\n<p><script>(function(d, s, id) {\n  var js, fjs = d.getElementsByTagName(s)[0];\n  if (d.getElementById(id)) return;\n  js = d.createElement(s); js.id = id;\n  js.src = \"\/\/connect.facebook.net\/es_LA\/sdk.js#xfbml=1&appId=546007945598485&version=v2.3\";\n  fjs.parentNode.insertBefore(js, fjs);\n}(document, 'script', 'facebook-jssdk'));<\/script><\/p>\n","protected":false},"excerpt":{"rendered":"<p>Noticias \u00a0 En el marco del D\u00eda Internacional de la Mujer, m\u00e1s de dos mil mujeres marcharon por las calles de San Juan del R\u00edo, exigiendo justicia, seguridad y el fin de la violencia contra las mujeres. La movilizaci\u00f3n reuni\u00f3 a colectivas feministas, estudiantes, madres de familia y activistas que marcharon desde la zona oriente [&hellip;]<\/p>\n","protected":false},"author":2,"featured_media":55004,"comment_status":"","ping_status":"","sticky":false,"template":"","format":"standard","meta":{"_monsterinsights_skip_tracking":false,"_monsterinsights_sitenote_active":false,"_monsterinsights_sitenote_note":"","_monsterinsights_sitenote_category":0,"footnotes":""},"categories":[4],"tags":[],"class_list":["post-55003","post","type-post","status-publish","format-standard","has-post-thumbnail","hentry","category-queretaro"],"_links":{"self":[{"href":"https:\/\/informebajio.com.mx\/index.php?rest_route=\/wp\/v2\/posts\/55003","targetHints":{"allow":["GET"]}}],"collection":[{"href":"https:\/\/informebajio.com.mx\/index.php?rest_route=\/wp\/v2\/posts"}],"about":[{"href":"https:\/\/informebajio.com.mx\/index.php?rest_route=\/wp\/v2\/types\/post"}],"author":[{"embeddable":true,"href":"https:\/\/informebajio.com.mx\/index.php?rest_route=\/wp\/v2\/users\/2"}],"replies":[{"embeddable":true,"href":"https:\/\/informebajio.com.mx\/index.php?rest_route=%2Fwp%2Fv2%2Fcomments&post=55003"}],"version-history":[{"count":0,"href":"https:\/\/informebajio.com.mx\/index.php?rest_route=\/wp\/v2\/posts\/55003\/revisions"}],"wp:featuredmedia":[{"embeddable":true,"href":"https:\/\/informebajio.com.mx\/index.php?rest_route=\/wp\/v2\/media\/55004"}],"wp:attachment":[{"href":"https:\/\/informebajio.com.mx\/index.php?rest_route=%2Fwp%2Fv2%2Fmedia&parent=55003"}],"wp:term":[{"taxonomy":"category","embeddable":true,"href":"https:\/\/informebajio.com.mx\/index.php?rest_route=%2Fwp%2Fv2%2Fcategories&post=55003"},{"taxonomy":"post_tag","embeddable":true,"href":"https:\/\/informebajio.com.mx\/index.php?rest_route=%2Fwp%2Fv2%2Ftags&post=55003"}],"curies":[{"name":"wp","href":"https:\/\/api.w.org\/{rel}","templated":true}]}}