{"id":55009,"date":"2026-03-10T05:25:12","date_gmt":"2026-03-10T11:25:12","guid":{"rendered":"https:\/\/informebajio.com.mx\/?p=55009"},"modified":"2026-03-10T05:25:12","modified_gmt":"2026-03-10T11:25:12","slug":"miles-de-mujeres-alzan-la-voz-contra-la-violencia-de-genero","status":"publish","type":"post","link":"https:\/\/informebajio.com.mx\/?p=55009","title":{"rendered":"Miles de mujeres alzan la voz contra la violencia de g\u00e9nero"},"content":{"rendered":"<div>\n<h2><span style=\"font-weight: 400;\">Plazas y calles del Centro Hist\u00f3rico de la capital queretana se pintaron de morado y verde en el marco del D\u00eda Internacional de la Mujer <\/span><\/h2>\n<p><span style=\"font-weight: 400;\">Noticias<\/span><\/p>\n<p>\u00a0<\/p>\n<p><span style=\"font-weight: 400;\">\u201c\u2026 Y tiemblen, y tiemblen, y tiemblen los machistas, las calles queretanas ser\u00e1n todas feministas\u201d, se escuch\u00f3 en las inmediaciones de la Alameda Hidalgo cerca de las 17:00 horas, una consigna que marc\u00f3 el inici\u00f3 de las marchas en la capital queretana en el marco de la conmemoraci\u00f3n del D\u00eda Internacional de la Mujer.<\/span><\/p>\n<p><span style=\"font-weight: 400;\">Alrededor de nueve mil mujeres convocadas por los diferentes colectivas feministas y organizaciones, tomaron las plazas y las calles del primer cuadro de la ciudad para visibilizar la violencia de g\u00e9nero, exigir justicia para las v\u00edctimas de feminicidio, alzar la voz por las ni\u00f1as violentadas y demandar pol\u00edticas p\u00fablicas efectivas para proteger a las mujeres.<\/span><\/p>\n<p><span style=\"font-weight: 400;\">La cita fue en la Alameda Hidalgo, de ah\u00ed la ola morada y verde recorri\u00f3 Zaragoza y Corregidora. El primer contingente tuvo como destin\u00f3 la Plaza Constituci\u00f3n, movimiento encabezado por Feminismo Para Todas Mx, entre otros colectivos que se sumaron; el segundo contingente, encabezado por Adax Digitales, arrib\u00f3 al Jard\u00edn Corregidora una vez que realizaron su recorrido.<\/span><\/p>\n<p><span style=\"font-weight: 400;\">Tambi\u00e9n en el Jard\u00edn Guerrero se llev\u00f3 a cabo la Jornada Feminista Antipatriarcal \u201cArte. Resistencia. Lucha.\u201d, espacio en el que durante todo el d\u00eda se llevaron a cabo pl\u00e1ticas, talleres, obras de teatro e intervenciones gr\u00e1ficas; adem\u00e1s de que se realizaron pruebas r\u00e1pidas de ITS, se cont\u00f3 con asesor\u00eda jur\u00eddica y un bazar con la participaci\u00f3n de mujeres emprendedoras.<\/span><\/p>\n<p><span style=\"font-weight: 400;\">Fue as\u00ed como desde ni\u00f1as hasta mujeres de la tercera edad integraron las diferentes movilizaciones, vestidas con alguna prenda morada, as\u00ed como con los distintivos pa\u00f1uelos verdes y morados atados al cuello, en las mu\u00f1ecas o en la cabeza. Pero sobre todo con pancartas en mano que buscaban visibilizar las demandas de miles de mujeres, casos de violencia compartidos por alguna amiga o integrante de su familia, mensajes de acompa\u00f1amiento o incluso historias personales.<\/span><\/p>\n<p><span style=\"font-weight: 400;\">\u201cHoy no est\u00e1n todas porque desde la tumba no se puede gritar\u201d, \u201cNo nos vamos a callar, somos el grito de las que ya no est\u00e1n\u201d, \u201cSino entiendes los motivos de la marcha, eres parte del problema\u201d, \u201cNo quiero ser una madre buscadora, quiero que mi hija regrese a casa\u201d, \u201c\u00a1Con las ni\u00f1as no!\u201d, \u201cLuchando para que ninguna ni\u00f1a viva lo que yo viv\u00ed\u201d, fueron algunos de los mensajes que se pudieron leer en las pancartas y mantas que levantaban las miles de\u00a0 participantes en las marchas.<\/span><\/p>\n<p><span style=\"font-weight: 400;\">Entre los contingentes alzaron la voz familiares de las v\u00edctimas de feminicidios, de violencia de g\u00e9nero, de abuso sexual, violencia institucional,\u00a0 violencia vicaria; mujeres exigiendo a deudores alimentarnos cumplir con sus obligaciones; ni\u00f1as exigiendo mejores oportunidades de desarrollo y espacios seguros, ni\u00f1os que se mostraban emp\u00e1ticos con las luchas de sus madres, t\u00edas y abuelos.\u00a0<\/span><\/p>\n<p><span style=\"font-weight: 400;\">Las marchas se llevaron a cabo entre cantos como la \u201cCanci\u00f3n Sin Miedo\u201d de Vivir Quintana, consignas y diversas expresiones de protesta, como la iconoclasia que el bloque negro que integr\u00f3 una de las movilizaciones plasmo en paredes y edificios del Centro Hist\u00f3rico. Fue en este marco que tambi\u00e9n se registr\u00f3 la agresi\u00f3n a una mujer de uno de los contingentes, quien recibi\u00f3 una patada en la cara por parte de un hombre que se acreditaba como fot\u00f3grafo y a quien se le pidi\u00f3 no documentar algunos momentos de la marcha.<\/span><\/p>\n<p><span style=\"font-weight: 400;\">En la Plaza Constituci\u00f3n donde se concentraron las mujeres convocadas por colectivos como Feminismo Para Todas Mx, habl\u00f3 Daniela,\u00a0 mam\u00e1 de Valentina \u201cN\u201d, v\u00edctima de feminicidio\u00a0<\/span><\/p>\n<p><span style=\"font-weight: 400;\">Cabe destacar que por otra parte en el Jard\u00edn Zenea se instal\u00f3 un Mega Tendedero de deudores alimentarios, acosadores, abusadores sexuales y agresores.<\/span><\/p>\n<p><img fetchpriority=\"high\" decoding=\"async\" class=\"alignnone size-medium wp-image-716237\" src=\"https:\/\/cdn.noticiasdequeretaro.com.mx\/wp-content\/uploads\/2026\/03\/09052937\/Miles-de-mujeres-alzan-la-voz-contra-la-violencia-de-genero-1-600x400.jpg\" alt=\"\" width=\"600\" height=\"400\" srcset=\"https:\/\/cdn.noticiasdequeretaro.com.mx\/wp-content\/uploads\/2026\/03\/09052937\/Miles-de-mujeres-alzan-la-voz-contra-la-violencia-de-genero-1-600x400.jpg 600w, https:\/\/cdn.noticiasdequeretaro.com.mx\/wp-content\/uploads\/2026\/03\/09052937\/Miles-de-mujeres-alzan-la-voz-contra-la-violencia-de-genero-1-1024x683.jpg 1024w, https:\/\/cdn.noticiasdequeretaro.com.mx\/wp-content\/uploads\/2026\/03\/09052937\/Miles-de-mujeres-alzan-la-voz-contra-la-violencia-de-genero-1-300x200.jpg 300w, https:\/\/cdn.noticiasdequeretaro.com.mx\/wp-content\/uploads\/2026\/03\/09052937\/Miles-de-mujeres-alzan-la-voz-contra-la-violencia-de-genero-1-768x512.jpg 768w, https:\/\/cdn.noticiasdequeretaro.com.mx\/wp-content\/uploads\/2026\/03\/09052937\/Miles-de-mujeres-alzan-la-voz-contra-la-violencia-de-genero-1-1536x1024.jpg 1536w, https:\/\/cdn.noticiasdequeretaro.com.mx\/wp-content\/uploads\/2026\/03\/09052937\/Miles-de-mujeres-alzan-la-voz-contra-la-violencia-de-genero-1-2048x1365.jpg 2048w\" sizes=\"(max-width: 600px) 100vw, 600px\"\/> <img loading=\"lazy\" decoding=\"async\" class=\"alignnone size-medium wp-image-716238\" src=\"https:\/\/cdn.noticiasdequeretaro.com.mx\/wp-content\/uploads\/2026\/03\/09053021\/Miles-de-mujeres-alzan-la-voz-contra-la-violencia-de-genero-2-600x400.jpg\" alt=\"\" width=\"600\" height=\"400\" srcset=\"https:\/\/cdn.noticiasdequeretaro.com.mx\/wp-content\/uploads\/2026\/03\/09053021\/Miles-de-mujeres-alzan-la-voz-contra-la-violencia-de-genero-2-600x400.jpg 600w, https:\/\/cdn.noticiasdequeretaro.com.mx\/wp-content\/uploads\/2026\/03\/09053021\/Miles-de-mujeres-alzan-la-voz-contra-la-violencia-de-genero-2-1024x683.jpg 1024w, https:\/\/cdn.noticiasdequeretaro.com.mx\/wp-content\/uploads\/2026\/03\/09053021\/Miles-de-mujeres-alzan-la-voz-contra-la-violencia-de-genero-2-300x200.jpg 300w, https:\/\/cdn.noticiasdequeretaro.com.mx\/wp-content\/uploads\/2026\/03\/09053021\/Miles-de-mujeres-alzan-la-voz-contra-la-violencia-de-genero-2-768x512.jpg 768w, https:\/\/cdn.noticiasdequeretaro.com.mx\/wp-content\/uploads\/2026\/03\/09053021\/Miles-de-mujeres-alzan-la-voz-contra-la-violencia-de-genero-2-1536x1024.jpg 1536w, https:\/\/cdn.noticiasdequeretaro.com.mx\/wp-content\/uploads\/2026\/03\/09053021\/Miles-de-mujeres-alzan-la-voz-contra-la-violencia-de-genero-2-2048x1365.jpg 2048w\" sizes=\"auto, (max-width: 600px) 100vw, 600px\"\/><\/p>\n<\/div>\n<p><script>(function(d, s, id) {\n  var js, fjs = d.getElementsByTagName(s)[0];\n  if (d.getElementById(id)) return;\n  js = d.createElement(s); js.id = id;\n  js.src = \"\/\/connect.facebook.net\/es_LA\/sdk.js#xfbml=1&appId=546007945598485&version=v2.3\";\n  fjs.parentNode.insertBefore(js, fjs);\n}(document, 'script', 'facebook-jssdk'));<\/script><\/p>\n","protected":false},"excerpt":{"rendered":"<p>Plazas y calles del Centro Hist\u00f3rico de la capital queretana se pintaron de morado y verde en el marco del D\u00eda Internacional de la Mujer Noticias \u00a0 \u201c\u2026 Y tiemblen, y tiemblen, y tiemblen los machistas, las calles queretanas ser\u00e1n todas feministas\u201d, se escuch\u00f3 en las inmediaciones de la Alameda Hidalgo cerca de las 17:00 [&hellip;]<\/p>\n","protected":false},"author":2,"featured_media":55010,"comment_status":"","ping_status":"","sticky":false,"template":"","format":"standard","meta":{"_monsterinsights_skip_tracking":false,"_monsterinsights_sitenote_active":false,"_monsterinsights_sitenote_note":"","_monsterinsights_sitenote_category":0,"footnotes":""},"categories":[4],"tags":[],"class_list":["post-55009","post","type-post","status-publish","format-standard","has-post-thumbnail","hentry","category-queretaro"],"_links":{"self":[{"href":"https:\/\/informebajio.com.mx\/index.php?rest_route=\/wp\/v2\/posts\/55009","targetHints":{"allow":["GET"]}}],"collection":[{"href":"https:\/\/informebajio.com.mx\/index.php?rest_route=\/wp\/v2\/posts"}],"about":[{"href":"https:\/\/informebajio.com.mx\/index.php?rest_route=\/wp\/v2\/types\/post"}],"author":[{"embeddable":true,"href":"https:\/\/informebajio.com.mx\/index.php?rest_route=\/wp\/v2\/users\/2"}],"replies":[{"embeddable":true,"href":"https:\/\/informebajio.com.mx\/index.php?rest_route=%2Fwp%2Fv2%2Fcomments&post=55009"}],"version-history":[{"count":0,"href":"https:\/\/informebajio.com.mx\/index.php?rest_route=\/wp\/v2\/posts\/55009\/revisions"}],"wp:featuredmedia":[{"embeddable":true,"href":"https:\/\/informebajio.com.mx\/index.php?rest_route=\/wp\/v2\/media\/55010"}],"wp:attachment":[{"href":"https:\/\/informebajio.com.mx\/index.php?rest_route=%2Fwp%2Fv2%2Fmedia&parent=55009"}],"wp:term":[{"taxonomy":"category","embeddable":true,"href":"https:\/\/informebajio.com.mx\/index.php?rest_route=%2Fwp%2Fv2%2Fcategories&post=55009"},{"taxonomy":"post_tag","embeddable":true,"href":"https:\/\/informebajio.com.mx\/index.php?rest_route=%2Fwp%2Fv2%2Ftags&post=55009"}],"curies":[{"name":"wp","href":"https:\/\/api.w.org\/{rel}","templated":true}]}}