{"id":55037,"date":"2026-03-11T21:30:09","date_gmt":"2026-03-12T03:30:09","guid":{"rendered":"https:\/\/informebajio.com.mx\/?p=55037"},"modified":"2026-03-11T21:30:09","modified_gmt":"2026-03-12T03:30:09","slug":"inaugura-uaq-exposicion-voces-y-raices-narrativas-femeninas","status":"publish","type":"post","link":"https:\/\/informebajio.com.mx\/?p=55037","title":{"rendered":"Inaugura UAQ exposici\u00f3n \u201cVoces y ra\u00edces: narrativas femeninas\u201d"},"content":{"rendered":"<div>\n<p><span style=\"font-weight: 400;\">Noticias<\/span><\/p>\n<p><span style=\"font-weight: 400;\">\u00a0<\/span><\/p>\n<p><span style=\"font-weight: 400;\">En el marco de las actividades conmemorativas del D\u00eda Internacional de la Mujer, la Universidad Aut\u00f3noma de Quer\u00e9taro (UAQ), a trav\u00e9s de la Secretar\u00eda de Extensi\u00f3n y Cultura Universitaria (SECU), llev\u00f3 a cabo la inauguraci\u00f3n de la exposici\u00f3n urbano- colectiva \u201cVoces y Ra\u00edces: narrativas femeninas\u201d en la Galer\u00eda Perif\u00e9rica universitaria, un espacio donde se reunieron diferentes miradas sobre el papel de las mujeres en la sociedad.<\/span><\/p>\n<p><span style=\"font-weight: 400;\">La coordinadora General de la SECU, Noem\u00ed Mart\u00ednez Osorio, expres\u00f3 que esta muestra visual busca generar un espacio de reflexi\u00f3n y cr\u00edtica entre la comunidad universitaria, as\u00ed como en la poblaci\u00f3n en general, sobre el impacto de las mujeres en diversos \u00e1mbitos sociales, econ\u00f3micos y culturales, as\u00ed como visibilizar sus experiencias, historias y narrativas propias a trav\u00e9s del arte.\u00a0<\/span><\/p>\n<p><span style=\"font-weight: 400;\">En esta edici\u00f3n participaron mujeres estudiantes de la Facultad de Artes y la Facultad de Derecho, quienes respondieron a la convocatoria emitida a trav\u00e9s de la Secretar\u00eda de Extensi\u00f3n y Cultura Universitaria. Adem\u00e1s, se sum\u00f3 una pieza visual de la reconocida artista abstracta Esmeralda Torres, quien particip\u00f3 como invitada especial.<\/span><\/p>\n<p><span style=\"font-weight: 400;\">Las obras seleccionadas para integrar esta exposici\u00f3n fueron: \u201cEnsayo de libertad\u201d de Esmeralda Torres; \u201cLa autenticidad es un acto de amor y resistencia\u201d de Fernanda Ruan y Alix Yolitzin; \u201cYayoi infiniti2\u201d de Sofi Vigueras; \u201cCon ternura\u201d de Estefan\u00eda Luna; \u201cEscaramuzas charras\u201d de Mariana Julieta Hern\u00e1ndez Ram\u00edrez y Xisela Toshi Guti\u00e9rrez G\u00e1sca; \u201cMadre, la mujer que eres\u201d, del Colectivo VMYK conformado por Valeria Miranda, Melisa Arellano y Yoatz\u00edn Sald\u00edvar; \u201cSemillas\u201d de Daniela N\u00fa\u00f1ez, Cecilia Concepci\u00f3n y Daniela Padilla; \u201cMujer, que de la tierra brota libertad Abrumador\u201d de Mariangel Rodr\u00edguez Coria, Brenda Diana Vel\u00e1zquez Pedraza, Elisa Perrusqu\u00eda Atanacio y Abigail Olvera Contreras; y \u201cMemorias Literarias\u201d de Abril Naiara Galv\u00e1n Rangel, \u00c1ngela D\u00edaz Dom\u00ednguez y Ana Sof\u00eda Morales Carmona.<\/span><\/p>\n<p><span style=\"font-weight: 400;\">Como parte de la inauguraci\u00f3n, se cont\u00f3 con la presentaci\u00f3n especial del performance \u201cLa masacre de la virgen de los nopales\u201d, de la artista Karen Jocelyn Medina Molina, conocida art\u00edsticamente como Bruja Narcisa.<\/span><\/p>\n<p><span style=\"font-weight: 400;\">El titular de la SECU, Eduardo N\u00fa\u00f1ez Rojas, destac\u00f3 la gran calidad de las piezas que conforman la exposici\u00f3n, en las que las creadoras compartieron diferentes perspectivas sobre realidades y aportaciones de las mujeres en la sociedad contempor\u00e1nea. En el mismo sentido, se comprometi\u00f3 a que, desde la instituci\u00f3n, se sigan abriendo espacios de encuentro donde se privilegie el arte, la comunidad y la expresi\u00f3n.<\/span><\/p>\n<p><span style=\"font-weight: 400;\">La muestra permanecer\u00e1 abierta al p\u00fablico el resto del mes de marzo en la Galer\u00eda Perif\u00e9rica de la UAQ, donde los visitantes podr\u00e1n conocer las propuestas art\u00edsticas que integran este ejercicio colectivo de di\u00e1logo cultural.<\/span><\/p>\n<\/div>\n<p><script>(function(d, s, id) {\n  var js, fjs = d.getElementsByTagName(s)[0];\n  if (d.getElementById(id)) return;\n  js = d.createElement(s); js.id = id;\n  js.src = \"\/\/connect.facebook.net\/es_LA\/sdk.js#xfbml=1&appId=546007945598485&version=v2.3\";\n  fjs.parentNode.insertBefore(js, fjs);\n}(document, 'script', 'facebook-jssdk'));<\/script><\/p>\n","protected":false},"excerpt":{"rendered":"<p>Noticias \u00a0 En el marco de las actividades conmemorativas del D\u00eda Internacional de la Mujer, la Universidad Aut\u00f3noma de Quer\u00e9taro (UAQ), a trav\u00e9s de la Secretar\u00eda de Extensi\u00f3n y Cultura Universitaria (SECU), llev\u00f3 a cabo la inauguraci\u00f3n de la exposici\u00f3n urbano- colectiva \u201cVoces y Ra\u00edces: narrativas femeninas\u201d en la Galer\u00eda Perif\u00e9rica universitaria, un espacio donde [&hellip;]<\/p>\n","protected":false},"author":2,"featured_media":55038,"comment_status":"","ping_status":"","sticky":false,"template":"","format":"standard","meta":{"_monsterinsights_skip_tracking":false,"_monsterinsights_sitenote_active":false,"_monsterinsights_sitenote_note":"","_monsterinsights_sitenote_category":0,"footnotes":""},"categories":[4],"tags":[],"class_list":["post-55037","post","type-post","status-publish","format-standard","has-post-thumbnail","hentry","category-queretaro"],"_links":{"self":[{"href":"https:\/\/informebajio.com.mx\/index.php?rest_route=\/wp\/v2\/posts\/55037","targetHints":{"allow":["GET"]}}],"collection":[{"href":"https:\/\/informebajio.com.mx\/index.php?rest_route=\/wp\/v2\/posts"}],"about":[{"href":"https:\/\/informebajio.com.mx\/index.php?rest_route=\/wp\/v2\/types\/post"}],"author":[{"embeddable":true,"href":"https:\/\/informebajio.com.mx\/index.php?rest_route=\/wp\/v2\/users\/2"}],"replies":[{"embeddable":true,"href":"https:\/\/informebajio.com.mx\/index.php?rest_route=%2Fwp%2Fv2%2Fcomments&post=55037"}],"version-history":[{"count":0,"href":"https:\/\/informebajio.com.mx\/index.php?rest_route=\/wp\/v2\/posts\/55037\/revisions"}],"wp:featuredmedia":[{"embeddable":true,"href":"https:\/\/informebajio.com.mx\/index.php?rest_route=\/wp\/v2\/media\/55038"}],"wp:attachment":[{"href":"https:\/\/informebajio.com.mx\/index.php?rest_route=%2Fwp%2Fv2%2Fmedia&parent=55037"}],"wp:term":[{"taxonomy":"category","embeddable":true,"href":"https:\/\/informebajio.com.mx\/index.php?rest_route=%2Fwp%2Fv2%2Fcategories&post=55037"},{"taxonomy":"post_tag","embeddable":true,"href":"https:\/\/informebajio.com.mx\/index.php?rest_route=%2Fwp%2Fv2%2Ftags&post=55037"}],"curies":[{"name":"wp","href":"https:\/\/api.w.org\/{rel}","templated":true}]}}