{"id":55041,"date":"2026-03-12T02:30:41","date_gmt":"2026-03-12T08:30:41","guid":{"rendered":"https:\/\/informebajio.com.mx\/?p=55041"},"modified":"2026-03-12T02:30:41","modified_gmt":"2026-03-12T08:30:41","slug":"que-las-mujeres-encuentren-su-pasion-y-vocacion-citlalli-galindo","status":"publish","type":"post","link":"https:\/\/informebajio.com.mx\/?p=55041","title":{"rendered":"\u201cQue las mujeres encuentren su pasi\u00f3n y vocaci\u00f3n\u201d: Citlalli Galindo"},"content":{"rendered":"<div>\n<p><span style=\"font-weight: 400;\">Por Lina Salinas<\/span><\/p>\n<p>\u00a0<\/p>\n<p><span style=\"font-weight: 400;\">\u201cEl mes de la mujer deber\u00edan de ser todos los meses y de los hombres tambi\u00e9n. Creo que la manera de conmemorar es justamente esto, recordar que somos piedra, que somos roca, que somos unidad, que somos pareja, que somos hermanas, madres, pareja, comunidad y muchas veces en el mes de la mujer nos olvidamos de la comunidad, aun cuando se marca como si fu\u00e9ramos comunidad\u201d, coment\u00f3 Citlalli Galindo.<\/span><\/p>\n<p>\u00a0<\/p>\n<p><span style=\"font-weight: 400;\">La actriz, productora y directora de teatro coment\u00f3 \u201clas marchas, por qu\u00e9 el contingente de los que llevan infancias y el contingente de los que van de choque y el contingente, porque afortunadamente en esta ciudad no hay grandes desmanes en los que pueda salir m\u00e1s mujeres da\u00f1adas. Por qu\u00e9 hay esta separaci\u00f3n, por cuidado, tendr\u00edamos que tener cuidado unas de otras en lugar de cuidarnos entre nosotras, sin ning\u00fan tipo de separaci\u00f3n, porque t\u00fa eres feminista y yo no, somos mujeres. Tenemos que estar unidas, independientemente de tu ideolog\u00eda, hacia el feminismo. Porque habemos quienes creemos que el feminismo viene desde el nacimiento, desde la cultura, desde el todo\u201d.<\/span><\/p>\n<p>\u00a0<\/p>\n<p><span style=\"font-weight: 400;\">Citlali Galindo es actriz, productora y directora de teatro explica como incursion\u00f3 en el \u00e1mbito donde hoy se desempe\u00f1a \u201cdefinitivamente la pasi\u00f3n, siempre dicen que encontrar tu vocaci\u00f3n, el d\u00eda que t\u00fa encuentras tu vocaci\u00f3n dejas de trabajar para siempre, entonces que encuentras tu vocaci\u00f3n y que te puedas dedicar a ella. La primera vez que yo me par\u00e9 en un teatro como espectador, ese d\u00eda dije yo quiero estar ah\u00ed, yo quiero estar parada de ese lado, era una ni\u00f1a y todav\u00eda en Quer\u00e9taro pues no exist\u00eda una preparaci\u00f3n formal en la actuaci\u00f3n, es por eso que m\u00e1s adelante ya como adulta me fui a preparar a la Ciudad de M\u00e9xico\u201d.<\/span><\/p>\n<p>\u00a0<\/p>\n<p><span style=\"font-weight: 400;\">Citlalli Galindo hablo de los mayores retos que ha enfrentado como mujer en tu trayectoria \u201cel principal reto fue haberme ido a vivir, primero parte de esta trayectoria como actriz y como hacedor de escena estuvo cuando entr\u00e9 al concurso de Nuestra Belleza, yo no hab\u00eda viajado sola, no hab\u00eda salido de mi casa sola, siempre hab\u00eda salido con mi familia o con el grupo de teatro que era gente conocida, pero esa fue la primera vez que tuve que salir sola a otros estados, al evento en s\u00ed estaba sola, pero creo que todav\u00eda m\u00e1s importante fue cuando decid\u00ed irme a la Ciudad de M\u00e9xico a estudiar, a prepararme y a trabajar. Yo no hab\u00eda vivido sola, siempre hab\u00eda vivido en la casa familiar, siempre con mis pap\u00e1s al pendiente de m\u00ed pues una hija de familia como tal, en la que te despiertas y est\u00e1n tu familia, tus hermanos, tus pap\u00e1s y llegas, te vas a la escuela, regresas y hay quien te reciba, quien te pregunte c\u00f3mo te fue, si es que necesitas algo, a qui\u00e9n llamarle y en la Ciudad de M\u00e9xico pues literalmente me fui sola porque no conoc\u00eda a nadie, no ten\u00eda yo a qui\u00e9n recurrir, entonces fue a rascarme con mis propias u\u00f1as y a salir adelante. Gracias a Dios y a toda la suerte del mundo y al apoyo de mi familia pude concretar esta carrera\u201d.<\/span><\/p>\n<p>\u00a0<\/p>\n<p><span style=\"font-weight: 400;\">La actriz, productora y directora coment\u00f3 cual fue el logro profesional que consider\u00f3 que ha marcado un antes y un despu\u00e9s en su vida \u201cdentro de la carrera de actuaci\u00f3n, con el tiempo que ten\u00eda tambi\u00e9n me prepar\u00e9 en lo que es la direcci\u00f3n y la producci\u00f3n, el guionismo y todo lo que es audiovisual, porque en la Ciudad de M\u00e9xico me dediqu\u00e9 a la actuaci\u00f3n para televisi\u00f3n, para cine, para series. Aqu\u00ed en Quer\u00e9taro me dediqu\u00e9 exclusivamente al teatro porque no hab\u00eda otras opciones, entonces estando all\u00e1, adem\u00e1s de trabajar y prepararme como actriz, me dio tiempo de prepararme como productora, como directora y como guionista y entonces creo que el parteaguas fue el momento en el que cuando regres\u00e9 de la Ciudad de M\u00e9xico, en el Patronato de las Fiestas del Estado de Quer\u00e9taro, me dieron la oportunidad de dirigir, de producir, crear y dirigir unos cortometrajes sobre las leyendas, siete cortometrajes sobre las leyendas y nueve las Leyendas Queretanas y nueve cap\u00edtulos sobre la Virgen del Cu\u00e9. Esta fue un parteaguas, porque anteriormente en la Ciudad de M\u00e9xico yo trabajaba como asistente de direcci\u00f3n, como asistente de producci\u00f3n, o sea, yo era asistente, no encabezaba proyectos grandes y pues fue el primero que me permitieron encabezar un proyecto y aparte importante para nuestra ciudad\u201d.<\/span><\/p>\n<p>\u00a0<\/p>\n<p><span style=\"font-weight: 400;\">Citlalli Galindo comparte c\u00f3mo equilibra sus responsabilidades laborales con su vida personal y familia \u201choy la prioridad es sacar adelante un proyecto, entonces le dedicamos al proyecto sacar adelante esta carrera, esta profesi\u00f3n no es de 24-7, hay momentos en los que tienes trabajo, hay momentos en los que planeas un trabajo, hay momentos en que lo est\u00e1s desarrollando, entonces no te ocupa el 100 por ciento de tu tiempo y entonces vamos por d\u00eda, hoy que necesito tener listo, entonces es a lo que me dedico, hoy necesito tener lista mi casa, hacer limpieza, hoy hago limpieza, pero ma\u00f1ana necesito tener un proyecto, entonces lo equilibr\u00f3, la mitad del d\u00eda es para mis cosas personales y la mitad del d\u00eda es para mis proyectos y mi trabajo, entonces vamos con prioridades\u201d.<\/span><\/p>\n<p>\u00a0<\/p>\n<p><span style=\"font-weight: 400;\">\u201cMi mam\u00e1 para m\u00ed ha sido la mejor mam\u00e1 que tuve. Ah\u00ed s\u00ed voy en este, como dice la canci\u00f3n, si volviera a elegir, te elegir\u00eda a ti. Totalmente s\u00ed es verdad esto de que uno elige a sus padres, que es cosa que traen, donde te dicen que los beb\u00e9s eligen en donde van a nacer antes de venir al mundo, si as\u00ed fuera, yo la volver\u00eda a elegir a ella. Mi mam\u00e1 fue mi roca, mi amiga, mi ejemplo, todo, era mi alma gemela, mi madre. Las mujeres para m\u00ed, en mi formaci\u00f3n han sido muy importantes. Claro, mi pap\u00e1 tambi\u00e9n estuvo ah\u00ed, tambi\u00e9n estuvo presente, tambi\u00e9n fue una roca, pero en la \u00e9poca en la que nos toc\u00f3 vivir, pues los pap\u00e1s eran proveedores y las mam\u00e1s eran educadoras. Mi pap\u00e1 desempe\u00f1\u00f3 ese papel, sin embargo, cuando ya no estuvo mam\u00e1, tambi\u00e9n desempe\u00f1\u00f3 el papel de gu\u00eda, tambi\u00e9n con \u00e9l, consultaba con \u00e9l, hablaba con \u00e9l. Curiosamente, ya que no estuvo mam\u00e1, la relaci\u00f3n se estrech\u00f3 y te das cuenta de que tambi\u00e9n son formadores los pap\u00e1s, nada m\u00e1s que de acuerdo a la \u00e9poca en que te toc\u00f3 crecer, se desarrollaban de diferente manera por necesidad\u201d, coment\u00f3 Citlalli Galindo sobre el papel que han jugado otras mujeres en su formaci\u00f3n y crecimiento.<\/span><\/p>\n<p>\u00a0<\/p>\n<p><span style=\"font-weight: 400;\">La actriz, productora y directora de teatro envi\u00f3 un mensaje a las nuevas generaciones de ni\u00f1as y j\u00f3venes queretanas \u201cencuentren su pasi\u00f3n y su vocaci\u00f3n, porque muchas veces nos tenemos algunas, algunas generaciones tienen metido en la cabeza que pues lo m\u00e1s importante es hacer dinero. Yo no digo que no, obviamente tener dinero te facilita muchas cosas, pero si no encuentras qu\u00e9 es lo que verdaderamente te hace feliz, cu\u00e1l es tu vocaci\u00f3n, siento yo que vas a sufrir para siempre porque te est\u00e1s dedicando algo que no te llena. En cambio, cuando te dedicas a lo que te llena, lo que vas a hacer feliz, como dije, el d\u00eda que encuentras tu vocaci\u00f3n dedicada de vida, pues no trabajas un solo d\u00eda de tu vida. Porque vas feliz a d\u00f3nde vas a hacer tu trabajo, a donde vas a desempe\u00f1arte, buscas la manera de mejorar, buscas la manera de hacer equipo, buscas que todo funcione mejor cuando est\u00e1s dedic\u00e1ndote a lo que te gusta hacer\u201d.<\/span><\/p>\n<\/div>\n<p><script>(function(d, s, id) {\n  var js, fjs = d.getElementsByTagName(s)[0];\n  if (d.getElementById(id)) return;\n  js = d.createElement(s); js.id = id;\n  js.src = \"\/\/connect.facebook.net\/es_LA\/sdk.js#xfbml=1&appId=546007945598485&version=v2.3\";\n  fjs.parentNode.insertBefore(js, fjs);\n}(document, 'script', 'facebook-jssdk'));<\/script><\/p>\n","protected":false},"excerpt":{"rendered":"<p>Por Lina Salinas \u00a0 \u201cEl mes de la mujer deber\u00edan de ser todos los meses y de los hombres tambi\u00e9n. Creo que la manera de conmemorar es justamente esto, recordar que somos piedra, que somos roca, que somos unidad, que somos pareja, que somos hermanas, madres, pareja, comunidad y muchas veces en el mes de [&hellip;]<\/p>\n","protected":false},"author":2,"featured_media":55042,"comment_status":"","ping_status":"","sticky":false,"template":"","format":"standard","meta":{"_monsterinsights_skip_tracking":false,"_monsterinsights_sitenote_active":false,"_monsterinsights_sitenote_note":"","_monsterinsights_sitenote_category":0,"footnotes":""},"categories":[4],"tags":[],"class_list":["post-55041","post","type-post","status-publish","format-standard","has-post-thumbnail","hentry","category-queretaro"],"_links":{"self":[{"href":"https:\/\/informebajio.com.mx\/index.php?rest_route=\/wp\/v2\/posts\/55041","targetHints":{"allow":["GET"]}}],"collection":[{"href":"https:\/\/informebajio.com.mx\/index.php?rest_route=\/wp\/v2\/posts"}],"about":[{"href":"https:\/\/informebajio.com.mx\/index.php?rest_route=\/wp\/v2\/types\/post"}],"author":[{"embeddable":true,"href":"https:\/\/informebajio.com.mx\/index.php?rest_route=\/wp\/v2\/users\/2"}],"replies":[{"embeddable":true,"href":"https:\/\/informebajio.com.mx\/index.php?rest_route=%2Fwp%2Fv2%2Fcomments&post=55041"}],"version-history":[{"count":0,"href":"https:\/\/informebajio.com.mx\/index.php?rest_route=\/wp\/v2\/posts\/55041\/revisions"}],"wp:featuredmedia":[{"embeddable":true,"href":"https:\/\/informebajio.com.mx\/index.php?rest_route=\/wp\/v2\/media\/55042"}],"wp:attachment":[{"href":"https:\/\/informebajio.com.mx\/index.php?rest_route=%2Fwp%2Fv2%2Fmedia&parent=55041"}],"wp:term":[{"taxonomy":"category","embeddable":true,"href":"https:\/\/informebajio.com.mx\/index.php?rest_route=%2Fwp%2Fv2%2Fcategories&post=55041"},{"taxonomy":"post_tag","embeddable":true,"href":"https:\/\/informebajio.com.mx\/index.php?rest_route=%2Fwp%2Fv2%2Ftags&post=55041"}],"curies":[{"name":"wp","href":"https:\/\/api.w.org\/{rel}","templated":true}]}}