{"id":55053,"date":"2026-03-12T22:32:09","date_gmt":"2026-03-13T04:32:09","guid":{"rendered":"https:\/\/informebajio.com.mx\/?p=55053"},"modified":"2026-03-12T22:32:09","modified_gmt":"2026-03-13T04:32:09","slug":"27-de-marzo-fecha-limite-para-votar-reforma-judicial","status":"publish","type":"post","link":"https:\/\/informebajio.com.mx\/?p=55053","title":{"rendered":"27 de marzo, fecha l\u00edmite para votar Reforma Judicial"},"content":{"rendered":"<div>\n<p><span style=\"font-weight: 400;\">Diego Hern\u00e1ndez\u00a0<\/span><\/p>\n<p><span style=\"font-weight: 400;\">Noticias<\/span><\/p>\n<p>\u00a0<\/p>\n<p><span style=\"font-weight: 400;\">Georgina Guzm\u00e1n presidenta de la Mesa Directiva del Congreso de Quer\u00e9taro inform\u00f3 que no habr\u00e1 cambios en las Comisiones Unidas c\u00f3mo se mencion\u00f3 con anterioridad, todo con la finalidad de tener una Reforma Judicial votada antes del 27 de marzo.<\/span><\/p>\n<p><span style=\"font-weight: 400;\">\u201cNuestra fecha l\u00edmite para poder sacarla es el 27 de marzo. Entonces nos pusimos ya de acuerdo entre todos los diputados, todas las fracciones. Se va a quedar como ya est\u00e1n, las comisiones unidas, pero para darle avance a la reforma judicial\u201d.<\/span><\/p>\n<p><span style=\"font-weight: 400;\">Fueron diputados de la Cuarta Transformaci\u00f3n quienes pujaron para que estas propuestas fueran analizadas por las comisiones de Participaci\u00f3n Ciudadana, Puntos Constitucionales, Administraci\u00f3n y Procuraci\u00f3n de Justicia y Gobernaci\u00f3n y Asuntos Electorales, todas presididas por el diputado Arturo Maximiliano Garc\u00eda.<\/span><\/p>\n<p><span style=\"font-weight: 400;\">Sin embargo, esto no suceder\u00e1, todo quedar\u00e1 como al inicio y solamente las Comisiones Unidas estar\u00e1n conformadas por Administraci\u00f3n y Procuraci\u00f3n de Justicia y Puntos Constitucionales, presididas por Guillermo Vega Guerrero, c\u00f3mo fue en un inicio.<\/span><\/p>\n<p><span style=\"font-weight: 400;\">Guzm\u00e1n \u00c1lvarez destac\u00f3 que ser\u00e1n d\u00edas marat\u00f3nicos, pero hay el compromiso de todas las partes de sacar una propuesta antes del 27 de marzo, que es la fecha fijada, reconoci\u00f3 que hay algunos malestares por algunos legisladores, no obstante, destac\u00f3 que la mayor\u00eda prioriz\u00f3 dar avance a esta propuesta que permitir\u00e1 la elecci\u00f3n de nuestros juzgadores locales v\u00eda voto popular.<\/span><\/p>\n<p><span style=\"font-weight: 400;\">Congreso va a Huimilpan<\/span><\/p>\n<p><span style=\"font-weight: 400;\">Asimismo, este jueves se tendr\u00e1 sesi\u00f3n de Pleno en el Congreso de Quer\u00e9taro en el Jard\u00edn Principal de Huimilpan que ella representa, destac\u00f3 que es un orgullo llevar dicha sesi\u00f3n a la demarcaci\u00f3n y conozcan el trabajo de los diputados c\u00f3mo tambi\u00e9n que logr\u00f3 ser la presidenta de esta Legislatura.<\/span><\/p>\n<p><span style=\"font-weight: 400;\">\u201cSi ya llegu\u00e9 como diputada y como presidenta de la Mesa, bueno, para m\u00ed ha sido el orgullo m\u00e1s grande. Tambi\u00e9n que mi gente de Huimilpan sepa que su representante fue presidenta de la mesa del Congreso\u201d.<\/span><\/p>\n<p><span style=\"font-weight: 400;\">Se\u00f1al\u00f3 que se tocar\u00e1n 5 puntos que se avizora su aprobaci\u00f3n, ya que son propuestas en las que congenian c\u00f3mo Congreso.<\/span><\/p>\n<p><span style=\"font-weight: 400;\">En ese tenor, se\u00f1al\u00f3 que le hubiera gustado que la Legislatura saliera m\u00e1s a campo para que los queretanos pudieran conocer m\u00e1s de la propuesta, pero qued\u00f3 satisfecha con llevar el Pleno a Huimilpan.<\/span><\/p>\n<\/div>\n<p><script>(function(d, s, id) {\n  var js, fjs = d.getElementsByTagName(s)[0];\n  if (d.getElementById(id)) return;\n  js = d.createElement(s); js.id = id;\n  js.src = \"\/\/connect.facebook.net\/es_LA\/sdk.js#xfbml=1&appId=546007945598485&version=v2.3\";\n  fjs.parentNode.insertBefore(js, fjs);\n}(document, 'script', 'facebook-jssdk'));<\/script><\/p>\n","protected":false},"excerpt":{"rendered":"<p>Diego Hern\u00e1ndez\u00a0 Noticias \u00a0 Georgina Guzm\u00e1n presidenta de la Mesa Directiva del Congreso de Quer\u00e9taro inform\u00f3 que no habr\u00e1 cambios en las Comisiones Unidas c\u00f3mo se mencion\u00f3 con anterioridad, todo con la finalidad de tener una Reforma Judicial votada antes del 27 de marzo. \u201cNuestra fecha l\u00edmite para poder sacarla es el 27 de marzo. [&hellip;]<\/p>\n","protected":false},"author":2,"featured_media":55054,"comment_status":"","ping_status":"","sticky":false,"template":"","format":"standard","meta":{"_monsterinsights_skip_tracking":false,"_monsterinsights_sitenote_active":false,"_monsterinsights_sitenote_note":"","_monsterinsights_sitenote_category":0,"footnotes":""},"categories":[4],"tags":[],"class_list":["post-55053","post","type-post","status-publish","format-standard","has-post-thumbnail","hentry","category-queretaro"],"_links":{"self":[{"href":"https:\/\/informebajio.com.mx\/index.php?rest_route=\/wp\/v2\/posts\/55053","targetHints":{"allow":["GET"]}}],"collection":[{"href":"https:\/\/informebajio.com.mx\/index.php?rest_route=\/wp\/v2\/posts"}],"about":[{"href":"https:\/\/informebajio.com.mx\/index.php?rest_route=\/wp\/v2\/types\/post"}],"author":[{"embeddable":true,"href":"https:\/\/informebajio.com.mx\/index.php?rest_route=\/wp\/v2\/users\/2"}],"replies":[{"embeddable":true,"href":"https:\/\/informebajio.com.mx\/index.php?rest_route=%2Fwp%2Fv2%2Fcomments&post=55053"}],"version-history":[{"count":0,"href":"https:\/\/informebajio.com.mx\/index.php?rest_route=\/wp\/v2\/posts\/55053\/revisions"}],"wp:featuredmedia":[{"embeddable":true,"href":"https:\/\/informebajio.com.mx\/index.php?rest_route=\/wp\/v2\/media\/55054"}],"wp:attachment":[{"href":"https:\/\/informebajio.com.mx\/index.php?rest_route=%2Fwp%2Fv2%2Fmedia&parent=55053"}],"wp:term":[{"taxonomy":"category","embeddable":true,"href":"https:\/\/informebajio.com.mx\/index.php?rest_route=%2Fwp%2Fv2%2Fcategories&post=55053"},{"taxonomy":"post_tag","embeddable":true,"href":"https:\/\/informebajio.com.mx\/index.php?rest_route=%2Fwp%2Fv2%2Ftags&post=55053"}],"curies":[{"name":"wp","href":"https:\/\/api.w.org\/{rel}","templated":true}]}}