{"id":55063,"date":"2026-03-13T08:33:09","date_gmt":"2026-03-13T14:33:09","guid":{"rendered":"https:\/\/informebajio.com.mx\/?p=55063"},"modified":"2026-03-13T08:33:09","modified_gmt":"2026-03-13T14:33:09","slug":"necesitamos-mujeres-osadas-por-nuestra-patria-virginia-hernandez","status":"publish","type":"post","link":"https:\/\/informebajio.com.mx\/?p=55063","title":{"rendered":"Necesitamos mujeres osadas por nuestra patria: Virginia Hern\u00e1ndez"},"content":{"rendered":"<div>\n<h2><span style=\"font-weight: 400;\">La secretaria de la Juventud reflexiona sobre este mes de marzo\u00a0<\/span><\/h2>\n<p><span style=\"font-weight: 400;\">Diego Hern\u00e1ndez\u00a0<\/span><\/p>\n<p><span style=\"font-weight: 400;\">Noticias\u00a0<\/span><\/p>\n<p><span style=\"font-weight: 400;\">Fotos Sixto Picones\u00a0<\/span><\/p>\n<p><span style=\"font-weight: 400;\">En la historia y en la actualidad las mujeres j\u00f3venes se hacen presente en este pa\u00eds y en Quer\u00e9taro, aspecto que tiene a presente Virginia Hern\u00e1ndez, secretaria de la Juventud en la entidad; en entrevista con esta Casa Editorial reflexion\u00f3 sobre el papel de todas las mujeres en nuestra realidad y c\u00f3mo inciden al cambio.<\/span><\/p>\n<p><span style=\"font-weight: 400;\">No obstante, la funcionaria estatal tiene algo presente, necesitamos mujeres osadas, que levanten la voz, Corregidoras. Resalt\u00f3 la relevancia en que las queretanas j\u00f3venes formen parte activa de la vida social del estado.<\/span><\/p>\n<p><span style=\"font-weight: 400;\">\u201cNecesitamos m\u00e1s mujeres corregidoras valientes y osadas por nuestra patria, que quieran levantar la voz y buscar esa libertad\u201d.<\/span><\/p>\n<p><span style=\"font-weight: 400;\">Tuvo la cortes\u00eda de atendernos en las oficinas de la Secretar\u00eda, un edificio innovador y refrescante, a diferencia de d\u00f3nde despachan sus hom\u00f3logos, hacinados en infraestructura de la Colonia, el edificio de la dependencia tiene una infraestructura que usa el espacio de manera inteligente, eso s\u00ed, el olor del bordo del Parque Quer\u00e9taro es penetrante.<\/span><\/p>\n<p><span style=\"font-weight: 400;\">A pesar de la atm\u00f3sfera, Hern\u00e1ndez contin\u00fao con su idea, se\u00f1al\u00f3 que algunas personas les parecer\u00e1 clich\u00e9 nombr\u00f3 a Josefa Ortiz como una de las mujeres que han abonado a su historia personal, pero recientemente ha retomado fuerza su figura.<\/span><\/p>\n<p><span style=\"font-weight: 400;\">Fue en el Grito de Independencia que realiz\u00f3 la presidenta Claudia Sheinbaum Pardo recientemente en el que la nombr\u00f3, pero no c\u00f3mo normalmente se hace, le retir\u00f3 el \u201cde Dom\u00ednguez\u201d y us\u00f3 su nombre actual, esto como una acci\u00f3n para reescribir la historia, bajo esa l\u00ednea, la secretaria de la Juventud destac\u00f3 el papel que tuvo la queretana para la insurgencia.<\/span><\/p>\n<p><span style=\"font-weight: 400;\">No obstante, los tiempos han cambiado, este domingo miles de mujeres se manifestaron en exigencia de cumplimiento de sus derechos y la erradicaci\u00f3n de la violencia machista, momentos de cambio se viven.<\/span><\/p>\n<p><span style=\"font-weight: 400;\">En ese tenor, reconoce que ya hay una diferencia de ideales entre las juventudes, calific\u00f3 que es plural y diversa, donde destac\u00f3 que se debe de entender el origen de cada uno de los j\u00f3venes queretanos y as\u00ed entender su forma de pensar; entender es una de las tareas principales que llevan a cabo.<\/span><\/p>\n<p><span style=\"font-weight: 400;\">\u201cHoy trabajamos con una generaci\u00f3n con ideas muy diferentes, con ideas, yo siempre digo que tenemos una juventud muy plural y muy diversa, y que no podemos s\u00f3lo trabajar para los j\u00f3venes o en este caso para las mujeres de la zona metropolitana, sino que tenemos que entender las necesidades de cada uno de los municipios, y as\u00ed poder construir pol\u00edtica p\u00fablica para adaptar a cada uno de ellos\u201d.<\/span><\/p>\n<p><span style=\"font-weight: 400;\">Virginia Hern\u00e1ndez, es una joven queretana, licenciada en derecho convencida en que el servicio p\u00fablico es una herramienta para generar oportunidades para la poblaci\u00f3n.<\/span><\/p>\n<p><span style=\"font-weight: 400;\">Bajo su liderazgo, la Secretar\u00eda se ha consolidado como una instituci\u00f3n cercana, participativa e incluyente, desarrollando programas enfocados en educaci\u00f3n, emprendimiento, salud mental, participaci\u00f3n social y desarrollo comunitario.<\/span><\/p>\n<p><span style=\"font-weight: 400;\">Uno de los retos es llegar a todos los j\u00f3venes del estado, destac\u00f3 que conforman el 31 por ciento de la poblaci\u00f3n y resalt\u00f3 que son ellos quienes est\u00e1n logrando los cambios correspondientes en el mundo, refiri\u00f3 que ellos c\u00f3mo dependencias buscan acercarse a todos.<\/span><\/p>\n<p><span style=\"font-weight: 400;\">Virginia Hern\u00e1ndez es la funcionaria m\u00e1s joven del Gabinete del gobernador Mauricio Kuri Gonz\u00e1lez, sobre esto platic\u00f3 que ha sido un reto, donde llevar a cabo un equilibrio entre lo laboral y lo mental ha sido dif\u00edcil, no obstante, destac\u00f3 que tiene que servir con el ejemplo.<\/span><\/p>\n<p><span style=\"font-weight: 400;\">\u201cIntento siempre mantener un equilibrio entre mi salud f\u00edsica, mi salud mental, creo que s\u00ed, yo soy la primera en sacar esa bandera de la salud mental, pues hombre, ser la primera en procurar exactamente, en poder tener ese tiempo tambi\u00e9n de calidad con mi familia, y siempre centrarme en el por qu\u00e9 empec\u00e9 esto\u201d.<\/span><\/p>\n<p><span style=\"font-weight: 400;\">Ya en la recta final del sexenio, manifest\u00f3 que se ha realizado una labor importante en materia de salud mental, mencion\u00f3 que se han mantenido cercanos a la poblaci\u00f3n, donde destac\u00f3 que se ha logrado afianzar una de las mejores estrategias de salud mental en el pa\u00eds.<\/span><\/p>\n<p><span style=\"font-weight: 400;\">No obstante, ser mujer y joven es un reto que ha tenido que superar, narr\u00f3 no ha sido una tarea f\u00e1cil, ya que ha sido una constante de tener que demostrar tener las capacidades para estar en la misma mesa donde se toman las decisiones.<\/span><\/p>\n<p><span style=\"font-weight: 400;\">\u201cMuchas veces como mujer joven tienes que demostrar todav\u00eda el doble de tu capacidad, que tienes preparaci\u00f3n, que tienes car\u00e1cter para que tu voz sea tomada en cuenta y con la misma seriedad que con otra persona. Entonces, pues s\u00ed, en una mesa en donde se toman decisiones, pues muchas veces esa es la gran barrera que se tiene en ser escuchada\u201d.<\/span><\/p>\n<p><span style=\"font-weight: 400;\">Tampoco ella se exime de estos dobles est\u00e1ndares que hay para mujeres y hombres, a\u00fan en el servicio p\u00fablico, la mujer tiene que demostrar en todo momento su capacidad de val\u00eda, todav\u00eda queda camino por recorrer por la igualdad de derechos.<\/span><\/p>\n<p><span style=\"font-weight: 400;\">Pero no se desanima por el hecho, destac\u00f3 que m\u00e1s bien es una motivaci\u00f3n ya que no es la \u00fanica y m\u00e1s mujeres van ocupando puestos de decisiones, es por eso que consider\u00f3 que son momentos en el que la mujer debe de esforzarse y seguir ocupando lugares d\u00f3nde es necesaria su presencia.<\/span><\/p>\n<p><span style=\"font-weight: 400;\">\u201cEs una motivaci\u00f3n para poder trabajar con much\u00edsima m\u00e1s disciplina y con convicci\u00f3n, y que cada vez vemos, hoy tenemos un ambiente paritario, entonces cada vez vemos que somos m\u00e1s mujeres tomando espacios en donde se toman decisiones y eso adem\u00e1s implica una gran responsabilidad\u201d.<\/span><\/p>\n<p><span style=\"font-weight: 400;\">Durante el espacio de la entrevista, Virginia Hern\u00e1ndez dio un mensaje a las queretanas j\u00f3venes, en el cual les pidi\u00f3 creer en ellas y en nunca rendirse, donde crean en sus propias ideas y la val\u00eda que tienen; desde su visi\u00f3n no hay sue\u00f1os demasiado grandes que no se puedan cumplir, ya que hay mujeres que las acompa\u00f1an.<\/span><\/p>\n<p><span style=\"font-weight: 400;\">\u201cA las ni\u00f1as y a las j\u00f3venes queretanas les dir\u00eda que crean en su voz, que crean en sus ideas, en su capacidad para poder transformar su entorno, su alrededor, y que no hay sue\u00f1os demasiado grandes en espacios que no puedan ocupar, que realmente luchen por eso que buscan y que no tengan miedo porque existen mujeres que tambi\u00e9n estamos caminando con ellas\u201d.<\/span><\/p>\n<p><span style=\"font-weight: 400;\">Asimismo, se permiti\u00f3 reflexionar sobre este 8 de Marzo en el cual se conmemora la lucha de la mujer por sus derechos, refiri\u00f3 que cada qui\u00e9n lo vive a su manera, pero eso s\u00ed, cree que debe hacer respeto hacia quienes las precedieron y lograron conseguir varios derechos, pero tambi\u00e9n asumir la responsabilidad que son ellas quienes crear\u00e1n los caminos para las mujeres del ma\u00f1ana.<\/span><\/p>\n<p><span style=\"font-weight: 400;\">\u201cCada una vive el 8M a su manera, sin embargo creo que es una fecha que para m\u00ed tiene que haber mucho respeto, sobre todo respeto por la historia de las mujeres que lucharon para que hoy estemos en donde estamos, tambi\u00e9n es un momento para asumir compromiso y responsabilidad, para abrir espacio y abrir oportunidades para las mujeres que vienen\u201d.<\/span><\/p>\n<p><span style=\"font-weight: 400;\">De este modo Virginia Hern\u00e1ndez nos da una visi\u00f3n del contexto actual, d\u00f3nde a\u00fan hay retos para las mujeres y m\u00e1s para las j\u00f3venes pero tambi\u00e9n el deseo de romper con creencias err\u00f3neas y continuar avanzando.<\/span><\/p>\n<\/div>\n<p><script>(function(d, s, id) {\n  var js, fjs = d.getElementsByTagName(s)[0];\n  if (d.getElementById(id)) return;\n  js = d.createElement(s); js.id = id;\n  js.src = \"\/\/connect.facebook.net\/es_LA\/sdk.js#xfbml=1&appId=546007945598485&version=v2.3\";\n  fjs.parentNode.insertBefore(js, fjs);\n}(document, 'script', 'facebook-jssdk'));<\/script><\/p>\n","protected":false},"excerpt":{"rendered":"<p>La secretaria de la Juventud reflexiona sobre este mes de marzo\u00a0 Diego Hern\u00e1ndez\u00a0 Noticias\u00a0 Fotos Sixto Picones\u00a0 En la historia y en la actualidad las mujeres j\u00f3venes se hacen presente en este pa\u00eds y en Quer\u00e9taro, aspecto que tiene a presente Virginia Hern\u00e1ndez, secretaria de la Juventud en la entidad; en entrevista con esta Casa [&hellip;]<\/p>\n","protected":false},"author":2,"featured_media":55064,"comment_status":"","ping_status":"","sticky":false,"template":"","format":"standard","meta":{"_monsterinsights_skip_tracking":false,"_monsterinsights_sitenote_active":false,"_monsterinsights_sitenote_note":"","_monsterinsights_sitenote_category":0,"footnotes":""},"categories":[4],"tags":[],"class_list":["post-55063","post","type-post","status-publish","format-standard","has-post-thumbnail","hentry","category-queretaro"],"_links":{"self":[{"href":"https:\/\/informebajio.com.mx\/index.php?rest_route=\/wp\/v2\/posts\/55063","targetHints":{"allow":["GET"]}}],"collection":[{"href":"https:\/\/informebajio.com.mx\/index.php?rest_route=\/wp\/v2\/posts"}],"about":[{"href":"https:\/\/informebajio.com.mx\/index.php?rest_route=\/wp\/v2\/types\/post"}],"author":[{"embeddable":true,"href":"https:\/\/informebajio.com.mx\/index.php?rest_route=\/wp\/v2\/users\/2"}],"replies":[{"embeddable":true,"href":"https:\/\/informebajio.com.mx\/index.php?rest_route=%2Fwp%2Fv2%2Fcomments&post=55063"}],"version-history":[{"count":0,"href":"https:\/\/informebajio.com.mx\/index.php?rest_route=\/wp\/v2\/posts\/55063\/revisions"}],"wp:featuredmedia":[{"embeddable":true,"href":"https:\/\/informebajio.com.mx\/index.php?rest_route=\/wp\/v2\/media\/55064"}],"wp:attachment":[{"href":"https:\/\/informebajio.com.mx\/index.php?rest_route=%2Fwp%2Fv2%2Fmedia&parent=55063"}],"wp:term":[{"taxonomy":"category","embeddable":true,"href":"https:\/\/informebajio.com.mx\/index.php?rest_route=%2Fwp%2Fv2%2Fcategories&post=55063"},{"taxonomy":"post_tag","embeddable":true,"href":"https:\/\/informebajio.com.mx\/index.php?rest_route=%2Fwp%2Fv2%2Ftags&post=55063"}],"curies":[{"name":"wp","href":"https:\/\/api.w.org\/{rel}","templated":true}]}}