{"id":55081,"date":"2026-03-14T18:53:00","date_gmt":"2026-03-15T00:53:00","guid":{"rendered":"https:\/\/informebajio.com.mx\/?p=55081"},"modified":"2026-03-14T18:53:00","modified_gmt":"2026-03-15T00:53:00","slug":"joan-laporta-el-caso-negreira-estoy-seguro-de-que-el-madrid-tambien-lo-hizo","status":"publish","type":"post","link":"https:\/\/informebajio.com.mx\/?p=55081","title":{"rendered":"Joan Laporta: &quot;\u00bfEl caso Negreira? Estoy seguro de que el Madrid tambi\u00e9n lo hizo&quot;"},"content":{"rendered":"<div>\n<div class=\"ue-c-article__bar-footer\">\n<p><span>Actualizado <\/span><time datetime=\"2026-03-10T08:50:22Z\"> Martes,<br \/>\n10<br \/>\nmarzo<br \/>\n2026<br \/>\n&#8211;<br \/>\n<span>09:50<\/span><\/time><\/p>\n<\/div>\n<\/div>\n<div data-section=\"articleBody\">\n<p class=\"ue-c-article__paragraph\">La irrupci\u00f3n de <strong>Xavi Hern\u00e1ndez<\/strong> en la campa\u00f1a electoral para la presidencia del FC Barcelona agit\u00f3 el debate a una semana de la celebraci\u00f3n de los comicios de este domingo. El ex entrenador del equipo, que gan\u00f3 una Liga y una Supercopa de Espa\u00f1a antes de ser relevado por <strong>Hansi Flick<\/strong>, responsabiliz\u00f3 a <strong>Joan Laporta<\/strong> de que Leo Messi no regresase al club azulgrana en 2023, en una entrevista a <i>La Vanguardia<\/i>. <\/p>\n<p class=\"ue-c-article__paragraph\">Laporta, favorito para mantenerse en el cargo frente a <strong>V\u00edctor Font<\/strong>, \u00fanico opositor, estuvo en la noche de este martes en <i>El Partidazo<\/i>, programa de la cadena COPE, para rendir cuentas de su gesti\u00f3n y replicar a los ataques de sus cr\u00edticos, entre los que se erigi\u00f3 Xavi Hern\u00e1ndez, decepcionado por el trato que recibi\u00f3 por el hombre que le llev\u00f3 al banquillo. <\/p>\n<p class=\"ue-c-article__paragraph\">&#8220;Seguimos el ritmo de actos. No noto un incremento especial de la intensidad de la campa\u00f1a&#8221;, comenz\u00f3. &#8220;Hubo un momento en el que quer\u00eda explicar nuestro proyecto de manera natural a los barcelonistas de a pie, a diferencia del candidato opositor, V\u00edctor Font. Nos encontramos un estadio muy deteriorado y un equipo que no ganaba. Ahora tenemos un estadio nuevo y un equipo que gana&#8221;.<\/p>\n<p class=\"ue-c-article__paragraph\">Respecto a Xavi, dijo: &#8220;El se\u00f1or Font ha utilizado a una leyenda como \u00e9l. para ir a hacer da\u00f1o y no les ha salido bien. Su din\u00e1mica era perdedora y la de Flic\u00a1k, ganadora&#8221;.<\/p>\n<p class=\"ue-c-article__paragraph\">&#8220;Lo de<strong> Messi<\/strong> fue con luz y taqu\u00edgrafos. Su padre vino a casa meses despu\u00e9s tras enviarle un contrato y me dijo que hab\u00edan decidido que estar\u00edan mejor en Miami. Esto no aporta nada al debate electoral. Siempre he ido de cara con Xavi y me he mojado por \u00e9l. Esta manera de actuar decepciona&#8221;, explic\u00f3.<\/p>\n<p class=\"ue-c-article__paragraph\">&#8220;Con Flick habl\u00e9 en 2021, pero ten\u00eda un acuerdo con la selecci\u00f3n alemana. A partir del momento en el que Xavi dice que se tiene que ir al final de la temporada, en febrero, nos empezamos a mover. Despu\u00e9s Xavi dice que se quiere quedar y que har\u00e1 al equipo campe\u00f3n, y m\u00e1s adelante dice que con ese equipo no puede competir&#8221;.<\/p>\n<h2 class=\"ue-c-article__subheadline\">La gesti\u00f3n econ\u00f3mica<\/h2>\n<p class=\"ue-c-article__paragraph\">El candidato a la presidencia del Barcelona sac\u00f3 pecho de la gesti\u00f3n econ\u00f3mica que ha hecho en su \u00faltimo mandato. &#8220;Hemos reducido en 200 millones la deuda. Hemos reducido la masa salarial, que era un 98% de los ingresos del club, a un 54%.La Liga ve que el Barcelona tiene una evoluci\u00f3n positiva. Hemos renovado a todos los jugadores j\u00f3venes, gracias al excelente trabajo de <strong>Deco<\/strong>. Nos hemos salido del uno-uno, pero estamos cerca de recuperar ese uno-uno. Es uno de nuestros objetivos&#8221;.<\/p>\n<p class=\"ue-c-article__paragraph\">Respecto al supuesto cuestionamiento de la continuidad de Flick en caso de que gane las elecciones V\u00edctor Font, coment\u00f3: &#8220;Flick est\u00e1 feliz en el Barcelona. Font dice que va a sacar a Deco. Flick ya ha dicho que sin \u00e9l no se sentir\u00eda a gusto. Font se ha convertido en el peligro n\u00famero 1 para la estabilidad del Barcelona. Quiere a tres personas para que hagan el trabajo de uno. No tiene proyecto deportivo. Vamos primeros en la Liga, con cuatro puntos, jugamos en octavos de la Champions con el Newcastle, hemos ganado la Supercopa, perdimos una eliminatoria magn\u00edfica ante el Atl\u00e9tico de Madrid en la Copa del Rey. No podemos poner el club en manos de V\u00edctor Font&#8221;.<\/p>\n<p class=\"ue-c-article__paragraph\">Otra de las personas a las que comprometi\u00f3 Xavi fue <strong>Alejandro Echevarr\u00eda<\/strong>, en cuya defensa se posicion\u00f3 Laporta. &#8220;Alejandro Echevarr\u00eda es una persona de mi m\u00e1xima confianza. Siempre ha velado por el equilibrio del vestuario. Es valiente, \u00edntegro. Sabe resolver conflictos. No cobra del club. A m\u00ed me toca liderar tras conocer las opiniones de las personas en las que conf\u00edo. Personas como \u00e9l nos ayudan a mandar. Es ruin hacerme da\u00f1o a m\u00ed atacando a una persona a la que aprecio Tanto Alejandro como <strong>Rafa Yuste<\/strong> defendieron a Xavi hasta el final, hasta que dijo que no \u00edbamos a ser competitivos y que no estaba conforme con la plantilla&#8221;.<\/p>\n<p class=\"ue-c-article__paragraph\">Tambi\u00e9n hubo tiempo para su lado victimista y uno de los lemas de su campa\u00f1a. &#8220;Contra todo y contra todos es una expresi\u00f3n para ilustrar lo que nos est\u00e1 pasando estos a\u00f1os. El club estaba intervenido, le dejaron hacer unas cosas con la voluntad de que se llegara a este extremo. Ha habido una campa\u00f1a de desprestigio institucional que se ha hecho contra el Barcelona desde Madrid por el <i>caso Negreira<\/i>. Lo que hizo el Barsa es absolutamente legal. Se pagaba a una empresa que ya nos la encontramos en 2003. Estoy seguro de que el Madrid tambi\u00e9n lo hizo. Quieren condenarnos antes de juzgarnos. Ahora se est\u00e1 internalizando en los clubes, es un trabajo que hacen profesionales. Durante 72 a\u00f1os, el comit\u00e9 t\u00e9cnico de \u00e1rbitros ha estado presidido por personas relacionadas con el Real Madrid&#8221;.<\/p>\n<p class=\"ue-c-article__paragraph\">Mantuvo su discurso sobre las actuaciones arbitrales esta temporada. &#8220;Desgraciadamente, no se equivocan mucho a favor del Barsa, pero cuando nuestro rival directo est\u00e1 en un bache en alg\u00fan momento les ayudan&#8221;.<\/p>\n<hr class=\"mid-script\" data-ue-cxid=\"cx_83a9b88a949e8d5637b6e6fe389963468546b555\" data-ue-is-premium=\"false\" data-ue-is-basic=\"true\" data-ue-is-mobile=\"false\" style=\"display:none\"\/><\/div>\n<p><script type=\"text\/javascript\">\n    var utag_data = {};\n    window.addEventListener('ue-dfp-loaded', (s) => {\n        let urls = [\n            {\n                url: 'https:\/\/tags.tiqcdn.com\/utag\/unidadeditorial\/elmundo\/prod\/utag.sync.js'\n            },\n            {\n                url: 'https:\/\/tags.tiqcdn.com\/utag\/unidadeditorial\/elmundo\/prod\/utag.js'\n            },\n            {\n                url: '\/\/e00-elmundo.uecdn.es\/js\/uecomscore_cmp_event.js'\n            },\n            {\n                url: 'https:\/\/cdn.permutive.com\/10453011-272d-49cd-9043-1964fdb36fd8-web.js'\n            },\n            {\n                url: '\/\/e00-ue.uecdn.es\/piano\/ue-piano-ba673f74df6e99378589.min.js'\n            },\n            {\n                url: 'https:\/\/e00-ue.uecdn.es\/zeotap\/ue-zeotap.min.js'\n            }\n        ]<\/p>\n<p>        urls.forEach((item) => {\n            let a, b, c, d, e;\n            a = item.url;\n            b = document;\n            c = 'script';\n            d = b.createElement(c);\n            d.src = a;\n            d.type = 'text\/java' + c;\n            d.async = !0;\n            d.onload = item.callback ? item.callback : null;\n            e = b.getElementsByTagName(c)[0];\n            e.parentNode.insertBefore(d, e);\n        });<\/p>\n<p>        let taboolaIsRun = false;<\/p>\n<p>        function taboola_loader() {\n            if (taboolaIsRun) {\n                return;\n            }\n            taboolaIsRun = true;\n            window._taboola = window._taboola || [];\n            const mainElement = document.querySelector(\"main\");\n            if(mainElement.dataset.ueContentType === \"noticia-especial\") {\n                _taboola.push({ other: 'auto', tracking: 'intcmp=BOOREC&taboola_source=taboola&taboola_medium=internal-referral' });\n            } else {\n                _taboola.push({ article: 'auto', tracking: 'intcmp=BOOREC&taboola_source=taboola&taboola_medium=internal-referral' });\n            }\n            !function (e, f, u, i) {\n                if (!document.getElementById(i)) {\n                    e.async = 1;\n                    e.src = u;\n                    e.id = i;\n                    f.parentNode.insertBefore(e, f);\n                }\n            }(document.createElement('script'), document.getElementsByTagName('script')[0], '\/\/cdn.taboola.com\/libtrc\/unidadeditorial-elmundo\/loader.js', 'tb_loader_script');\n            if (window.performance && typeof window.performance.mark == 'function') { window.performance.mark('tbl_ic'); }\n        }<\/p>\n<p>        window.loadTaboola = () => {\n            window.didomiOnReady = window.didomiOnReady || [];\n            window.didomiOnReady.push(function (Didomi) {\n                if (Didomi.getUserStatusForVendor(42)) {\n                taboola_loader();\n                } else {\n                window.addEventListener(\"ueConsentChanged\", () => {\n                    if (Didomi.getUserStatusForVendor(42)) {\n                    taboola_loader();\n                    }\n                });\n                }\n            });\n        }<\/p>\n<p>        var cookieList = document.cookie.split(';');\n        cookieList.forEach(function (item) {\n            if (typeof item == \"string\" && item.indexOf(\"REGMUNDO\") != -1) {\n                var ifr_seed = document.createElement(\"iframe\");\n                ifr_seed.src = \"https:\/\/5214106.fls.doubleclick.net\/activityi;src=5214106;type=corp;cat=regis00;dc_lat=;dc_rdid=;tag_for_child_directed_treatment=;ord=\" + Math.random() * 1000000000000 + \"?\";\n                ifr_seed.width = \"1\";\n                ifr_seed.height = \"1\";\n                ifr_seed.style.display = \"none\";\n                ifr_seed.setAttribute(\"frameborder\", \"0\");\n                var node = document.body.getElementsByTagName(\"script\")[0];\n                node.parentNode.insertBefore(ifr_seed, node);\n            }\n        });<\/p>\n<p>        (function (d, s, id) {\n            var js, fjs = d.getElementsByTagName(s)[0];\n            if (d.getElementById(id)) return;\n            js = d.createElement(s);\n            js.id = id;\n            js.src = \"\/\/connect.facebook.net\/es_ES\/sdk.js#xfbml=1&version=v2.8&appId=279395918757488&status=true&cookie=true\";\n            fjs.parentNode.insertBefore(js, fjs);\n        }(document, 'script', 'facebook-jssdk'));\n    });\n<\/script><\/p>\n","protected":false},"excerpt":{"rendered":"<p>Actualizado Martes, 10 marzo 2026 &#8211; 09:50 La irrupci\u00f3n de Xavi Hern\u00e1ndez en la campa\u00f1a electoral para la presidencia del FC Barcelona agit\u00f3 el debate a una semana de la celebraci\u00f3n de los comicios de este domingo. El ex entrenador del equipo, que gan\u00f3 una Liga y una Supercopa de Espa\u00f1a antes de ser relevado [&hellip;]<\/p>\n","protected":false},"author":2,"featured_media":55082,"comment_status":"","ping_status":"","sticky":false,"template":"","format":"standard","meta":{"_monsterinsights_skip_tracking":false,"_monsterinsights_sitenote_active":false,"_monsterinsights_sitenote_note":"","_monsterinsights_sitenote_category":0,"footnotes":""},"categories":[9],"tags":[],"class_list":["post-55081","post","type-post","status-publish","format-standard","has-post-thumbnail","hentry","category-deportes"],"_links":{"self":[{"href":"https:\/\/informebajio.com.mx\/index.php?rest_route=\/wp\/v2\/posts\/55081","targetHints":{"allow":["GET"]}}],"collection":[{"href":"https:\/\/informebajio.com.mx\/index.php?rest_route=\/wp\/v2\/posts"}],"about":[{"href":"https:\/\/informebajio.com.mx\/index.php?rest_route=\/wp\/v2\/types\/post"}],"author":[{"embeddable":true,"href":"https:\/\/informebajio.com.mx\/index.php?rest_route=\/wp\/v2\/users\/2"}],"replies":[{"embeddable":true,"href":"https:\/\/informebajio.com.mx\/index.php?rest_route=%2Fwp%2Fv2%2Fcomments&post=55081"}],"version-history":[{"count":0,"href":"https:\/\/informebajio.com.mx\/index.php?rest_route=\/wp\/v2\/posts\/55081\/revisions"}],"wp:featuredmedia":[{"embeddable":true,"href":"https:\/\/informebajio.com.mx\/index.php?rest_route=\/wp\/v2\/media\/55082"}],"wp:attachment":[{"href":"https:\/\/informebajio.com.mx\/index.php?rest_route=%2Fwp%2Fv2%2Fmedia&parent=55081"}],"wp:term":[{"taxonomy":"category","embeddable":true,"href":"https:\/\/informebajio.com.mx\/index.php?rest_route=%2Fwp%2Fv2%2Fcategories&post=55081"},{"taxonomy":"post_tag","embeddable":true,"href":"https:\/\/informebajio.com.mx\/index.php?rest_route=%2Fwp%2Fv2%2Ftags&post=55081"}],"curies":[{"name":"wp","href":"https:\/\/api.w.org\/{rel}","templated":true}]}}