{"id":55083,"date":"2026-03-14T19:36:56","date_gmt":"2026-03-15T01:36:56","guid":{"rendered":"https:\/\/informebajio.com.mx\/?p=55083"},"modified":"2026-03-14T19:36:56","modified_gmt":"2026-03-15T01:36:56","slug":"sin-denuncias-por-agresion-a-mujer-durante-marcha-del-8m-en-queretaro","status":"publish","type":"post","link":"https:\/\/informebajio.com.mx\/?p=55083","title":{"rendered":"Sin denuncias por agresi\u00f3n a mujer durante marcha del 8M en Quer\u00e9taro"},"content":{"rendered":"<div>\n<p><span style=\"font-weight: 400;\">Nayeli Hern\u00e1ndez\u00a0<\/span><\/p>\n<p><span style=\"font-weight: 400;\">Noticias\u00a0<\/span><\/p>\n<p>\u00a0<\/p>\n<p><span style=\"font-weight: 400;\">Tras la agresi\u00f3n a una mujer ocurrida durante la marcha del 8 de marzo en Quer\u00e9taro, la Fiscal\u00eda General del Estado (FGE) inform\u00f3 que hasta ahora no se ha presentado una denuncia formal por estos hechos.<\/span><\/p>\n<p><span style=\"font-weight: 400;\">El fiscal general, V\u00edctor de Jes\u00fas Hern\u00e1ndez, indic\u00f3 que la instituci\u00f3n mantiene una postura de cero tolerancia ante cualquier tipo de violencia contra las mujeres y asegur\u00f3 que, en caso de que se formalice la denuncia, se aplicar\u00e1n los protocolos correspondientes con perspectiva de g\u00e9nero.<\/span><\/p>\n<p><span style=\"font-weight: 400;\">Cabe recordar que durante la movilizaci\u00f3n por el D\u00eda Internacional de la Mujer, un hombre agredi\u00f3 a una mujer integrante del denominado \u201cbloque negro\u201d, luego de que se le pidiera en repetidas ocasiones dejar de tomar fotograf\u00edas y retirarse de la marcha, la cual fue convocada \u00fanicamente para mujeres y menores de edad.<\/span><\/p>\n<p><span style=\"font-weight: 400;\">El fiscal explic\u00f3 que, si se presenta una querella, se iniciar\u00e1n las acciones necesarias para identificar y detener al responsable con prontitud.<\/span><\/p>\n<p><span style=\"font-weight: 400;\">Al ser cuestionado sobre denuncias de madres que se\u00f1alan presuntos retrasos en carpetas de investigaci\u00f3n relacionadas con violencia sexual infantil, el fiscal asegur\u00f3 que el objetivo de la FGE es judicial izar todos los asuntos que constituyan una conducta delictiva.<\/span><\/p>\n<p><span style=\"font-weight: 400;\">\u201cLa perspectiva y el objetivo de la Fiscal\u00eda es judicializar todos aquellos asuntos en los que se pueda identificar que se consum\u00f3 una conducta delictiva y m\u00e1s involucra a una persona que forma parte de la categor\u00eda de ni\u00f1o, ni\u00f1a o adolescente. Nosotros no estamos tolerando ning\u00fan comportamiento y la instrucci\u00f3n por el contrario ha sido fortalecer las capacidades de la unidad 4 que es la encargada de conocer de este tipo de asuntos y tem\u00e1ticas\u201d, afirm\u00f3.\u00a0<\/span><\/p>\n<p><span style=\"font-weight: 400;\">Agreg\u00f3 que adem\u00e1s el estado cuenta con una fiscal\u00eda especializada en violencia de g\u00e9nero en contra de las mujeres, por lo que neg\u00f3 que exista una instrucci\u00f3n de mantener o generar un retraso injustificado en la integraci\u00f3n de carpetas.<\/span><\/p>\n<p><span style=\"font-weight: 400;\">\u201cPor el contrario, hemos demostrado que la fiscal\u00eda y en esta gesti\u00f3n, se ha destacado por su operatividad intensa e incluso en el marco de la estrategia sinergia nosotros hemos establecido objetivos espec\u00edficos para llevar a cabo la cumplimentaci\u00f3n de diversas \u00f3rdenes de aprehensi\u00f3n por violencia de g\u00e9nero, por violaci\u00f3n, por delitos de \u00edndole sexual en perjuicio obviamente tanto de mujeres como de menores\u201d, agreg\u00f3.\u00a0<\/span><\/p>\n<p><span style=\"font-weight: 400;\">Sobre los se\u00f1alamientos dirigidos a la Unidad 4 por presuntos actos de revictimizaci\u00f3n o atenci\u00f3n inadecuada a v\u00edctimas, el fiscal asegur\u00f3 que la instituci\u00f3n mantiene apertura para escuchar y atender a quienes denuncien alg\u00fan delito.<\/span><\/p>\n<p><span style=\"font-weight: 400;\">Finalmente, reiter\u00f3 que la fiscal\u00eda continuar\u00e1 trabajando en el fortalecimiento de las \u00e1reas especializadas para atender delitos relacionados con violencia de g\u00e9nero y contra menores de edad.<\/span><\/p>\n<\/div>\n<p><script>(function(d, s, id) {\n  var js, fjs = d.getElementsByTagName(s)[0];\n  if (d.getElementById(id)) return;\n  js = d.createElement(s); js.id = id;\n  js.src = \"\/\/connect.facebook.net\/es_LA\/sdk.js#xfbml=1&appId=546007945598485&version=v2.3\";\n  fjs.parentNode.insertBefore(js, fjs);\n}(document, 'script', 'facebook-jssdk'));<\/script><\/p>\n","protected":false},"excerpt":{"rendered":"<p>Nayeli Hern\u00e1ndez\u00a0 Noticias\u00a0 \u00a0 Tras la agresi\u00f3n a una mujer ocurrida durante la marcha del 8 de marzo en Quer\u00e9taro, la Fiscal\u00eda General del Estado (FGE) inform\u00f3 que hasta ahora no se ha presentado una denuncia formal por estos hechos. El fiscal general, V\u00edctor de Jes\u00fas Hern\u00e1ndez, indic\u00f3 que la instituci\u00f3n mantiene una postura de [&hellip;]<\/p>\n","protected":false},"author":2,"featured_media":55084,"comment_status":"","ping_status":"","sticky":false,"template":"","format":"standard","meta":{"_monsterinsights_skip_tracking":false,"_monsterinsights_sitenote_active":false,"_monsterinsights_sitenote_note":"","_monsterinsights_sitenote_category":0,"footnotes":""},"categories":[4],"tags":[],"class_list":["post-55083","post","type-post","status-publish","format-standard","has-post-thumbnail","hentry","category-queretaro"],"_links":{"self":[{"href":"https:\/\/informebajio.com.mx\/index.php?rest_route=\/wp\/v2\/posts\/55083","targetHints":{"allow":["GET"]}}],"collection":[{"href":"https:\/\/informebajio.com.mx\/index.php?rest_route=\/wp\/v2\/posts"}],"about":[{"href":"https:\/\/informebajio.com.mx\/index.php?rest_route=\/wp\/v2\/types\/post"}],"author":[{"embeddable":true,"href":"https:\/\/informebajio.com.mx\/index.php?rest_route=\/wp\/v2\/users\/2"}],"replies":[{"embeddable":true,"href":"https:\/\/informebajio.com.mx\/index.php?rest_route=%2Fwp%2Fv2%2Fcomments&post=55083"}],"version-history":[{"count":0,"href":"https:\/\/informebajio.com.mx\/index.php?rest_route=\/wp\/v2\/posts\/55083\/revisions"}],"wp:featuredmedia":[{"embeddable":true,"href":"https:\/\/informebajio.com.mx\/index.php?rest_route=\/wp\/v2\/media\/55084"}],"wp:attachment":[{"href":"https:\/\/informebajio.com.mx\/index.php?rest_route=%2Fwp%2Fv2%2Fmedia&parent=55083"}],"wp:term":[{"taxonomy":"category","embeddable":true,"href":"https:\/\/informebajio.com.mx\/index.php?rest_route=%2Fwp%2Fv2%2Fcategories&post=55083"},{"taxonomy":"post_tag","embeddable":true,"href":"https:\/\/informebajio.com.mx\/index.php?rest_route=%2Fwp%2Fv2%2Ftags&post=55083"}],"curies":[{"name":"wp","href":"https:\/\/api.w.org\/{rel}","templated":true}]}}