{"id":55089,"date":"2026-03-15T20:39:51","date_gmt":"2026-03-16T02:39:51","guid":{"rendered":"https:\/\/informebajio.com.mx\/?p=55089"},"modified":"2026-03-15T20:39:51","modified_gmt":"2026-03-16T02:39:51","slug":"brutal-choque-de-frente","status":"publish","type":"post","link":"https:\/\/informebajio.com.mx\/?p=55089","title":{"rendered":"Brutal choque de frente"},"content":{"rendered":"<div>\n<p><span style=\"font-weight: 400;\">Cuatro personas resultaron lesionadas, una de ellas de gravedad, al quedar prensada entre los fierros retorcidos de una de las unidades<\/span><\/p>\n<p>\u00a0<\/p>\n<p><span style=\"font-weight: 400;\">Por Nicasio Mendoza\u00a0<\/span><\/p>\n<p><span style=\"font-weight: 400;\">Noticias\u00a0<\/span><\/p>\n<p><span style=\"font-weight: 400;\">Tres personas lesionadas y una m\u00e1s prensada, fue el saldo de un fuerte choque frontal, entre un autom\u00f3vil y una camioneta. El accidente ocurri\u00f3 la tarde de ayer en el cruce de las carreteras Palmillas libre a Toluca y la entrada a Acambay, en territorio de dicho municipio del Estado de M\u00e9xico.<\/span><\/p>\n<p><span style=\"font-weight: 400;\">Los veh\u00edculos involucrados en la colisi\u00f3n fueron una camioneta marca Ford tipo pick-up, color azul marino, con placas de circulaci\u00f3n del Estado de M\u00e9xico, as\u00ed como un autom\u00f3vil marca Chevrolet, color gris, tambi\u00e9n con l\u00e1minas de circulaci\u00f3n para esa entidad.<\/span><\/p>\n<p><span style=\"font-weight: 400;\">Aunque las causas del accidente se desconocen, todo parece indicar que alguno de los conductores no cedi\u00f3 el paso, lo que provoc\u00f3 el fuerte impacto.<\/span><\/p>\n<p><span style=\"font-weight: 400;\">Derivado del choque, cuatro personas resultaron lesionadas, una de ellas de gravedad, quien qued\u00f3 prensada entre los fierros retorcidos de una de las unidades.<\/span><\/p>\n<p><span style=\"font-weight: 400;\">Param\u00e9dicos y bomberos voluntarios del Estado de M\u00e9xico arribaron al lugar del accidente, donde se enfocaron en el rescate y auxilio de los heridos. Los cuatro lesionados fueron trasladados a un hospital al municipio de Atlacomulco, donde quedaron internados, para descartar lesiones de mayor consideraci\u00f3n .<\/span><\/p>\n<p><span style=\"font-weight: 400;\">Elementos de la Guardia Nacional -Divisi\u00f3n Carreteras, estaci\u00f3n Estado de M\u00e9xico- tomaron conocimiento del hecho. Debido a que hubo personas lesionadas que fueron trasladadas al hospital, ambas unidades siniestradas fueron retiradas con apoyo de gr\u00faas y llevadas a un corral\u00f3n, en espera de que se deslinden responsabilidades.<\/span><\/p>\n<p><br style=\"font-weight: 400;\"\/>\u00a0<img fetchpriority=\"high\" decoding=\"async\" class=\"alignnone size-medium wp-image-716822\" src=\"https:\/\/cdn.noticiasdequeretaro.com.mx\/wp-content\/uploads\/2026\/03\/15101700\/FUERTE-choque-600x386.jpg\" alt=\"\" width=\"600\" height=\"386\" srcset=\"https:\/\/cdn.noticiasdequeretaro.com.mx\/wp-content\/uploads\/2026\/03\/15101700\/FUERTE-choque-600x386.jpg 600w, https:\/\/cdn.noticiasdequeretaro.com.mx\/wp-content\/uploads\/2026\/03\/15101700\/FUERTE-choque-1024x659.jpg 1024w, https:\/\/cdn.noticiasdequeretaro.com.mx\/wp-content\/uploads\/2026\/03\/15101700\/FUERTE-choque-300x193.jpg 300w, https:\/\/cdn.noticiasdequeretaro.com.mx\/wp-content\/uploads\/2026\/03\/15101700\/FUERTE-choque-768x494.jpg 768w, https:\/\/cdn.noticiasdequeretaro.com.mx\/wp-content\/uploads\/2026\/03\/15101700\/FUERTE-choque.jpg 1280w\" sizes=\"(max-width: 600px) 100vw, 600px\"\/><\/p>\n<\/div>\n<p><script>(function(d, s, id) {\n  var js, fjs = d.getElementsByTagName(s)[0];\n  if (d.getElementById(id)) return;\n  js = d.createElement(s); js.id = id;\n  js.src = \"\/\/connect.facebook.net\/es_LA\/sdk.js#xfbml=1&appId=546007945598485&version=v2.3\";\n  fjs.parentNode.insertBefore(js, fjs);\n}(document, 'script', 'facebook-jssdk'));<\/script><\/p>\n","protected":false},"excerpt":{"rendered":"<p>Cuatro personas resultaron lesionadas, una de ellas de gravedad, al quedar prensada entre los fierros retorcidos de una de las unidades \u00a0 Por Nicasio Mendoza\u00a0 Noticias\u00a0 Tres personas lesionadas y una m\u00e1s prensada, fue el saldo de un fuerte choque frontal, entre un autom\u00f3vil y una camioneta. El accidente ocurri\u00f3 la tarde de ayer en [&hellip;]<\/p>\n","protected":false},"author":2,"featured_media":55090,"comment_status":"","ping_status":"","sticky":false,"template":"","format":"standard","meta":{"_monsterinsights_skip_tracking":false,"_monsterinsights_sitenote_active":false,"_monsterinsights_sitenote_note":"","_monsterinsights_sitenote_category":0,"footnotes":""},"categories":[4],"tags":[],"class_list":["post-55089","post","type-post","status-publish","format-standard","has-post-thumbnail","hentry","category-queretaro"],"_links":{"self":[{"href":"https:\/\/informebajio.com.mx\/index.php?rest_route=\/wp\/v2\/posts\/55089","targetHints":{"allow":["GET"]}}],"collection":[{"href":"https:\/\/informebajio.com.mx\/index.php?rest_route=\/wp\/v2\/posts"}],"about":[{"href":"https:\/\/informebajio.com.mx\/index.php?rest_route=\/wp\/v2\/types\/post"}],"author":[{"embeddable":true,"href":"https:\/\/informebajio.com.mx\/index.php?rest_route=\/wp\/v2\/users\/2"}],"replies":[{"embeddable":true,"href":"https:\/\/informebajio.com.mx\/index.php?rest_route=%2Fwp%2Fv2%2Fcomments&post=55089"}],"version-history":[{"count":0,"href":"https:\/\/informebajio.com.mx\/index.php?rest_route=\/wp\/v2\/posts\/55089\/revisions"}],"wp:featuredmedia":[{"embeddable":true,"href":"https:\/\/informebajio.com.mx\/index.php?rest_route=\/wp\/v2\/media\/55090"}],"wp:attachment":[{"href":"https:\/\/informebajio.com.mx\/index.php?rest_route=%2Fwp%2Fv2%2Fmedia&parent=55089"}],"wp:term":[{"taxonomy":"category","embeddable":true,"href":"https:\/\/informebajio.com.mx\/index.php?rest_route=%2Fwp%2Fv2%2Fcategories&post=55089"},{"taxonomy":"post_tag","embeddable":true,"href":"https:\/\/informebajio.com.mx\/index.php?rest_route=%2Fwp%2Fv2%2Ftags&post=55089"}],"curies":[{"name":"wp","href":"https:\/\/api.w.org\/{rel}","templated":true}]}}