{"id":55095,"date":"2026-03-16T06:41:02","date_gmt":"2026-03-16T12:41:02","guid":{"rendered":"https:\/\/informebajio.com.mx\/?p=55095"},"modified":"2026-03-16T06:41:02","modified_gmt":"2026-03-16T12:41:02","slug":"apoya-sedesu-a-carniteros-de-santa-rosa-jauregui-tras-feria-de-las-carnitas","status":"publish","type":"post","link":"https:\/\/informebajio.com.mx\/?p=55095","title":{"rendered":"Apoya SEDESU a carniteros de Santa Rosa J\u00e1uregui tras Feria de las Carnitas"},"content":{"rendered":"<div>\n<p><span style=\"font-weight: 400;\">Howard Salas\u00a0<\/span><\/p>\n<p><span style=\"font-weight: 400;\">Noticias<\/span><\/p>\n<p>\u00a0<\/p>\n<p><span style=\"font-weight: 400;\">Dentro del marco de la Feria de la Carnitas,\u00a0 por la conmemoraci\u00f3n por los 273 a\u00f1os de Santa Rosa J\u00e1uregui, Marco del Prete enfatiz\u00f3 su apoyo a los negocios de Carnitas, siendo que, derivado de la edici\u00f3n anterior de esta misma festiva, 8 carniteros recibieron un apoyo directo por parte de SEDESU.\u00a0<\/span><\/p>\n<p><span style=\"font-weight: 400;\">\u201cA ra\u00edz del a\u00f1o pasado, que estuvimos con ellos en la primera edici\u00f3n (\u2026) ocho aplicaron para un apoyo directo econ\u00f3mico a sus negocios\u201d inform\u00f3 el funcionario.\u00a0<\/span><\/p>\n<p><span style=\"font-weight: 400;\">Indic\u00f3 que entre las principales necesidades de los carniteros, est\u00e1 la adquisici\u00f3n de nuevo equipo, as\u00ed como el reforzamiento de sus negocios. Del mismo modo, recalc\u00f3 que el prop\u00f3sito de su secretaria es impulsar el desarrollo econ\u00f3mico a trav\u00e9s del cuidado del medio ambiente, partiendo de peque\u00f1os negocios, como lo son los puestos de Carnitas.\u00a0<\/span><\/p>\n<p><span style=\"font-weight: 400;\">\u201cVen\u00eda platicando con algunos comerciantes que buscan comprar equipo para fortalecer su negocio, y de esa manera es como apoyamos a los negocios locales. La funci\u00f3n de la Secretar\u00eda de Desarrollo Sustentable es promover el desarrollo econ\u00f3mico a trav\u00e9s del cuidado del medio ambiente, y lo estamos haciendo con los peque\u00f1os negocios, particularmente con los comerciantes locales, como los carniteros de Santa Rosa J\u00e1uregui\u201d Declar\u00f3 del Prete.\u00a0<\/span><\/p>\n<\/div>\n<p><script>(function(d, s, id) {\n  var js, fjs = d.getElementsByTagName(s)[0];\n  if (d.getElementById(id)) return;\n  js = d.createElement(s); js.id = id;\n  js.src = \"\/\/connect.facebook.net\/es_LA\/sdk.js#xfbml=1&appId=546007945598485&version=v2.3\";\n  fjs.parentNode.insertBefore(js, fjs);\n}(document, 'script', 'facebook-jssdk'));<\/script><\/p>\n","protected":false},"excerpt":{"rendered":"<p>Howard Salas\u00a0 Noticias \u00a0 Dentro del marco de la Feria de la Carnitas,\u00a0 por la conmemoraci\u00f3n por los 273 a\u00f1os de Santa Rosa J\u00e1uregui, Marco del Prete enfatiz\u00f3 su apoyo a los negocios de Carnitas, siendo que, derivado de la edici\u00f3n anterior de esta misma festiva, 8 carniteros recibieron un apoyo directo por parte de [&hellip;]<\/p>\n","protected":false},"author":2,"featured_media":55096,"comment_status":"","ping_status":"","sticky":false,"template":"","format":"standard","meta":{"_monsterinsights_skip_tracking":false,"_monsterinsights_sitenote_active":false,"_monsterinsights_sitenote_note":"","_monsterinsights_sitenote_category":0,"footnotes":""},"categories":[4],"tags":[],"class_list":["post-55095","post","type-post","status-publish","format-standard","has-post-thumbnail","hentry","category-queretaro"],"_links":{"self":[{"href":"https:\/\/informebajio.com.mx\/index.php?rest_route=\/wp\/v2\/posts\/55095","targetHints":{"allow":["GET"]}}],"collection":[{"href":"https:\/\/informebajio.com.mx\/index.php?rest_route=\/wp\/v2\/posts"}],"about":[{"href":"https:\/\/informebajio.com.mx\/index.php?rest_route=\/wp\/v2\/types\/post"}],"author":[{"embeddable":true,"href":"https:\/\/informebajio.com.mx\/index.php?rest_route=\/wp\/v2\/users\/2"}],"replies":[{"embeddable":true,"href":"https:\/\/informebajio.com.mx\/index.php?rest_route=%2Fwp%2Fv2%2Fcomments&post=55095"}],"version-history":[{"count":0,"href":"https:\/\/informebajio.com.mx\/index.php?rest_route=\/wp\/v2\/posts\/55095\/revisions"}],"wp:featuredmedia":[{"embeddable":true,"href":"https:\/\/informebajio.com.mx\/index.php?rest_route=\/wp\/v2\/media\/55096"}],"wp:attachment":[{"href":"https:\/\/informebajio.com.mx\/index.php?rest_route=%2Fwp%2Fv2%2Fmedia&parent=55095"}],"wp:term":[{"taxonomy":"category","embeddable":true,"href":"https:\/\/informebajio.com.mx\/index.php?rest_route=%2Fwp%2Fv2%2Fcategories&post=55095"},{"taxonomy":"post_tag","embeddable":true,"href":"https:\/\/informebajio.com.mx\/index.php?rest_route=%2Fwp%2Fv2%2Ftags&post=55095"}],"curies":[{"name":"wp","href":"https:\/\/api.w.org\/{rel}","templated":true}]}}