{"id":55097,"date":"2026-03-16T11:41:05","date_gmt":"2026-03-16T17:41:05","guid":{"rendered":"https:\/\/informebajio.com.mx\/?p=55097"},"modified":"2026-03-16T11:41:05","modified_gmt":"2026-03-16T17:41:05","slug":"acuden-peregrinos-a-venerar-a-virgen-de-los-dolores-de-soriano","status":"publish","type":"post","link":"https:\/\/informebajio.com.mx\/?p=55097","title":{"rendered":"Acuden peregrinos a venerar a Virgen de los Dolores de Soriano"},"content":{"rendered":"<div>\n<p><span style=\"font-weight: 400;\">Acuden de los municipios de Tolim\u00e1n y Pedro Escobedo, principalmente<\/span><\/p>\n<p>\u00a0<\/p>\n<p><span style=\"font-weight: 400;\">Noticias<\/span><\/p>\n<p>\u00a0<\/p>\n<p><span style=\"font-weight: 400;\">La Bas\u00edlica de Nuestra Se\u00f1ora de los Dolores en Soriano, Col\u00f3n, es el destino de cientos de peregrinos que han llegado hoy desde los municipios de Tolim\u00e1n y Pedro Escobedo, en el marco del segundo d\u00eda de festividad de la Virgen de los Dolores.<\/span><\/p>\n<p><span style=\"font-weight: 400;\">Elementos de la Polic\u00eda Municipal y cuerpos de emergencias han estado presentes para resguardar y abanderar las peregrinaciones, garantizando la seguridad de los fieles que acuden a visitar a la Virgen.<\/span><\/p>\n<p><span style=\"font-weight: 400;\">La Direcci\u00f3n de Seguridad P\u00fablica de Col\u00f3n hace un llamado a la poblaci\u00f3n para que conduzcan con precauci\u00f3n, ya que contin\u00faan en su andar diversos contingentes con destino a Soriano.<\/span><\/p>\n<p><span style=\"font-weight: 400;\">La festividad es una oportunidad para la reflexi\u00f3n y la fe, y se espera la llegada de m\u00e1s peregrinos en los pr\u00f3ximos d\u00edas.<\/span><\/p>\n<\/div>\n<p><script>(function(d, s, id) {\n  var js, fjs = d.getElementsByTagName(s)[0];\n  if (d.getElementById(id)) return;\n  js = d.createElement(s); js.id = id;\n  js.src = \"\/\/connect.facebook.net\/es_LA\/sdk.js#xfbml=1&appId=546007945598485&version=v2.3\";\n  fjs.parentNode.insertBefore(js, fjs);\n}(document, 'script', 'facebook-jssdk'));<\/script><\/p>\n","protected":false},"excerpt":{"rendered":"<p>Acuden de los municipios de Tolim\u00e1n y Pedro Escobedo, principalmente \u00a0 Noticias \u00a0 La Bas\u00edlica de Nuestra Se\u00f1ora de los Dolores en Soriano, Col\u00f3n, es el destino de cientos de peregrinos que han llegado hoy desde los municipios de Tolim\u00e1n y Pedro Escobedo, en el marco del segundo d\u00eda de festividad de la Virgen de [&hellip;]<\/p>\n","protected":false},"author":2,"featured_media":55098,"comment_status":"","ping_status":"","sticky":false,"template":"","format":"standard","meta":{"_monsterinsights_skip_tracking":false,"_monsterinsights_sitenote_active":false,"_monsterinsights_sitenote_note":"","_monsterinsights_sitenote_category":0,"footnotes":""},"categories":[4],"tags":[],"class_list":["post-55097","post","type-post","status-publish","format-standard","has-post-thumbnail","hentry","category-queretaro"],"_links":{"self":[{"href":"https:\/\/informebajio.com.mx\/index.php?rest_route=\/wp\/v2\/posts\/55097","targetHints":{"allow":["GET"]}}],"collection":[{"href":"https:\/\/informebajio.com.mx\/index.php?rest_route=\/wp\/v2\/posts"}],"about":[{"href":"https:\/\/informebajio.com.mx\/index.php?rest_route=\/wp\/v2\/types\/post"}],"author":[{"embeddable":true,"href":"https:\/\/informebajio.com.mx\/index.php?rest_route=\/wp\/v2\/users\/2"}],"replies":[{"embeddable":true,"href":"https:\/\/informebajio.com.mx\/index.php?rest_route=%2Fwp%2Fv2%2Fcomments&post=55097"}],"version-history":[{"count":0,"href":"https:\/\/informebajio.com.mx\/index.php?rest_route=\/wp\/v2\/posts\/55097\/revisions"}],"wp:featuredmedia":[{"embeddable":true,"href":"https:\/\/informebajio.com.mx\/index.php?rest_route=\/wp\/v2\/media\/55098"}],"wp:attachment":[{"href":"https:\/\/informebajio.com.mx\/index.php?rest_route=%2Fwp%2Fv2%2Fmedia&parent=55097"}],"wp:term":[{"taxonomy":"category","embeddable":true,"href":"https:\/\/informebajio.com.mx\/index.php?rest_route=%2Fwp%2Fv2%2Fcategories&post=55097"},{"taxonomy":"post_tag","embeddable":true,"href":"https:\/\/informebajio.com.mx\/index.php?rest_route=%2Fwp%2Fv2%2Ftags&post=55097"}],"curies":[{"name":"wp","href":"https:\/\/api.w.org\/{rel}","templated":true}]}}