{"id":55099,"date":"2026-03-16T16:42:06","date_gmt":"2026-03-16T22:42:06","guid":{"rendered":"https:\/\/informebajio.com.mx\/?p=55099"},"modified":"2026-03-16T16:42:06","modified_gmt":"2026-03-16T22:42:06","slug":"invitan-al-festival-de-las-flores-en-amealco","status":"publish","type":"post","link":"https:\/\/informebajio.com.mx\/?p=55099","title":{"rendered":"Invitan al \u201cFestival de las Flores\u201d en Amealco"},"content":{"rendered":"<div>\n<p><span style=\"font-weight: 400;\">Diego Gonz\u00e1lez\u00a0<\/span><\/p>\n<p><span style=\"font-weight: 400;\">Noticias<\/span><\/p>\n<p>\u00a0<\/p>\n<p><span style=\"font-weight: 400;\">Talleres florales, exposiciones artesanales, m\u00fasica, danza, espect\u00e1culos art\u00edsticos y el certamen para la elecci\u00f3n de la Reina de Amealco 2026 son algunas de las actividades que se contemplan en el \u201cFestival de las Flores Amealco 2026\u201d, que se llevar\u00e1 a cabo este 21 y 22 de marzo.<\/span><\/p>\n<p><span style=\"font-weight: 400;\">De acuerdo con el programa del evento, de las 10:30 a las 20:00 horas se llevar\u00e1n a cabo distintas actividades el 21 de marzo, entre las que destacan taller de arreglos florales, pintura, velas de cera de abejas, bordado de list\u00f3n y textiles artesanales.<\/span><\/p>\n<p><span style=\"font-weight: 400;\">Tambi\u00e9n habr\u00e1 presentaciones de grupos como \u201cAllegro Academy\u201d, el Grupo Folkl\u00f3rico de Coroneo, Guanajuato, y \u201cEl As del Rayo\u201d; as\u00ed como el certamen para la elecci\u00f3n de la Reina de Amealco 2026.<\/span><\/p>\n<p><span style=\"font-weight: 400;\">Para el 22 de marzo se contemplan actividades en un horario de 10:00 a 16:30 horas, entre ellas talleres de orqu\u00eddeas y serigraf\u00eda, adem\u00e1s de presentaciones como un grupo de rock, un guitarrista vers\u00e1til, el tr\u00edo rom\u00e1ntico \u201cAmanecer\u201d y un grupo de baile moderno del municipio de Amealco, entre otras.<\/span><\/p>\n<p><span style=\"font-weight: 400;\">Para conocer a detalle los horarios y las actividades programadas, las personas interesadas pueden consultar el programa completo a trav\u00e9s de las redes sociales del municipio.<\/span><\/p>\n<\/div>\n<p><script>(function(d, s, id) {\n  var js, fjs = d.getElementsByTagName(s)[0];\n  if (d.getElementById(id)) return;\n  js = d.createElement(s); js.id = id;\n  js.src = \"\/\/connect.facebook.net\/es_LA\/sdk.js#xfbml=1&appId=546007945598485&version=v2.3\";\n  fjs.parentNode.insertBefore(js, fjs);\n}(document, 'script', 'facebook-jssdk'));<\/script><\/p>\n","protected":false},"excerpt":{"rendered":"<p>Diego Gonz\u00e1lez\u00a0 Noticias \u00a0 Talleres florales, exposiciones artesanales, m\u00fasica, danza, espect\u00e1culos art\u00edsticos y el certamen para la elecci\u00f3n de la Reina de Amealco 2026 son algunas de las actividades que se contemplan en el \u201cFestival de las Flores Amealco 2026\u201d, que se llevar\u00e1 a cabo este 21 y 22 de marzo. De acuerdo con el [&hellip;]<\/p>\n","protected":false},"author":2,"featured_media":55100,"comment_status":"","ping_status":"","sticky":false,"template":"","format":"standard","meta":{"_monsterinsights_skip_tracking":false,"_monsterinsights_sitenote_active":false,"_monsterinsights_sitenote_note":"","_monsterinsights_sitenote_category":0,"footnotes":""},"categories":[4],"tags":[],"class_list":["post-55099","post","type-post","status-publish","format-standard","has-post-thumbnail","hentry","category-queretaro"],"_links":{"self":[{"href":"https:\/\/informebajio.com.mx\/index.php?rest_route=\/wp\/v2\/posts\/55099","targetHints":{"allow":["GET"]}}],"collection":[{"href":"https:\/\/informebajio.com.mx\/index.php?rest_route=\/wp\/v2\/posts"}],"about":[{"href":"https:\/\/informebajio.com.mx\/index.php?rest_route=\/wp\/v2\/types\/post"}],"author":[{"embeddable":true,"href":"https:\/\/informebajio.com.mx\/index.php?rest_route=\/wp\/v2\/users\/2"}],"replies":[{"embeddable":true,"href":"https:\/\/informebajio.com.mx\/index.php?rest_route=%2Fwp%2Fv2%2Fcomments&post=55099"}],"version-history":[{"count":0,"href":"https:\/\/informebajio.com.mx\/index.php?rest_route=\/wp\/v2\/posts\/55099\/revisions"}],"wp:featuredmedia":[{"embeddable":true,"href":"https:\/\/informebajio.com.mx\/index.php?rest_route=\/wp\/v2\/media\/55100"}],"wp:attachment":[{"href":"https:\/\/informebajio.com.mx\/index.php?rest_route=%2Fwp%2Fv2%2Fmedia&parent=55099"}],"wp:term":[{"taxonomy":"category","embeddable":true,"href":"https:\/\/informebajio.com.mx\/index.php?rest_route=%2Fwp%2Fv2%2Fcategories&post=55099"},{"taxonomy":"post_tag","embeddable":true,"href":"https:\/\/informebajio.com.mx\/index.php?rest_route=%2Fwp%2Fv2%2Ftags&post=55099"}],"curies":[{"name":"wp","href":"https:\/\/api.w.org\/{rel}","templated":true}]}}