{"id":55851,"date":"2026-04-26T05:20:36","date_gmt":"2026-04-26T11:20:36","guid":{"rendered":"https:\/\/informebajio.com.mx\/?p=55851"},"modified":"2026-04-26T05:20:36","modified_gmt":"2026-04-26T11:20:36","slug":"presentan-el-libro-las-medidas-de-reparacion-en-el-juicio-de-amparo","status":"publish","type":"post","link":"https:\/\/informebajio.com.mx\/?p=55851","title":{"rendered":"Presentan el libro \u201cLas medidas de reparaci\u00f3n en el juicio de amparo\u201d\u00a0"},"content":{"rendered":"<div>\n<p><span style=\"font-weight: 400;\">Howard Salas\u00a0<\/span><\/p>\n<p><span style=\"font-weight: 400;\">Noticias\u00a0<\/span><\/p>\n<p>\u00a0<\/p>\n<p><span style=\"font-weight: 400;\">Fue llevada a cabo la presentaci\u00f3n de la Obra \u201cLas medidas de reparaci\u00f3n en el juicio de amparo\u201d escrita por el magistrado Rams\u00e9s S. Montoya, en un evento que reuni\u00f3 a integrantes del Poder Judicial, academia y comunidad jur\u00eddica. En la presentaci\u00f3n, se destac\u00f3, la importancia de repensar el juicio de amparo, no solo como un mecanismo de restituci\u00f3n formal de los derechos, sino como una herramienta capas de generar una reparaci\u00f3n integral, particularmente en casos de violaciones graves como la desaparici\u00f3n forzada.\u00a0<\/span><\/p>\n<p><span style=\"font-weight: 400;\">La magistrada Jenica Campos Ju\u00e1rez, resalt\u00f3, el enfoque humanista que tiene el texto, adjudic\u00e1ndose tambi\u00e9n la accesibilidad en el lenguaje, destacando como el autor explica conceptos complejos con claridad, al tiempo que mete reflexiones sobre la realidad de las v\u00edctimas en M\u00e9xico.<\/span><\/p>\n<p><span style=\"font-weight: 400;\">\u201cEste texto busca profundizar en el \u00e1mbito del derecho procesal constitucional moderno, pero su apuesta principal apunta a volver m\u00e1s humanitaria esa justicia constitucional en M\u00e9xico. En espec\u00edfico, el libro, de una manera muy sencilla, con un lenguaje muy claro y digerible, explica cu\u00e1l es la herramienta prevista en el sistema jur\u00eddico mexicano para impulsar la b\u00fasqueda inmediata de una persona desaparecida\u201d describi\u00f3 la magistrada.\u00a0<\/span><\/p>\n<p><span style=\"font-weight: 400;\">Por su parte, la magistrada, Am\u00e9rica Uribe Espa\u00f1a, puntualiz\u00f3 en que la obra plantea un cuestionamiento esencial, sobre el alcance real de la reparaci\u00f3n en casos de violaciones a los derechos humanos, indicando que el Poder Judicial, tiene que asumir un papel activo, en la reconstrucci\u00f3n del tejido social.\u00a0<\/span><\/p>\n<p><span style=\"font-weight: 400;\">\u201cEl autor nos explica que en casos de violaciones graves a derechos humanos, como es la desaparici\u00f3n forzada, que tanto nos duele todos los d\u00edas en este pa\u00eds, la reparaci\u00f3n no es un pago, es un proceso de pacificaci\u00f3n. La corrupci\u00f3n y la violencia crecen en el mismo jard\u00edn. Si las instituciones son d\u00e9biles, los derechos humanos se posan sobre un piso resbaladizo. El libro propone que el poder judicial debe ser el canal de pacificaci\u00f3n para reconstruir el tejido social\u201d abund\u00f3 Am\u00e9rica Uribe.\u00a0<\/span><\/p>\n<p><span style=\"font-weight: 400;\">En tanto, la jueza Sarai Mar\u00edn Jimeno distingui\u00f3 el libro, ya que trascendi\u00f3 lo acad\u00e9mico al hacer un llamado a humanizar el derecho, subrayando en que el juicio de amparo debe evolucionar para responder las necesidades reales de las v\u00edctimas y hacer a la justicia m\u00e1s cercana a la poblaci\u00f3n.\u00a0<\/span><\/p>\n<p><span style=\"font-weight: 400;\">\u201cNos invita a hacer del amparo un instrumento humano, un instrumento cercano y reparador (\u2026) un recordatorio para todos nosotros de que el juicio de amparo no es un expediente fr\u00edo, no es un juicio m\u00e1s, sino son personas que piden que no solo se detenga el acto que las lastim\u00f3, sino una reparaci\u00f3n que les devuelva la dignidad\u201d declar\u00f3 la jueza.\u00a0<\/span><\/p>\n<p><span style=\"font-weight: 400;\">Finalmente, el autor concluy\u00f3, reiterando que su obra lo que busca es abrir el debate sobre el papel del juicio de amparo en la actualidad, particularmente frente a contextos complicados, que piden soluciones jur\u00eddicas creativas, sensibles y apegadas a los principios constitucionales.\u00a0<\/span><\/p>\n<p><span style=\"font-weight: 400;\">\u201cTrata de ver si el juicio de amparo tiene, en algunos casos, la posibilidad de ir m\u00e1s all\u00e1 de la persona que acude al reclamo constitucional. Y la respuesta a la que yo planteo por lo menos reflexionar, y que, insisto, la Corte camin\u00f3 ya hacia all\u00e1, es decir que s\u00ed. Que s\u00ed es posible que el juicio de amparo, en algunos casos, pueda proteger m\u00e1s all\u00e1 de lo que tradicionalmente se piensa\u201d concluy\u00f3 Ramses S. Montoya.<\/span><\/p>\n<\/div>\n<p><script>(function(d, s, id) {\n  var js, fjs = d.getElementsByTagName(s)[0];\n  if (d.getElementById(id)) return;\n  js = d.createElement(s); js.id = id;\n  js.src = \"\/\/connect.facebook.net\/es_LA\/sdk.js#xfbml=1&appId=546007945598485&version=v2.3\";\n  fjs.parentNode.insertBefore(js, fjs);\n}(document, 'script', 'facebook-jssdk'));<\/script><\/p>\n","protected":false},"excerpt":{"rendered":"<p>Howard Salas\u00a0 Noticias\u00a0 \u00a0 Fue llevada a cabo la presentaci\u00f3n de la Obra \u201cLas medidas de reparaci\u00f3n en el juicio de amparo\u201d escrita por el magistrado Rams\u00e9s S. Montoya, en un evento que reuni\u00f3 a integrantes del Poder Judicial, academia y comunidad jur\u00eddica. En la presentaci\u00f3n, se destac\u00f3, la importancia de repensar el juicio de [&hellip;]<\/p>\n","protected":false},"author":2,"featured_media":55852,"comment_status":"","ping_status":"","sticky":false,"template":"","format":"standard","meta":{"_monsterinsights_skip_tracking":false,"_monsterinsights_sitenote_active":false,"_monsterinsights_sitenote_note":"","_monsterinsights_sitenote_category":0,"footnotes":""},"categories":[4],"tags":[],"class_list":["post-55851","post","type-post","status-publish","format-standard","has-post-thumbnail","hentry","category-queretaro"],"_links":{"self":[{"href":"https:\/\/informebajio.com.mx\/index.php?rest_route=\/wp\/v2\/posts\/55851","targetHints":{"allow":["GET"]}}],"collection":[{"href":"https:\/\/informebajio.com.mx\/index.php?rest_route=\/wp\/v2\/posts"}],"about":[{"href":"https:\/\/informebajio.com.mx\/index.php?rest_route=\/wp\/v2\/types\/post"}],"author":[{"embeddable":true,"href":"https:\/\/informebajio.com.mx\/index.php?rest_route=\/wp\/v2\/users\/2"}],"replies":[{"embeddable":true,"href":"https:\/\/informebajio.com.mx\/index.php?rest_route=%2Fwp%2Fv2%2Fcomments&post=55851"}],"version-history":[{"count":0,"href":"https:\/\/informebajio.com.mx\/index.php?rest_route=\/wp\/v2\/posts\/55851\/revisions"}],"wp:featuredmedia":[{"embeddable":true,"href":"https:\/\/informebajio.com.mx\/index.php?rest_route=\/wp\/v2\/media\/55852"}],"wp:attachment":[{"href":"https:\/\/informebajio.com.mx\/index.php?rest_route=%2Fwp%2Fv2%2Fmedia&parent=55851"}],"wp:term":[{"taxonomy":"category","embeddable":true,"href":"https:\/\/informebajio.com.mx\/index.php?rest_route=%2Fwp%2Fv2%2Fcategories&post=55851"},{"taxonomy":"post_tag","embeddable":true,"href":"https:\/\/informebajio.com.mx\/index.php?rest_route=%2Fwp%2Fv2%2Ftags&post=55851"}],"curies":[{"name":"wp","href":"https:\/\/api.w.org\/{rel}","templated":true}]}}