{"id":55859,"date":"2026-04-26T15:21:25","date_gmt":"2026-04-26T21:21:25","guid":{"rendered":"https:\/\/informebajio.com.mx\/?p=55859"},"modified":"2026-04-26T15:21:25","modified_gmt":"2026-04-26T21:21:25","slug":"espera-leonor-mejia-impugnacion-a-identidad-de-genero","status":"publish","type":"post","link":"https:\/\/informebajio.com.mx\/?p=55859","title":{"rendered":"Espera Leonor Mej\u00eda impugnaci\u00f3n a Identidad de G\u00e9nero"},"content":{"rendered":"<div>\n<p><span style=\"font-weight: 400;\">Diego Hern\u00e1ndez\u00a0<\/span><\/p>\n<p><span style=\"font-weight: 400;\">Noticias\u00a0<\/span><\/p>\n<p>\u00a0<\/p>\n<p><span style=\"font-weight: 400;\">Aunque se aprob\u00f3 en la Comisi\u00f3n de Administraci\u00f3n y Procuraci\u00f3n de Justicia del Congreso de Quer\u00e9taro, la iniciativa de Identidad de G\u00e9nero, la diputada por Acci\u00f3n Nacional, Leonor Mej\u00eda Barraza espera que la propuesta sea impugnada, destac\u00f3 que el proyecto no contempla a las infancias y es ah\u00ed donde puede ser echado para atr\u00e1s.<\/span><\/p>\n<p><span style=\"font-weight: 400;\">\u201cEntiendo que va a haber una impugnaci\u00f3n al final por parte de la Suprema Corte de Justicia de esta iniciativa, aunque pase o no pase. Entiendo que la Suprema Corte de Justicia la va a impugnar de todos modos por no incluir a las ni\u00f1as y ni\u00f1os\u201d.<\/span><\/p>\n<p><span style=\"font-weight: 400;\">En la sesi\u00f3n de comisi\u00f3n, aprobaron el proyecto los diputados Guillermo Vega Guerrero y Homero Barrera, sin embargo, Enrique Correa Sada se opuso a la propuesta, asegur\u00f3 que el proyecto dejaba varios vac\u00edos en distintos escenarios y desde su perspectiva no estaba completa.<\/span><\/p>\n<p><span style=\"font-weight: 400;\">Mej\u00eda Barraza inform\u00f3 que ella tampoco apoyar\u00e1 el proyecto, pero reconoci\u00f3 que el grupo parlamentario de Acci\u00f3n Nacional es la minor\u00eda, as\u00ed que depender\u00e1 de las dem\u00e1s fuerzas pol\u00edticas si esta propuesta es avalada o no.<\/span><\/p>\n<p><span style=\"font-weight: 400;\">Recordar que la intenci\u00f3n del proyecto es que las personas puedan decidir qu\u00e9 g\u00e9nero aparecer\u00e1 en sus documentos oficiales.<\/span><\/p>\n<p><span style=\"font-weight: 400;\">Sin embargo, Leonor Mej\u00eda defendi\u00f3 que no hay una inclusi\u00f3n a las infancias, por lo que esperar\u00eda que haya una impugnaci\u00f3n, asimismo, manifest\u00f3 que ella respalda la perspectiva enfocada en la biolog\u00eda de lo que es un hombre y una mujer.<\/span><\/p>\n<\/div>\n<p><script>(function(d, s, id) {\n  var js, fjs = d.getElementsByTagName(s)[0];\n  if (d.getElementById(id)) return;\n  js = d.createElement(s); js.id = id;\n  js.src = \"\/\/connect.facebook.net\/es_LA\/sdk.js#xfbml=1&appId=546007945598485&version=v2.3\";\n  fjs.parentNode.insertBefore(js, fjs);\n}(document, 'script', 'facebook-jssdk'));<\/script><\/p>\n","protected":false},"excerpt":{"rendered":"<p>Diego Hern\u00e1ndez\u00a0 Noticias\u00a0 \u00a0 Aunque se aprob\u00f3 en la Comisi\u00f3n de Administraci\u00f3n y Procuraci\u00f3n de Justicia del Congreso de Quer\u00e9taro, la iniciativa de Identidad de G\u00e9nero, la diputada por Acci\u00f3n Nacional, Leonor Mej\u00eda Barraza espera que la propuesta sea impugnada, destac\u00f3 que el proyecto no contempla a las infancias y es ah\u00ed donde puede ser [&hellip;]<\/p>\n","protected":false},"author":2,"featured_media":55860,"comment_status":"","ping_status":"","sticky":false,"template":"","format":"standard","meta":{"_monsterinsights_skip_tracking":false,"_monsterinsights_sitenote_active":false,"_monsterinsights_sitenote_note":"","_monsterinsights_sitenote_category":0,"footnotes":""},"categories":[4],"tags":[],"class_list":["post-55859","post","type-post","status-publish","format-standard","has-post-thumbnail","hentry","category-queretaro"],"_links":{"self":[{"href":"https:\/\/informebajio.com.mx\/index.php?rest_route=\/wp\/v2\/posts\/55859","targetHints":{"allow":["GET"]}}],"collection":[{"href":"https:\/\/informebajio.com.mx\/index.php?rest_route=\/wp\/v2\/posts"}],"about":[{"href":"https:\/\/informebajio.com.mx\/index.php?rest_route=\/wp\/v2\/types\/post"}],"author":[{"embeddable":true,"href":"https:\/\/informebajio.com.mx\/index.php?rest_route=\/wp\/v2\/users\/2"}],"replies":[{"embeddable":true,"href":"https:\/\/informebajio.com.mx\/index.php?rest_route=%2Fwp%2Fv2%2Fcomments&post=55859"}],"version-history":[{"count":0,"href":"https:\/\/informebajio.com.mx\/index.php?rest_route=\/wp\/v2\/posts\/55859\/revisions"}],"wp:featuredmedia":[{"embeddable":true,"href":"https:\/\/informebajio.com.mx\/index.php?rest_route=\/wp\/v2\/media\/55860"}],"wp:attachment":[{"href":"https:\/\/informebajio.com.mx\/index.php?rest_route=%2Fwp%2Fv2%2Fmedia&parent=55859"}],"wp:term":[{"taxonomy":"category","embeddable":true,"href":"https:\/\/informebajio.com.mx\/index.php?rest_route=%2Fwp%2Fv2%2Fcategories&post=55859"},{"taxonomy":"post_tag","embeddable":true,"href":"https:\/\/informebajio.com.mx\/index.php?rest_route=%2Fwp%2Fv2%2Ftags&post=55859"}],"curies":[{"name":"wp","href":"https:\/\/api.w.org\/{rel}","templated":true}]}}