{"id":55867,"date":"2026-04-27T06:25:15","date_gmt":"2026-04-27T12:25:15","guid":{"rendered":"https:\/\/informebajio.com.mx\/?p=55867"},"modified":"2026-04-27T06:25:15","modified_gmt":"2026-04-27T12:25:15","slug":"convoca-ine-queretaro-a-integrar-su-consejo-local-rumbo-a-2027","status":"publish","type":"post","link":"https:\/\/informebajio.com.mx\/?p=55867","title":{"rendered":"Convoca INE Quer\u00e9taro a integrar su Consejo Local rumbo a 2027"},"content":{"rendered":"<div>\n<p><span style=\"font-weight: 400;\">Nayeli Hern\u00e1ndez<\/span><\/p>\n<p><span style=\"font-weight: 400;\">Noticias\u00a0<\/span><\/p>\n<p>\u00a0<\/p>\n<p><span style=\"font-weight: 400;\">La vocal ejecutiva de la Junta Local del Instituto Nacional Electoral en Quer\u00e9taro, Mar\u00eda Luisa Flores Huerta, inform\u00f3 sobre la convocatoria para integrar el Consejo Local del organismo de cara al proceso electoral 2026-2027.<\/span><\/p>\n<p><span style=\"font-weight: 400;\">Explic\u00f3 que, a diferencia de otros procesos, no se busca una meta espec\u00edfica de participaci\u00f3n, sino incentivar que el mayor n\u00famero de ciudadanos se postule para ocupar seis cargos disponibles. Detall\u00f3 que la convocatoria estar\u00e1 abierta del 1 al 15 de mayo.\u00a0<\/span><\/p>\n<p><span style=\"font-weight: 400;\">\u201cSe est\u00e1 convocando a seis personas ciudadanas para que dos puedan integrarse como consejeras propietarias, y hay espacio de cuatro suplentes que entrar\u00e1n en funciones solo en caso de que alguna de los espacios propietarios quede vacante, de acuerdo con las f\u00f3rmulas que sean aprobadas, porque tenemos seis f\u00f3rmulas de consejer\u00edas. Esta convocatoria hay dos propietarias, que puede ser hombre o mujer, dos suplentes que pueden ser hombre o mujer, y otras dos suplentes que solamente es exclusiva para mujeres\u201d, explic\u00f3.<\/span><\/p>\n<p><span style=\"font-weight: 400;\">Aunque el proceso electoral inicia formalmente hasta septiembre de este a\u00f1o a nivel nacional, la funcionaria explic\u00f3 que la convocatoria se emite con anticipaci\u00f3n debido al proceso de revisi\u00f3n que realiza el Consejo General del INE, el cual incluye an\u00e1lisis documental y cumplimiento de requisitos.<\/span><\/p>\n<p><span style=\"font-weight: 400;\">Entre los requisitos debe cumplir est\u00e1 entregar una carta con exposici\u00f3n de motivos de porqu\u00e9 quieren ser consejeras, que sean ciudadanos mexicanos, que tengan la credencial para votar vigente y, por tanto, sus derechos pol\u00edtico-electorales vigentes, que acrediten dos a\u00f1os de residencia en el estado y que no hayan sido candidatas o, en su caso, dirigentes partidistas los tres a\u00f1os previos.\u00a0<\/span><\/p>\n<p><span style=\"font-weight: 400;\">\u201cSe hace una convocatoria de manera oportuna para que cuando inicie el proceso electoral, tengamos ya integrado debidamente el consejo, en el caso nuestro, en noviembre, porque esas personas consejeras, en su momento, junto con tu servidora, pues, har\u00e1n la designaci\u00f3n de las consejer\u00edas distritales para que los seis distritos que tenemos en Quer\u00e9taro puedan funcionar y puedan instalarse a partir del 1 de diciembre\u201d, abund\u00f3.<\/span><\/p>\n<p><span style=\"font-weight: 400;\">En cuanto a los requisitos, aclar\u00f3 que no se exige un nivel acad\u00e9mico espec\u00edfico, aunque s\u00ed se valoran conocimientos en materia electoral y experiencia en temas p\u00fablicos o sociales.<\/span><\/p>\n<p><span style=\"font-weight: 400;\">El registro se realizar\u00e1 en l\u00ednea (https:\/\/consejos.ine.mx\/) y posteriormente los aspirantes deber\u00e1n acudir a las oficinas del INE para el cotejo de documentos en un horario de 8:30 a 16:00 horas en el mismo periodo de registro; es decir, del 1 al 15 de mayo.<\/span><\/p>\n<p><span style=\"font-weight: 400;\">Finalmente, destac\u00f3 que estas consejer\u00edas tienen un car\u00e1cter ciudadano y participan en decisiones clave del proceso electoral, como la designaci\u00f3n de consejeros distritales y la supervisi\u00f3n de la organizaci\u00f3n de la jornada electoral.<\/span><\/p>\n<p><span style=\"font-weight: 400;\">\u201cEsta figura no recibe un sueldo, lo que tienen es asignada una dieta para que, obviamente, por los gastos que les implica el ejercicio de la funci\u00f3n, se les asigna una dieta, pero no son empleados, no hay una contrataci\u00f3n de empleados. Ellos siguen guardando su car\u00e1cter ciudadano, porque precisamente ese es el objeto de tener consejos, tanto locales como distritales, que est\u00e9n integrados a los cuerpos de decisi\u00f3n, a los \u00f3rganos colegiados, en este caso, seis personas, tanto a nivel local o en su momento lo ser\u00e1n los distritos, tomando decisiones sobre aspectos medulares del proceso electoral en representaci\u00f3n de la ciudadan\u00eda\u201d, destac\u00f3.<\/span><\/p>\n<p><span style=\"font-weight: 400;\">Adem\u00e1s, anunci\u00f3 que se realizar\u00e1n acciones de difusi\u00f3n dirigidas a grupos hist\u00f3ricamente marginados para incentivar su participaci\u00f3n en la convocatoria.<\/span><\/p>\n<\/div>\n<p><script>(function(d, s, id) {\n  var js, fjs = d.getElementsByTagName(s)[0];\n  if (d.getElementById(id)) return;\n  js = d.createElement(s); js.id = id;\n  js.src = \"\/\/connect.facebook.net\/es_LA\/sdk.js#xfbml=1&appId=546007945598485&version=v2.3\";\n  fjs.parentNode.insertBefore(js, fjs);\n}(document, 'script', 'facebook-jssdk'));<\/script><\/p>\n","protected":false},"excerpt":{"rendered":"<p>Nayeli Hern\u00e1ndez Noticias\u00a0 \u00a0 La vocal ejecutiva de la Junta Local del Instituto Nacional Electoral en Quer\u00e9taro, Mar\u00eda Luisa Flores Huerta, inform\u00f3 sobre la convocatoria para integrar el Consejo Local del organismo de cara al proceso electoral 2026-2027. Explic\u00f3 que, a diferencia de otros procesos, no se busca una meta espec\u00edfica de participaci\u00f3n, sino incentivar [&hellip;]<\/p>\n","protected":false},"author":2,"featured_media":55868,"comment_status":"","ping_status":"","sticky":false,"template":"","format":"standard","meta":{"_monsterinsights_skip_tracking":false,"_monsterinsights_sitenote_active":false,"_monsterinsights_sitenote_note":"","_monsterinsights_sitenote_category":0,"footnotes":""},"categories":[4],"tags":[],"class_list":["post-55867","post","type-post","status-publish","format-standard","has-post-thumbnail","hentry","category-queretaro"],"_links":{"self":[{"href":"https:\/\/informebajio.com.mx\/index.php?rest_route=\/wp\/v2\/posts\/55867","targetHints":{"allow":["GET"]}}],"collection":[{"href":"https:\/\/informebajio.com.mx\/index.php?rest_route=\/wp\/v2\/posts"}],"about":[{"href":"https:\/\/informebajio.com.mx\/index.php?rest_route=\/wp\/v2\/types\/post"}],"author":[{"embeddable":true,"href":"https:\/\/informebajio.com.mx\/index.php?rest_route=\/wp\/v2\/users\/2"}],"replies":[{"embeddable":true,"href":"https:\/\/informebajio.com.mx\/index.php?rest_route=%2Fwp%2Fv2%2Fcomments&post=55867"}],"version-history":[{"count":0,"href":"https:\/\/informebajio.com.mx\/index.php?rest_route=\/wp\/v2\/posts\/55867\/revisions"}],"wp:featuredmedia":[{"embeddable":true,"href":"https:\/\/informebajio.com.mx\/index.php?rest_route=\/wp\/v2\/media\/55868"}],"wp:attachment":[{"href":"https:\/\/informebajio.com.mx\/index.php?rest_route=%2Fwp%2Fv2%2Fmedia&parent=55867"}],"wp:term":[{"taxonomy":"category","embeddable":true,"href":"https:\/\/informebajio.com.mx\/index.php?rest_route=%2Fwp%2Fv2%2Fcategories&post=55867"},{"taxonomy":"post_tag","embeddable":true,"href":"https:\/\/informebajio.com.mx\/index.php?rest_route=%2Fwp%2Fv2%2Ftags&post=55867"}],"curies":[{"name":"wp","href":"https:\/\/api.w.org\/{rel}","templated":true}]}}