{"id":55875,"date":"2026-04-27T16:26:07","date_gmt":"2026-04-27T22:26:07","guid":{"rendered":"https:\/\/informebajio.com.mx\/?p=55875"},"modified":"2026-04-27T16:26:07","modified_gmt":"2026-04-27T22:26:07","slug":"comerciante-del-centro-vive-susto-por-un-individuo-armado","status":"publish","type":"post","link":"https:\/\/informebajio.com.mx\/?p=55875","title":{"rendered":"Comerciante del Centro vive susto por un individuo armado"},"content":{"rendered":"<div>\n<p><span style=\"font-weight: 400;\">Howard Salas\u00a0<\/span><\/p>\n<p><span style=\"font-weight: 400;\">Noticias<\/span><\/p>\n<p>\u00a0<\/p>\n<p><span style=\"font-weight: 400;\">Una joven comerciante relat\u00f3 el momento de tensi\u00f3n que vivi\u00f3 al interior de su negocio, luego de que un sujeto ingresara portando lo que parec\u00eda ser un arma, generando preocupaci\u00f3n por su seguridad. De acuerdo con su testimonio, los hechos sucedieron la noche del viernes, poco antes del cierre de su establecimiento.\u00a0<\/span><\/p>\n<p><span style=\"font-weight: 400;\">\u201cEstaba yo aqu\u00ed con un amigo, justamente, y entr\u00f3 un chico que se ve\u00eda bastante sospechoso, como que no hablaba y preguntaba de algunas cosas, pero como que muy ap\u00e1tico, esper\u00f3 hasta que se fuera a mi amigo para comprarme unos stickers y decirme: \u2018oye, \u00bfle puedo poner los stickers a la cosa que se los quiero poner aqu\u00ed adentro?\u201d, relat\u00f3 la comerciante.\u00a0<\/span><\/p>\n<p><span style=\"font-weight: 400;\">La situaci\u00f3n escal\u00f3 cuando el individuo sac\u00f3 un objeto con forma de arma. En un primer momento, la comerciante pens\u00f3 que se trataba de un objeto falso o decorativo; sin embargo, al observarlo con mayor detenimiento, percibi\u00f3 que ten\u00eda caracter\u00edsticas similares a un arma real.<\/span><\/p>\n<p><span style=\"font-weight: 400;\">\u201cY empieza a sacar un arma, pero yo pens\u00e9 que era una pistola como de encendedor o una funda de celular tipo pistola, que la tendr\u00eda nada m\u00e1s para llamar la atenci\u00f3n, pero no, cuando la saca s\u00ed se sent\u00eda como una pistola de verdad, era pesada como una pistola de verdad, se ve\u00eda como una pistola de verdad, y me dice: \u2018no te asustes, es de cosa deportiva\u201d narr\u00f3 Grecia, due\u00f1a del comercio.\u00a0<\/span><\/p>\n<p><span style=\"font-weight: 400;\">Ante el temor, opt\u00f3 por mantener la calma y tratar de agilizar la salida del sujeto del negocio. Incluso, decidi\u00f3 obsequiarle un art\u00edculo para que se retirara lo antes posible y evitar una posible confrontaci\u00f3n. La joven se\u00f1al\u00f3 que, antes de retirarse, el individuo realiz\u00f3 un comentario en tono de broma sobre no mencionar el incidente como un asalto. Posteriormente, el mismo sujeto habr\u00eda interactuado en sus redes sociales asegurando que no ten\u00eda intenci\u00f3n de hacerle da\u00f1o, lo que la v\u00edctima calific\u00f3 como una \u201cbroma de mal gusto\u201d.<\/span><\/p>\n<p><span style=\"font-weight: 400;\">\u201dA lo que me dice: \u2018bueno, nada m\u00e1s, si haces un video de cosas raras que han pasado en tu tienda, no digas que te asalt\u00e9, ja, ja, ja (\u2026) Luego, esta persona coment\u00f3 en mis redes sociales justamente eso, que era de casa, que no ten\u00eda una intenci\u00f3n de usarla contra m\u00ed, pero s\u00ed fue una broma de muy mal gusto. No s\u00e9 a qui\u00e9n se le ocurre traer un arma de cacer\u00eda\u201d declar\u00f3 la vendedora.\u00a0<\/span><\/p>\n<p><span style=\"font-weight: 400;\">Tras lo ocurrido inform\u00f3 que dio aviso a elementos de seguridad, quienes le indicaron que, en caso de volver a verlo, realizara un reporte inmediato, ya que este tipo de objetos puede ser considerado como arma prohibida<\/span><\/p>\n<p><span style=\"font-weight: 400;\">\u201cBusqu\u00e9 a un polic\u00eda justamente para contarle la situaci\u00f3n. Me dijeron que si volv\u00eda, llamara r\u00e1pido para que s\u00ed lo detuvieran, porque entraba algo as\u00ed como en armas prohibidas. Me dijeron que en s\u00ed no era una pistola, si no era una pistola de verdad, de cualquier manera se consideraba un arma prohibida\u201d destac\u00f3.\u00a0<\/span><\/p>\n<p><span style=\"font-weight: 400;\">Cabe destacar, que la joven due\u00f1a de la tienda, mencion\u00f3 que previamente hab\u00eda sido v\u00edctima de acoso a trav\u00e9s de redes sociales; sin embargo, enfatiz\u00f3 que nunca hab\u00eda enfrentado una situaci\u00f3n de este nivel de riesgo dentro de su establecimiento.<\/span><\/p>\n<\/div>\n<p><script>(function(d, s, id) {\n  var js, fjs = d.getElementsByTagName(s)[0];\n  if (d.getElementById(id)) return;\n  js = d.createElement(s); js.id = id;\n  js.src = \"\/\/connect.facebook.net\/es_LA\/sdk.js#xfbml=1&appId=546007945598485&version=v2.3\";\n  fjs.parentNode.insertBefore(js, fjs);\n}(document, 'script', 'facebook-jssdk'));<\/script><\/p>\n","protected":false},"excerpt":{"rendered":"<p>Howard Salas\u00a0 Noticias \u00a0 Una joven comerciante relat\u00f3 el momento de tensi\u00f3n que vivi\u00f3 al interior de su negocio, luego de que un sujeto ingresara portando lo que parec\u00eda ser un arma, generando preocupaci\u00f3n por su seguridad. De acuerdo con su testimonio, los hechos sucedieron la noche del viernes, poco antes del cierre de su [&hellip;]<\/p>\n","protected":false},"author":2,"featured_media":55876,"comment_status":"","ping_status":"","sticky":false,"template":"","format":"standard","meta":{"_monsterinsights_skip_tracking":false,"_monsterinsights_sitenote_active":false,"_monsterinsights_sitenote_note":"","_monsterinsights_sitenote_category":0,"footnotes":""},"categories":[4],"tags":[],"class_list":["post-55875","post","type-post","status-publish","format-standard","has-post-thumbnail","hentry","category-queretaro"],"_links":{"self":[{"href":"https:\/\/informebajio.com.mx\/index.php?rest_route=\/wp\/v2\/posts\/55875","targetHints":{"allow":["GET"]}}],"collection":[{"href":"https:\/\/informebajio.com.mx\/index.php?rest_route=\/wp\/v2\/posts"}],"about":[{"href":"https:\/\/informebajio.com.mx\/index.php?rest_route=\/wp\/v2\/types\/post"}],"author":[{"embeddable":true,"href":"https:\/\/informebajio.com.mx\/index.php?rest_route=\/wp\/v2\/users\/2"}],"replies":[{"embeddable":true,"href":"https:\/\/informebajio.com.mx\/index.php?rest_route=%2Fwp%2Fv2%2Fcomments&post=55875"}],"version-history":[{"count":0,"href":"https:\/\/informebajio.com.mx\/index.php?rest_route=\/wp\/v2\/posts\/55875\/revisions"}],"wp:featuredmedia":[{"embeddable":true,"href":"https:\/\/informebajio.com.mx\/index.php?rest_route=\/wp\/v2\/media\/55876"}],"wp:attachment":[{"href":"https:\/\/informebajio.com.mx\/index.php?rest_route=%2Fwp%2Fv2%2Fmedia&parent=55875"}],"wp:term":[{"taxonomy":"category","embeddable":true,"href":"https:\/\/informebajio.com.mx\/index.php?rest_route=%2Fwp%2Fv2%2Fcategories&post=55875"},{"taxonomy":"post_tag","embeddable":true,"href":"https:\/\/informebajio.com.mx\/index.php?rest_route=%2Fwp%2Fv2%2Ftags&post=55875"}],"curies":[{"name":"wp","href":"https:\/\/api.w.org\/{rel}","templated":true}]}}