{"id":55881,"date":"2026-04-28T02:13:14","date_gmt":"2026-04-28T08:13:14","guid":{"rendered":"https:\/\/informebajio.com.mx\/?p=55881"},"modified":"2026-04-28T02:13:14","modified_gmt":"2026-04-28T08:13:14","slug":"atletico-de-san-luis-abrira-leagues-cup-ante-el-inter-de-miami","status":"publish","type":"post","link":"https:\/\/informebajio.com.mx\/?p=55881","title":{"rendered":"ATL\u00c9TICO DE SAN LUIS ABRIR\u00c1 LEAGUES CUP ANTE EL INTER DE MIAMI"},"content":{"rendered":"<div>\n<p>El conjunto potosino saltar\u00e1 a la cancha el pr\u00f3ximo 5 de agosto en el NU Stadium<\/p>\n<p>El Atl\u00e9tico de San Luis ya tiene definido su debut en la Leagues Cup 2026, donde enfrentar\u00e1 nada menos que al Inter de Miami en su primer compromiso del torneo.<\/p>\n<p>El conjunto potosino saltar\u00e1 a la cancha el pr\u00f3ximo 5 de agosto en el NU Stadium, en un duelo que genera expectativa por la posible presencia de Lionel Messi, dependiendo de su continuidad tras el Mundial 2026.<\/p>\n<p>Despu\u00e9s de ese arranque, el equipo viajar\u00e1 a Tennessee para medirse el 9 de agosto ante Nashville SC en el GEODIS Park. Su participaci\u00f3n en la primera fase cerrar\u00e1 el 12 de agosto frente a Orlando City SC, en el Inter&amp;Co Stadium.<\/p>\n<figure class=\"wp-block-image aligncenter size-large is-resized\"><img fetchpriority=\"high\" decoding=\"async\" width=\"633\" height=\"950\" src=\"https:\/\/b559124.smushcdn.com\/559124\/wp-content\/uploads\/2026\/04\/1000121616-633x950.jpg?lossy=2&amp;strip=1&amp;webp=1\" alt=\"\" class=\"wp-image-328053\" style=\"aspect-ratio:0.6662502602540079;width:586px;height:auto\" srcset=\"https:\/\/b559124.smushcdn.com\/559124\/wp-content\/uploads\/2026\/04\/1000121616-633x950.jpg?lossy=2&amp;strip=1&amp;webp=1 633w, https:\/\/b559124.smushcdn.com\/559124\/wp-content\/uploads\/2026\/04\/1000121616-400x600.jpg?lossy=2&amp;strip=1&amp;webp=1 400w, https:\/\/b559124.smushcdn.com\/559124\/wp-content\/uploads\/2026\/04\/1000121616-1023x1536.jpg?lossy=2&amp;strip=1&amp;webp=1 1023w, https:\/\/b559124.smushcdn.com\/559124\/wp-content\/uploads\/2026\/04\/1000121616-scaled.jpg?lossy=2&amp;strip=1&amp;webp=1 666w, https:\/\/b559124.smushcdn.com\/559124\/wp-content\/uploads\/2026\/04\/1000121616.jpg?size=160x240&amp;lossy=2&amp;strip=1&amp;webp=1 160w, https:\/\/b559124.smushcdn.com\/559124\/wp-content\/uploads\/2026\/04\/1000121616.jpg?size=320x480&amp;lossy=2&amp;strip=1&amp;webp=1 320w, https:\/\/b559124.smushcdn.com\/559124\/wp-content\/uploads\/2026\/04\/1000121616.jpg?size=480x720&amp;lossy=2&amp;strip=1&amp;webp=1 480w\" sizes=\"(max-width: 633px) 100vw, 633px\"\/><\/figure>\n<p>La competencia se disputar\u00e1 del 4 de agosto al 6 de septiembre, concentrando a clubes de la Liga MX y la MLS en un calendario intenso.<\/p>\n<p>El torneo mantendr\u00e1 su formato reciente: una primera etapa con m\u00faltiples encuentros entre ambas ligas, donde los mejores avanzar\u00e1n a la siguiente ronda.<\/p>\n<p>Posteriormente, comenzar\u00e1n los duelos de eliminaci\u00f3n directa hasta llegar a la gran final, en una competencia que ha tomado fuerza en los \u00faltimos a\u00f1os por la rivalidad entre equipos mexicanos y estadounidenses.<\/p>\n<p>Adem\u00e1s del t\u00edtulo, estar\u00e1 en juego el acceso a la Concacaf Champions Cup, donde los mejores clasificados obtendr\u00e1n su boleto, incluyendo un pase directo a octavos para el campe\u00f3n.<\/p>\n<figure class=\"wp-block-image aligncenter size-large is-resized\"><img loading=\"lazy\" decoding=\"async\" width=\"950\" height=\"633\" src=\"https:\/\/b559124.smushcdn.com\/559124\/wp-content\/uploads\/2026\/04\/1000121617-950x633.jpg?lossy=2&amp;strip=1&amp;webp=1\" alt=\"\" class=\"wp-image-328055 lazyload\" style=\"--smush-placeholder-width: 950px; --smush-placeholder-aspect-ratio: 950\/633;aspect-ratio:1.5008060970247692;width:624px;height:auto\" srcset=\"https:\/\/b559124.smushcdn.com\/559124\/wp-content\/uploads\/2026\/04\/1000121617-950x633.jpg?lossy=2&amp;strip=1&amp;webp=1 950w, https:\/\/b559124.smushcdn.com\/559124\/wp-content\/uploads\/2026\/04\/1000121617-600x400.jpg?lossy=2&amp;strip=1&amp;webp=1 600w, https:\/\/b559124.smushcdn.com\/559124\/wp-content\/uploads\/2026\/04\/1000121617-1536x1023.jpg?lossy=2&amp;strip=1&amp;webp=1 1536w, https:\/\/b559124.smushcdn.com\/559124\/wp-content\/uploads\/2026\/04\/1000121617-scaled.jpg?lossy=2&amp;strip=1&amp;webp=1 1000w, https:\/\/b559124.smushcdn.com\/559124\/wp-content\/uploads\/2026\/04\/1000121617.jpg?size=160x107&amp;lossy=2&amp;strip=1&amp;webp=1 160w, https:\/\/b559124.smushcdn.com\/559124\/wp-content\/uploads\/2026\/04\/1000121617.jpg?size=320x213&amp;lossy=2&amp;strip=1&amp;webp=1 320w, https:\/\/b559124.smushcdn.com\/559124\/wp-content\/uploads\/2026\/04\/1000121617.jpg?size=480x320&amp;lossy=2&amp;strip=1&amp;webp=1 480w, https:\/\/b559124.smushcdn.com\/559124\/wp-content\/uploads\/2026\/04\/1000121617.jpg?size=800x533&amp;lossy=2&amp;strip=1&amp;webp=1 800w\" data-sizes=\"auto\" data-original-sizes=\"(max-width: 950px) 100vw, 950px\"\/><\/figure>\n<\/p><\/div>\n<p><\/p>\n","protected":false},"excerpt":{"rendered":"<p>El conjunto potosino saltar\u00e1 a la cancha el pr\u00f3ximo 5 de agosto en el NU Stadium El Atl\u00e9tico de San Luis ya tiene definido su debut en la Leagues Cup 2026, donde enfrentar\u00e1 nada menos que al Inter de Miami en su primer compromiso del torneo. El conjunto potosino saltar\u00e1 a la cancha el pr\u00f3ximo [&hellip;]<\/p>\n","protected":false},"author":2,"featured_media":55882,"comment_status":"","ping_status":"","sticky":false,"template":"","format":"standard","meta":{"_monsterinsights_skip_tracking":false,"_monsterinsights_sitenote_active":false,"_monsterinsights_sitenote_note":"","_monsterinsights_sitenote_category":0,"footnotes":""},"categories":[5],"tags":[],"class_list":["post-55881","post","type-post","status-publish","format-standard","has-post-thumbnail","hentry","category-san-luis-potosi"],"_links":{"self":[{"href":"https:\/\/informebajio.com.mx\/index.php?rest_route=\/wp\/v2\/posts\/55881","targetHints":{"allow":["GET"]}}],"collection":[{"href":"https:\/\/informebajio.com.mx\/index.php?rest_route=\/wp\/v2\/posts"}],"about":[{"href":"https:\/\/informebajio.com.mx\/index.php?rest_route=\/wp\/v2\/types\/post"}],"author":[{"embeddable":true,"href":"https:\/\/informebajio.com.mx\/index.php?rest_route=\/wp\/v2\/users\/2"}],"replies":[{"embeddable":true,"href":"https:\/\/informebajio.com.mx\/index.php?rest_route=%2Fwp%2Fv2%2Fcomments&post=55881"}],"version-history":[{"count":0,"href":"https:\/\/informebajio.com.mx\/index.php?rest_route=\/wp\/v2\/posts\/55881\/revisions"}],"wp:featuredmedia":[{"embeddable":true,"href":"https:\/\/informebajio.com.mx\/index.php?rest_route=\/wp\/v2\/media\/55882"}],"wp:attachment":[{"href":"https:\/\/informebajio.com.mx\/index.php?rest_route=%2Fwp%2Fv2%2Fmedia&parent=55881"}],"wp:term":[{"taxonomy":"category","embeddable":true,"href":"https:\/\/informebajio.com.mx\/index.php?rest_route=%2Fwp%2Fv2%2Fcategories&post=55881"},{"taxonomy":"post_tag","embeddable":true,"href":"https:\/\/informebajio.com.mx\/index.php?rest_route=%2Fwp%2Fv2%2Ftags&post=55881"}],"curies":[{"name":"wp","href":"https:\/\/api.w.org\/{rel}","templated":true}]}}