{"id":55891,"date":"2026-04-28T12:33:54","date_gmt":"2026-04-28T18:33:54","guid":{"rendered":"https:\/\/informebajio.com.mx\/?p=55891"},"modified":"2026-04-28T12:33:54","modified_gmt":"2026-04-28T18:33:54","slug":"asumir-un-papel-de-buenos-pastores-mons-arias-montoya","status":"publish","type":"post","link":"https:\/\/informebajio.com.mx\/?p=55891","title":{"rendered":"Asumir un papel de \u201cbuenos pastores\u201d: Mons. Arias Montoya\u00a0"},"content":{"rendered":"<div>\n<p><span style=\"font-weight: 400;\">Por Jahaira Lara<\/span><\/p>\n<p><span style=\"font-weight: 400;\">Noticias<\/span><\/p>\n<p><span style=\"font-weight: 400;\">\u200b<\/span><\/p>\n<p><span style=\"font-weight: 400;\">Durante la celebraci\u00f3n eucar\u00edstica del Domingo del Buen Pastor desde la Catedral de Quer\u00e9taro, el vicario general de la Di\u00f3cesis de Quer\u00e9taro, Sacramento Arias Montoya, hizo un llamado a la coherencia \u00e9tica tanto en el servicio p\u00fablico como en el \u00e1mbito familiar.<\/span><\/p>\n<p><span style=\"font-weight: 400;\">Durante la homilia, en representaci\u00f3n del obispo diocesano, el cl\u00e9rigo subray\u00f3 que la responsabilidad de guiar y proteger a la comunidad no compete exclusivamente a la jerarqu\u00eda eclesi\u00e1stica, sino que involucra de manera directa a los gobernantes, maestros y padres de familia.<\/span><\/p>\n<p><span style=\"font-weight: 400;\">\u200bArias Montoya se\u00f1al\u00f3 que la figura del \u201cpastor\u201d debe trasladarse a la pr\u00e1ctica civil mediante la b\u00fasqueda del bien com\u00fan.<\/span><\/p>\n<p><span style=\"font-weight: 400;\">Al respecto, destac\u00f3 que las autoridades que resultaron electas tienen la misi\u00f3n irrenunciable de velar por la seguridad y el progreso de todos los sectores, sin distinciones; del mismo modo, exhort\u00f3 a los educadores y jefes de familia a no limitar su labor al sustento material, sino a priorizar la formaci\u00f3n espiritual y los valores humanos de quienes est\u00e1n bajo su cuidado.<\/span><\/p>\n<p><span style=\"font-weight: 400;\">\u200bAl administrar el sacramento de la Confirmaci\u00f3n, pidi\u00f3 a los j\u00f3venes una postura de firmeza frente a las presiones sociales contempor\u00e1neas, tras lamentar que existan ambientes donde la pr\u00e1ctica de la fe o la rectitud moral sean motivo de burla, por lo cual demand\u00f3 a los nuevos confirmados una identidad cristiana que se manifieste en la honestidad y el rechazo a la corrupci\u00f3n.<\/span><\/p>\n<p><span style=\"font-weight: 400;\">\u200b\u201dSon coherentes por su fe porque son personas honestas, porque son justos, porque son responsables, porque hacen bien las cosas. Hay ambientes dif\u00edciles, o porque no andan metidos en la mentira o la corrupci\u00f3n\u201d, expres\u00f3 el Vicario durante su intervenci\u00f3n.<\/span><\/p>\n<p><span style=\"font-weight: 400;\">El Vicario General alert\u00f3 sobre la p\u00e9rdida de criterios en el consumo de informaci\u00f3n. Critic\u00f3 que algunos sectores de la poblaci\u00f3n sigan doctrinas o mensajes sin fundamento s\u00f3lido y descuiden las orientaciones oficiales de la Iglesia.<\/span><\/p>\n<p><span style=\"font-weight: 400;\">Por ello, recomend\u00f3 el estudio de las cartas pastorales y documentos del Papa para mantener un criterio cr\u00edtico y fundamentado ante la realidad actual.<\/span><\/p>\n<p><span style=\"font-weight: 400;\">\u200bFinalmente, invit\u00f3 a la feligres\u00eda a aceptar la correcci\u00f3n y el consejo como herramientas de crecimiento; esto tras reiterar el exhort\u00f3 a que cada ciudadano, desde su trinchera de responsabilidad, se convierta en un instrumento de bienestar que refleje cuidado y protecci\u00f3n hacia el pr\u00f3jimo.<\/span><\/p>\n<\/div>\n<p><script>(function(d, s, id) {\n  var js, fjs = d.getElementsByTagName(s)[0];\n  if (d.getElementById(id)) return;\n  js = d.createElement(s); js.id = id;\n  js.src = \"\/\/connect.facebook.net\/es_LA\/sdk.js#xfbml=1&appId=546007945598485&version=v2.3\";\n  fjs.parentNode.insertBefore(js, fjs);\n}(document, 'script', 'facebook-jssdk'));<\/script><\/p>\n","protected":false},"excerpt":{"rendered":"<p>Por Jahaira Lara Noticias \u200b Durante la celebraci\u00f3n eucar\u00edstica del Domingo del Buen Pastor desde la Catedral de Quer\u00e9taro, el vicario general de la Di\u00f3cesis de Quer\u00e9taro, Sacramento Arias Montoya, hizo un llamado a la coherencia \u00e9tica tanto en el servicio p\u00fablico como en el \u00e1mbito familiar. Durante la homilia, en representaci\u00f3n del obispo diocesano, [&hellip;]<\/p>\n","protected":false},"author":2,"featured_media":55892,"comment_status":"","ping_status":"","sticky":false,"template":"","format":"standard","meta":{"_monsterinsights_skip_tracking":false,"_monsterinsights_sitenote_active":false,"_monsterinsights_sitenote_note":"","_monsterinsights_sitenote_category":0,"footnotes":""},"categories":[4],"tags":[],"class_list":["post-55891","post","type-post","status-publish","format-standard","has-post-thumbnail","hentry","category-queretaro"],"_links":{"self":[{"href":"https:\/\/informebajio.com.mx\/index.php?rest_route=\/wp\/v2\/posts\/55891","targetHints":{"allow":["GET"]}}],"collection":[{"href":"https:\/\/informebajio.com.mx\/index.php?rest_route=\/wp\/v2\/posts"}],"about":[{"href":"https:\/\/informebajio.com.mx\/index.php?rest_route=\/wp\/v2\/types\/post"}],"author":[{"embeddable":true,"href":"https:\/\/informebajio.com.mx\/index.php?rest_route=\/wp\/v2\/users\/2"}],"replies":[{"embeddable":true,"href":"https:\/\/informebajio.com.mx\/index.php?rest_route=%2Fwp%2Fv2%2Fcomments&post=55891"}],"version-history":[{"count":0,"href":"https:\/\/informebajio.com.mx\/index.php?rest_route=\/wp\/v2\/posts\/55891\/revisions"}],"wp:featuredmedia":[{"embeddable":true,"href":"https:\/\/informebajio.com.mx\/index.php?rest_route=\/wp\/v2\/media\/55892"}],"wp:attachment":[{"href":"https:\/\/informebajio.com.mx\/index.php?rest_route=%2Fwp%2Fv2%2Fmedia&parent=55891"}],"wp:term":[{"taxonomy":"category","embeddable":true,"href":"https:\/\/informebajio.com.mx\/index.php?rest_route=%2Fwp%2Fv2%2Fcategories&post=55891"},{"taxonomy":"post_tag","embeddable":true,"href":"https:\/\/informebajio.com.mx\/index.php?rest_route=%2Fwp%2Fv2%2Ftags&post=55891"}],"curies":[{"name":"wp","href":"https:\/\/api.w.org\/{rel}","templated":true}]}}