{"id":55901,"date":"2026-04-29T03:18:18","date_gmt":"2026-04-29T09:18:18","guid":{"rendered":"https:\/\/informebajio.com.mx\/?p=55901"},"modified":"2026-04-29T03:18:18","modified_gmt":"2026-04-29T09:18:18","slug":"aprueba-comision-de-educacion-reforma-para-garantizar-y-fortalecer-la-seguridad-en-el-entorno-escolar-dip-crisogono-perez-lopez","status":"publish","type":"post","link":"https:\/\/informebajio.com.mx\/?p=55901","title":{"rendered":"APRUEBA COMISI\u00d3N DE EDUCACI\u00d3N REFORMA PARA GARANTIZAR Y FORTALECER LA SEGURIDAD EN EL ENTORNO ESCOLAR: DIP. CRIS\u00d3GONO P\u00c9REZ L\u00d3PEZ"},"content":{"rendered":"<div>\n<p>SE ESTABLECEN PROTOCOLOS DE COORDINACI\u00d3N PARA LA DETECCI\u00d3N OPORTUNA Y ATENCI\u00d3N DE HECHOS EN AGRAVIO DE LOS EDUCANDOS<\/p>\n<p>Las y los diputados integrantes de la Comisi\u00f3n de Educaci\u00f3n, Cultura, Ciencia y Tecnolog\u00eda del Congreso del Estado aprobaron una iniciativa de reforma la Ley de Educaci\u00f3n del Estado presentada por el diputado Luis Fernando G\u00e1mez Mac\u00edas y la ciudadana Irlanda Susana del Rio Contreras, para fortalecer la seguridad del alumnado en el entorno escolar.<\/p>\n<p>El diputado Cris\u00f3gono P\u00e9rez L\u00f3pez presidente de la comisi\u00f3n legislativa inform\u00f3 que se hicieron modificaciones a la iniciativa original que propon\u00eda crear el art\u00edculo 83 BIS, para que quedara integrada la materia de los protocolos en el art\u00edculo 83, luego de la opini\u00f3n de instancias diversas como la Secretar\u00eda de Educaci\u00f3n de Gobierno del Estado.<\/p>\n<p>As\u00ed, el art\u00edculo establece que \u201cen caso de que los docentes, el personal que labora en los planteles educativos, as\u00ed como las autoridades educativas tengan conocimiento de la comisi\u00f3n de alg\u00fan hecho que la ley se\u00f1ale como delito en agravio de los educandos, lo har\u00e1n del conocimiento inmediato de la autoridad correspondiente\u201d.<\/p>\n<figure class=\"wp-block-image aligncenter size-full is-resized\"><img fetchpriority=\"high\" decoding=\"async\" width=\"936\" height=\"648\" src=\"https:\/\/b559124.smushcdn.com\/559124\/wp-content\/uploads\/2026\/04\/1000121624.jpg?lossy=2&amp;strip=1&amp;webp=1\" alt=\"\" class=\"wp-image-328116\" style=\"aspect-ratio:1.4444507137617786;width:640px;height:auto\" srcset=\"https:\/\/b559124.smushcdn.com\/559124\/wp-content\/uploads\/2026\/04\/1000121624.jpg?lossy=2&amp;strip=1&amp;webp=1 936w, https:\/\/b559124.smushcdn.com\/559124\/wp-content\/uploads\/2026\/04\/1000121624.jpg?size=160x111&amp;lossy=2&amp;strip=1&amp;webp=1 160w, https:\/\/b559124.smushcdn.com\/559124\/wp-content\/uploads\/2026\/04\/1000121624.jpg?size=320x222&amp;lossy=2&amp;strip=1&amp;webp=1 320w, https:\/\/b559124.smushcdn.com\/559124\/wp-content\/uploads\/2026\/04\/1000121624.jpg?size=480x332&amp;lossy=2&amp;strip=1&amp;webp=1 480w, https:\/\/b559124.smushcdn.com\/559124\/wp-content\/uploads\/2026\/04\/1000121624.jpg?size=640x443&amp;lossy=2&amp;strip=1&amp;webp=1 640w, https:\/\/b559124.smushcdn.com\/559124\/wp-content\/uploads\/2026\/04\/1000121624.jpg?size=800x554&amp;lossy=2&amp;strip=1&amp;webp=1 800w\" sizes=\"(max-width: 936px) 100vw, 936px\"\/><\/figure>\n<p>Y se agrega: \u201csiguiendo los protocolos de actuaci\u00f3n que, para tal efecto, se emitan\u201d adem\u00e1s del siguiente p\u00e1rrafo: \u201cla omisi\u00f3n de esta obligaci\u00f3n ser\u00e1 sancionada conforme a la legislaci\u00f3n penal aplicable y a las disposiciones administrativas correspondientes, garantizando en todo momento el inter\u00e9s superior de la ni\u00f1ez\u201d.<\/p>\n<p>Y en cuanto al art\u00edculo 85, que propone la elaboraci\u00f3n de protocolos de actuaci\u00f3n con la participaci\u00f3n de diversas autoridades, quedar\u00eda con la siguiente redacci\u00f3n: \u201clos protocolos de actuaci\u00f3n que refiere el 83 de esta ley, entre otros, ser\u00e1n elaborados de manera conjunta por la autoridad educativa estatal, Fiscal\u00eda General del Estado, el Sistema Estatal para el Desarrollo Integral de la Familia, la Procuradur\u00eda de Protecci\u00f3n de Ni\u00f1as, Ni\u00f1os y Adolescentes del Estado, y la Comisi\u00f3n Estatal de Derechos Humanos\u201d. <\/p>\n<p>Para la prevenci\u00f3n y atenci\u00f3n de la violencia que se genere en el entorno escolar, familiar o comunitario contra cualquier integrante de la comunidad educativa para su detecci\u00f3n oportuna, y para la atenci\u00f3n de accidentes que se presenten en el plantel educativo. A su vez, determinar\u00e1 los mecanismos para la medici\u00f3n y resoluci\u00f3n pac\u00edfica de controversia que se presenten en los integrantes de la comunidad educativa. <\/p>\n<p>El dictamen ser\u00e1 enviado a consideraci\u00f3n del Pleno para su votaci\u00f3n.<\/p>\n<\/p><\/div>\n<p><\/p>\n","protected":false},"excerpt":{"rendered":"<p>SE ESTABLECEN PROTOCOLOS DE COORDINACI\u00d3N PARA LA DETECCI\u00d3N OPORTUNA Y ATENCI\u00d3N DE HECHOS EN AGRAVIO DE LOS EDUCANDOS Las y los diputados integrantes de la Comisi\u00f3n de Educaci\u00f3n, Cultura, Ciencia y Tecnolog\u00eda del Congreso del Estado aprobaron una iniciativa de reforma la Ley de Educaci\u00f3n del Estado presentada por el diputado Luis Fernando G\u00e1mez Mac\u00edas [&hellip;]<\/p>\n","protected":false},"author":2,"featured_media":55902,"comment_status":"","ping_status":"","sticky":false,"template":"","format":"standard","meta":{"_monsterinsights_skip_tracking":false,"_monsterinsights_sitenote_active":false,"_monsterinsights_sitenote_note":"","_monsterinsights_sitenote_category":0,"footnotes":""},"categories":[5],"tags":[],"class_list":["post-55901","post","type-post","status-publish","format-standard","has-post-thumbnail","hentry","category-san-luis-potosi"],"_links":{"self":[{"href":"https:\/\/informebajio.com.mx\/index.php?rest_route=\/wp\/v2\/posts\/55901","targetHints":{"allow":["GET"]}}],"collection":[{"href":"https:\/\/informebajio.com.mx\/index.php?rest_route=\/wp\/v2\/posts"}],"about":[{"href":"https:\/\/informebajio.com.mx\/index.php?rest_route=\/wp\/v2\/types\/post"}],"author":[{"embeddable":true,"href":"https:\/\/informebajio.com.mx\/index.php?rest_route=\/wp\/v2\/users\/2"}],"replies":[{"embeddable":true,"href":"https:\/\/informebajio.com.mx\/index.php?rest_route=%2Fwp%2Fv2%2Fcomments&post=55901"}],"version-history":[{"count":0,"href":"https:\/\/informebajio.com.mx\/index.php?rest_route=\/wp\/v2\/posts\/55901\/revisions"}],"wp:featuredmedia":[{"embeddable":true,"href":"https:\/\/informebajio.com.mx\/index.php?rest_route=\/wp\/v2\/media\/55902"}],"wp:attachment":[{"href":"https:\/\/informebajio.com.mx\/index.php?rest_route=%2Fwp%2Fv2%2Fmedia&parent=55901"}],"wp:term":[{"taxonomy":"category","embeddable":true,"href":"https:\/\/informebajio.com.mx\/index.php?rest_route=%2Fwp%2Fv2%2Fcategories&post=55901"},{"taxonomy":"post_tag","embeddable":true,"href":"https:\/\/informebajio.com.mx\/index.php?rest_route=%2Fwp%2Fv2%2Ftags&post=55901"}],"curies":[{"name":"wp","href":"https:\/\/api.w.org\/{rel}","templated":true}]}}